{"id":2848,"date":"2023-08-06T06:25:31","date_gmt":"2023-08-06T06:25:31","guid":{"rendered":"https:\/\/pornuestrolaredo.com\/?p=2848"},"modified":"2023-08-06T06:25:31","modified_gmt":"2023-08-06T06:25:31","slug":"hallan-muerta-a-mexicana-desaparecida-en-berlin","status":"publish","type":"post","link":"https:\/\/pornuestrolaredo.com\/?p=2848","title":{"rendered":"Hallan muerta a mexicana desaparecida en Berl\u00edn"},"content":{"rendered":"<p><strong><em>BERL\u00cdN.- <\/em><\/strong>El cuerpo de la mexicana Mar\u00eda Fernanda S\u00e1nchez, desaparecida en Berl\u00edn desde el mes pasado, fue hallado en un canal de la ciudad alemana, informaron autoridades.<\/p>\n<blockquote><p>Autoridades de Alemania informaron del hallazgo de una joven fallecida que corresponde con las caracter\u00edsticas de la mexicana Mar\u00eda Fernanda S\u00e1nchez; verifican identidad. La @EmbamexAle acompa\u00f1a a la familia de la joven&#8221;, inform\u00f3 la Secretar\u00eda de Relaciones Exteriores en redes sociales.<\/p><\/blockquote>\n<p>Asimismo, la Polic\u00eda de Berl\u00edn indic\u00f3 que fue un transe\u00fante quien localiz\u00f3 el cad\u00e1ver.<\/p>\n<blockquote><p>Alrededor de las 3:50 p. m. (hora local), un transe\u00fante not\u00f3 el cuerpo flotando en el canal Teltow cerca del puente Altglienicker y alert\u00f3 a la Polic\u00eda y a los Bomberos.<\/p><\/blockquote>\n<blockquote><p>De acuerdo con el conocimiento actual, no se puede asumir ninguna culpa de terceros. Las investigaciones de la polic\u00eda criminal est\u00e1n en curso&#8221;, indic\u00f3 la autoridad.<\/p><\/blockquote>\n<p>A trav\u00e9s de un comunicado, la familia de la joven lament\u00f3 el deceso, agradeci\u00f3 el apoyo y pidi\u00f3 respeto por este momento de duelo.<\/p>\n<blockquote><p>Con profundo dolor les informamos que el d\u00eda de hoy, 5 de agosto, la Polic\u00eda de Alemania confirm\u00f3 que nuestra hija Mar\u00eda Fernanda fue encontrada sin vida&#8221;, se\u00f1alaron en un bolet\u00edn enviado por la Secretar\u00eda de Relaciones Exteriores (SRE).<\/p><\/blockquote>\n<blockquote><p>Agradecemos el apoyo y la solidaridad. Pedimos respeto a la memoria de nuestra hija, a nuestro duelo y a nuestra privacidad. Agradecemos su discreci\u00f3n y comprensi\u00f3n&#8221;.<\/p><\/blockquote>\n<p>La Canciller Alicia B\u00e1rcena se solidariz\u00f3 con la familia y dijo que dar\u00e1 seguimiento a las indagatorias del caso.<\/p>\n<blockquote><p>Ante lo ocurrido a #Mar\u00edaFernandaSanchez acompa\u00f1amos, con respeto y solidaridad, a su familia en este dif\u00edcil y doloroso momento. Seguimos con ustedes. Daremos puntual seguimiento a la investigaci\u00f3n de lo ocurrido. Nuestro m\u00e1s sentido p\u00e9same&#8221;, public\u00f3 en X.<\/p><\/blockquote>\n<p>Mar\u00eda Fernanda, egresada del Tec de Monterrey y quien se encontraba en Berl\u00edn realizando estudios de maestr\u00eda en la Universidad de Europa, fue vista por \u00faltima vez el 22 de julio en Adlershof, un barrio al suroriente de la capital de Alemania. Algunos de sus familiares, incluidos sus padres, se trasladaron a la capital de Alemania y desde entonces manten\u00edan brigadas de b\u00fasqueda.<\/p>\n","protected":false},"excerpt":{"rendered":"<p>BERL\u00cdN.- El cuerpo de la mexicana Mar\u00eda Fernanda S\u00e1nchez, desaparecida en Berl\u00edn desde el mes pasado, fue hallado<\/p>\n","protected":false},"author":1,"featured_media":2850,"comment_status":"closed","ping_status":"closed","sticky":false,"template":"","format":"standard","meta":{"_crdt_document":"","_jetpack_memberships_contains_paid_content":false,"footnotes":"","jetpack_publicize_message":"","jetpack_publicize_feature_enabled":true,"jetpack_social_post_already_shared":true,"jetpack_social_options":{"image_generator_settings":{"template":"highway","default_image_id":0,"font":"","enabled":false},"version":2},"_wpas_customize_per_network":false},"categories":[9],"tags":[],"class_list":["post-2848","post","type-post","status-publish","format-standard","has-post-thumbnail","hentry","category-el-mundo"],"magazineBlocksPostFeaturedMedia":{"thumbnail":"https:\/\/pornuestrolaredo.com\/wp-content\/uploads\/2023\/08\/Stereo91-20230806-6-150x150.jpg","medium":"https:\/\/pornuestrolaredo.com\/wp-content\/uploads\/2023\/08\/Stereo91-20230806-6-300x170.jpg","medium_large":"https:\/\/pornuestrolaredo.com\/wp-content\/uploads\/2023\/08\/Stereo91-20230806-6-768x434.jpg","large":"https:\/\/pornuestrolaredo.com\/wp-content\/uploads\/2023\/08\/Stereo91-20230806-6.jpg","1536x1536":"https:\/\/pornuestrolaredo.com\/wp-content\/uploads\/2023\/08\/Stereo91-20230806-6.jpg","2048x2048":"https:\/\/pornuestrolaredo.com\/wp-content\/uploads\/2023\/08\/Stereo91-20230806-6.jpg","morenews-large":"https:\/\/pornuestrolaredo.com\/wp-content\/uploads\/2023\/08\/Stereo91-20230806-6.jpg","morenews-medium":"https:\/\/pornuestrolaredo.com\/wp-content\/uploads\/2023\/08\/Stereo91-20230806-6.jpg"},"magazineBlocksPostAuthor":{"name":"Redactor","avatar":"https:\/\/pornuestrolaredo.com\/wp-content\/litespeed\/avatar\/dca1d7ec750c399f025f23b0b314f4cf.jpg?ver=1777007253"},"magazineBlocksPostCommentsNumber":false,"magazineBlocksPostExcerpt":"BERL\u00cdN.- El cuerpo de la mexicana Mar\u00eda Fernanda S\u00e1nchez, desaparecida en Berl\u00edn desde el mes pasado, fue hallado","magazineBlocksPostCategories":["El Mundo"],"magazineBlocksPostViewCount":137,"magazineBlocksPostReadTime":2,"magazine_blocks_featured_image_url":{"full":["https:\/\/pornuestrolaredo.com\/wp-content\/uploads\/2023\/08\/Stereo91-20230806-6.jpg",900,509,false],"medium":["https:\/\/pornuestrolaredo.com\/wp-content\/uploads\/2023\/08\/Stereo91-20230806-6-300x170.jpg",300,170,true],"thumbnail":["https:\/\/pornuestrolaredo.com\/wp-content\/uploads\/2023\/08\/Stereo91-20230806-6-150x150.jpg",150,150,true]},"magazine_blocks_author":{"display_name":"Redactor","author_link":"https:\/\/pornuestrolaredo.com\/?author=1"},"magazine_blocks_comment":0,"magazine_blocks_author_image":"https:\/\/pornuestrolaredo.com\/wp-content\/litespeed\/avatar\/dca1d7ec750c399f025f23b0b314f4cf.jpg?ver=1777007253","magazine_blocks_category":"<a href=\"#\" class=\"category-link category-link-9\">El Mundo<\/a>","jetpack_publicize_connections":[],"featured_image_urls":{"full":["https:\/\/pornuestrolaredo.com\/wp-content\/uploads\/2023\/08\/Stereo91-20230806-6.jpg",900,509,false],"thumbnail":["https:\/\/pornuestrolaredo.com\/wp-content\/uploads\/2023\/08\/Stereo91-20230806-6-150x150.jpg",150,150,true],"medium":["https:\/\/pornuestrolaredo.com\/wp-content\/uploads\/2023\/08\/Stereo91-20230806-6-300x170.jpg",300,170,true],"medium_large":["https:\/\/pornuestrolaredo.com\/wp-content\/uploads\/2023\/08\/Stereo91-20230806-6-768x434.jpg",640,362,true],"large":["https:\/\/pornuestrolaredo.com\/wp-content\/uploads\/2023\/08\/Stereo91-20230806-6.jpg",640,362,false],"1536x1536":["https:\/\/pornuestrolaredo.com\/wp-content\/uploads\/2023\/08\/Stereo91-20230806-6.jpg",900,509,false],"2048x2048":["https:\/\/pornuestrolaredo.com\/wp-content\/uploads\/2023\/08\/Stereo91-20230806-6.jpg",900,509,false],"morenews-large":["https:\/\/pornuestrolaredo.com\/wp-content\/uploads\/2023\/08\/Stereo91-20230806-6.jpg",825,467,false],"morenews-medium":["https:\/\/pornuestrolaredo.com\/wp-content\/uploads\/2023\/08\/Stereo91-20230806-6.jpg",590,334,false]},"author_info":{"info":["Redactor"]},"category_info":"<a href=\"https:\/\/pornuestrolaredo.com\/?cat=9\" rel=\"category\">El Mundo<\/a>","tag_info":"El Mundo","comment_count":"0","jetpack_featured_media_url":"https:\/\/pornuestrolaredo.com\/wp-content\/uploads\/2023\/08\/Stereo91-20230806-6.jpg","jetpack_sharing_enabled":true,"_links":{"self":[{"href":"https:\/\/pornuestrolaredo.com\/index.php?rest_route=\/wp\/v2\/posts\/2848","targetHints":{"allow":["GET"]}}],"collection":[{"href":"https:\/\/pornuestrolaredo.com\/index.php?rest_route=\/wp\/v2\/posts"}],"about":[{"href":"https:\/\/pornuestrolaredo.com\/index.php?rest_route=\/wp\/v2\/types\/post"}],"author":[{"embeddable":true,"href":"https:\/\/pornuestrolaredo.com\/index.php?rest_route=\/wp\/v2\/users\/1"}],"replies":[{"embeddable":true,"href":"https:\/\/pornuestrolaredo.com\/index.php?rest_route=%2Fwp%2Fv2%2Fcomments&post=2848"}],"version-history":[{"count":1,"href":"https:\/\/pornuestrolaredo.com\/index.php?rest_route=\/wp\/v2\/posts\/2848\/revisions"}],"predecessor-version":[{"id":2849,"href":"https:\/\/pornuestrolaredo.com\/index.php?rest_route=\/wp\/v2\/posts\/2848\/revisions\/2849"}],"wp:featuredmedia":[{"embeddable":true,"href":"https:\/\/pornuestrolaredo.com\/index.php?rest_route=\/wp\/v2\/media\/2850"}],"wp:attachment":[{"href":"https:\/\/pornuestrolaredo.com\/index.php?rest_route=%2Fwp%2Fv2%2Fmedia&parent=2848"}],"wp:term":[{"taxonomy":"category","embeddable":true,"href":"https:\/\/pornuestrolaredo.com\/index.php?rest_route=%2Fwp%2Fv2%2Fcategories&post=2848"},{"taxonomy":"post_tag","embeddable":true,"href":"https:\/\/pornuestrolaredo.com\/index.php?rest_route=%2Fwp%2Fv2%2Ftags&post=2848"}],"curies":[{"name":"wp","href":"https:\/\/api.w.org\/{rel}","templated":true}]}}