{"id":285,"date":"2022-09-12T19:24:35","date_gmt":"2022-09-12T19:24:35","guid":{"rendered":"https:\/\/pornuestrolaredo.com\/?p=285"},"modified":"2022-09-12T19:24:35","modified_gmt":"2022-09-12T19:24:35","slug":"este-viernes-no-abriran-los-bancos%ef%bf%bc","status":"publish","type":"post","link":"https:\/\/pornuestrolaredo.com\/?p=285","title":{"rendered":"Este viernes no abrir\u00e1n los bancos\ufffc"},"content":{"rendered":"\n<p class=\"wp-block-paragraph\"><strong><em>CIUDAD DE M\u00c9XICO.- <\/em><\/strong>Ante las fiestas patrias por el D\u00eda de la Independencia en M\u00e9xico, de este 15 y 16 de septiembre, muchos usuarios se preguntan si abrir\u00e1n los bancos; aqu\u00ed te contamos si se contemplan como d\u00eda de asueto.<\/p>\n\n\n\n<p class=\"wp-block-paragraph\">De acuerdo con el calendario de la Comisi\u00f3n Nacional Bancaria y de Valores (CNBV) el d\u00eda 16 de septiembre es el \u00fanico d\u00eda inh\u00e1bil del mes, por lo que el pr\u00f3ximo viernes no habr\u00e1 servicio bancario. Esto significa que el 15 de septiembre s\u00ed abrir\u00e1n las diversas firmas bancarias que operar\u00e1n con normalidad.<\/p>\n\n\n\n<p class=\"wp-block-paragraph\">Asimismo, los siguientes d\u00edas feriados y que no abrir\u00e1n los bancos son: Mi\u00e9rcoles, 2 de noviembre: D\u00eda de Muertos. Lunes, 21 de noviembre: Aniversario de la Revoluci\u00f3n Mexicana. Lunes, 12 de diciembre: D\u00eda del Empleado Bancario. Domingo, 25 de diciembre: Navidad.<\/p>\n\n\n\n<p class=\"wp-block-paragraph\">Hoy en d\u00eda es menos preocupante que los bancos no abran en d\u00edas festivos. Muchas operaciones, como traspasos entre cuentas, retiros y dep\u00f3sitos se pueden hacer en los cajeros autom\u00e1ticos.<\/p>\n\n\n\n<p class=\"wp-block-paragraph\">Adem\u00e1s, los bancos cuentan con sus app, en los que se puede hacer casi todo lo que hace en una sucursal, como traspasos entre cuentas del mismo banco o a otras instituciones, pagos de servicios, de tarjetas o a empresas, pagos de cr\u00e9ditos, entre muchos otros tr\u00e1mites.<\/p>\n\n\n<p style=\"text-align:center\">\n<\/p><p class=\"has-text-align-center\"><strong>\u00bfC\u00d3MO SE PAGA EL 16 DE SEPTIEMBRE, DOBLE O TRIPLE?<\/strong><\/p>\n<p><\/p>\n\n\n<p class=\"wp-block-paragraph\">Si eres trabajador y tu patr\u00f3n te pide trabajar en un d\u00eda oficial no laborable, es importante que conozcas lo que se\u00f1ala el art\u00edculo 75 de la Ley Federal del Trabajo. <\/p>\n\n\n\n<blockquote class=\"wp-block-quote is-layout-flow wp-block-quote-is-layout-flow\"><p>Las y los trabajadores quedar\u00e1n obligados a prestar los servicios y tendr\u00e1n derecho a que se les pague, independientemente del salario que les corresponda por el descanso obligatorio, un salario doble por el servicio prestado&#8221;. <\/p><\/blockquote>\n\n\n\n<blockquote class=\"wp-block-quote is-layout-flow wp-block-quote-is-layout-flow\"><p>Adicional a lo anterior, si de acuerdo al calendario el d\u00eda de descanso obligatorio llegar\u00e1 a coincidir con el d\u00eda de descanso semanal, es decir el d\u00eda domingo, la o el patr\u00f3n deber\u00e1 de cubrirle al trabajador(a) el pago de la prima dominical que marca el art\u00edculo 71 de la Ley Federal del Trabajo el cual se\u00f1ala: Las y los trabajadores que presten servicio en d\u00eda domingo tendr\u00e1n derecho a una prima adicional de un veinticinco por ciento, por lo menos, sobre el salario de los d\u00edas ordinarios de trabajo. Derivado de lo anterior las y los trabajadores recibir\u00e1n el triple del salario por ese d\u00eda, m\u00e1s la prima dominical&#8221;.<\/p><\/blockquote>\n","protected":false},"excerpt":{"rendered":"<p>CIUDAD DE M\u00c9XICO.- Ante las fiestas patrias por el D\u00eda de la Independencia en M\u00e9xico, de este 15<\/p>\n","protected":false},"author":1,"featured_media":286,"comment_status":"open","ping_status":"open","sticky":false,"template":"","format":"standard","meta":{"_crdt_document":"","_jetpack_memberships_contains_paid_content":false,"footnotes":"","jetpack_publicize_message":"Sin embargo, muchas operaciones se pueden hacer por medio de los cajeros autom\u00e1tico o las app bancarias","jetpack_publicize_feature_enabled":true,"jetpack_social_post_already_shared":true,"jetpack_social_options":{"image_generator_settings":{"template":"highway","default_image_id":0,"font":"","enabled":false},"version":2},"_wpas_customize_per_network":false},"categories":[9],"tags":[],"class_list":["post-285","post","type-post","status-publish","format-standard","has-post-thumbnail","hentry","category-el-mundo"],"magazineBlocksPostFeaturedMedia":{"thumbnail":"https:\/\/pornuestrolaredo.com\/wp-content\/uploads\/2022\/09\/Stereo91-20220912-4-150x150.jpeg","medium":"https:\/\/pornuestrolaredo.com\/wp-content\/uploads\/2022\/09\/Stereo91-20220912-4-300x197.jpeg","medium_large":"https:\/\/pornuestrolaredo.com\/wp-content\/uploads\/2022\/09\/Stereo91-20220912-4.jpeg","large":"https:\/\/pornuestrolaredo.com\/wp-content\/uploads\/2022\/09\/Stereo91-20220912-4.jpeg","1536x1536":"https:\/\/pornuestrolaredo.com\/wp-content\/uploads\/2022\/09\/Stereo91-20220912-4.jpeg","2048x2048":"https:\/\/pornuestrolaredo.com\/wp-content\/uploads\/2022\/09\/Stereo91-20220912-4.jpeg","morenews-large":"https:\/\/pornuestrolaredo.com\/wp-content\/uploads\/2022\/09\/Stereo91-20220912-4.jpeg","morenews-medium":"https:\/\/pornuestrolaredo.com\/wp-content\/uploads\/2022\/09\/Stereo91-20220912-4.jpeg"},"magazineBlocksPostAuthor":{"name":"Redactor","avatar":"https:\/\/pornuestrolaredo.com\/wp-content\/litespeed\/avatar\/dca1d7ec750c399f025f23b0b314f4cf.jpg?ver=1777612120"},"magazineBlocksPostCommentsNumber":false,"magazineBlocksPostExcerpt":"CIUDAD DE M\u00c9XICO.- Ante las fiestas patrias por el D\u00eda de la Independencia en M\u00e9xico, de este 15","magazineBlocksPostCategories":["El Mundo"],"magazineBlocksPostViewCount":146,"magazineBlocksPostReadTime":3,"magazine_blocks_featured_image_url":{"full":["https:\/\/pornuestrolaredo.com\/wp-content\/uploads\/2022\/09\/Stereo91-20220912-4.jpeg",700,460,false],"medium":["https:\/\/pornuestrolaredo.com\/wp-content\/uploads\/2022\/09\/Stereo91-20220912-4-300x197.jpeg",300,197,true],"thumbnail":["https:\/\/pornuestrolaredo.com\/wp-content\/uploads\/2022\/09\/Stereo91-20220912-4-150x150.jpeg",150,150,true]},"magazine_blocks_author":{"display_name":"Redactor","author_link":"https:\/\/pornuestrolaredo.com\/?author=1"},"magazine_blocks_comment":0,"magazine_blocks_author_image":"https:\/\/pornuestrolaredo.com\/wp-content\/litespeed\/avatar\/dca1d7ec750c399f025f23b0b314f4cf.jpg?ver=1777612120","magazine_blocks_category":"<a href=\"#\" class=\"category-link category-link-9\">El Mundo<\/a>","jetpack_publicize_connections":[],"featured_image_urls":{"full":["https:\/\/pornuestrolaredo.com\/wp-content\/uploads\/2022\/09\/Stereo91-20220912-4.jpeg",700,460,false],"thumbnail":["https:\/\/pornuestrolaredo.com\/wp-content\/uploads\/2022\/09\/Stereo91-20220912-4-150x150.jpeg",150,150,true],"medium":["https:\/\/pornuestrolaredo.com\/wp-content\/uploads\/2022\/09\/Stereo91-20220912-4-300x197.jpeg",300,197,true],"medium_large":["https:\/\/pornuestrolaredo.com\/wp-content\/uploads\/2022\/09\/Stereo91-20220912-4.jpeg",640,421,false],"large":["https:\/\/pornuestrolaredo.com\/wp-content\/uploads\/2022\/09\/Stereo91-20220912-4.jpeg",640,421,false],"1536x1536":["https:\/\/pornuestrolaredo.com\/wp-content\/uploads\/2022\/09\/Stereo91-20220912-4.jpeg",700,460,false],"2048x2048":["https:\/\/pornuestrolaredo.com\/wp-content\/uploads\/2022\/09\/Stereo91-20220912-4.jpeg",700,460,false],"morenews-large":["https:\/\/pornuestrolaredo.com\/wp-content\/uploads\/2022\/09\/Stereo91-20220912-4.jpeg",700,460,false],"morenews-medium":["https:\/\/pornuestrolaredo.com\/wp-content\/uploads\/2022\/09\/Stereo91-20220912-4.jpeg",590,388,false]},"author_info":{"info":["Redactor"]},"category_info":"<a href=\"https:\/\/pornuestrolaredo.com\/?cat=9\" rel=\"category\">El Mundo<\/a>","tag_info":"El Mundo","comment_count":"0","jetpack_featured_media_url":"https:\/\/pornuestrolaredo.com\/wp-content\/uploads\/2022\/09\/Stereo91-20220912-4.jpeg","jetpack_sharing_enabled":true,"_links":{"self":[{"href":"https:\/\/pornuestrolaredo.com\/index.php?rest_route=\/wp\/v2\/posts\/285","targetHints":{"allow":["GET"]}}],"collection":[{"href":"https:\/\/pornuestrolaredo.com\/index.php?rest_route=\/wp\/v2\/posts"}],"about":[{"href":"https:\/\/pornuestrolaredo.com\/index.php?rest_route=\/wp\/v2\/types\/post"}],"author":[{"embeddable":true,"href":"https:\/\/pornuestrolaredo.com\/index.php?rest_route=\/wp\/v2\/users\/1"}],"replies":[{"embeddable":true,"href":"https:\/\/pornuestrolaredo.com\/index.php?rest_route=%2Fwp%2Fv2%2Fcomments&post=285"}],"version-history":[{"count":1,"href":"https:\/\/pornuestrolaredo.com\/index.php?rest_route=\/wp\/v2\/posts\/285\/revisions"}],"predecessor-version":[{"id":287,"href":"https:\/\/pornuestrolaredo.com\/index.php?rest_route=\/wp\/v2\/posts\/285\/revisions\/287"}],"wp:featuredmedia":[{"embeddable":true,"href":"https:\/\/pornuestrolaredo.com\/index.php?rest_route=\/wp\/v2\/media\/286"}],"wp:attachment":[{"href":"https:\/\/pornuestrolaredo.com\/index.php?rest_route=%2Fwp%2Fv2%2Fmedia&parent=285"}],"wp:term":[{"taxonomy":"category","embeddable":true,"href":"https:\/\/pornuestrolaredo.com\/index.php?rest_route=%2Fwp%2Fv2%2Fcategories&post=285"},{"taxonomy":"post_tag","embeddable":true,"href":"https:\/\/pornuestrolaredo.com\/index.php?rest_route=%2Fwp%2Fv2%2Ftags&post=285"}],"curies":[{"name":"wp","href":"https:\/\/api.w.org\/{rel}","templated":true}]}}