{"id":2851,"date":"2023-08-07T04:20:29","date_gmt":"2023-08-07T04:20:29","guid":{"rendered":"https:\/\/pornuestrolaredo.com\/?p=2851"},"modified":"2023-08-07T04:21:35","modified_gmt":"2023-08-07T04:21:35","slug":"2851","status":"publish","type":"post","link":"https:\/\/pornuestrolaredo.com\/?p=2851","title":{"rendered":"Vinculan a 230 ciudadanos con empresas a trav\u00e9s de Empleo en tu Colonia"},"content":{"rendered":"<p><strong>NUEVO LAREDO.-<\/strong> Este fin de semana se llev\u00f3 a cabo una edici\u00f3n m\u00e1s de \u201cEmpleo en tu colonia\u201d, en la plaza Hidalgo en el que empresas brindaron m\u00e1s de 800 vacantes para la poblaci\u00f3n que buscaba una opci\u00f3n laboral. <\/p>\n<p>Solo este a\u00f1o a trav\u00e9s del programa municipal y bolsa de empleo han sido vinculados 7 mil 616 ciudadanos con empresas que buscan cubrir un puesto dentro de la misma. <\/p>\n<p>Jaime Mireles de la Cruz, director de Comercio, Empleo y Pymes indic\u00f3 que fue la edici\u00f3n n\u00famero 40 de este 2023 en la que hubo una vinculaci\u00f3n de 230 ciudadanos con empresas.<\/p>\n<blockquote><p>Seguimos impulsando muy fuerte la generaci\u00f3n de empleo y la intenci\u00f3n es que los ciudadanos tengan m\u00e1s opciones en todos los eventos que hacemos\u201d, mencion\u00f3 Mireles de la Cruz, titular de la dependencia municipal.<\/p><\/blockquote>\n<p>Indic\u00f3 que existe la generaci\u00f3n de empleo debido a nuevas expansiones maquiladoras, instalaci\u00f3n de empresas y tiendas comerciales que han estado llegando a la ciudad. <\/p>\n<p>Fue desde las 9:00 de la ma\u00f1ana que representantes de empresas  maquiladoras, transportistas, agencias aduanales y comercios se instalaron en el que llegaron los ciudadanos para dejar su solicitud.<\/p>\n","protected":false},"excerpt":{"rendered":"<p>Solo este a\u00f1o a trav\u00e9s del programa municipal y bolsa de empleo han sido vinculados 7 mil 616 ciudadanos con empresas que buscan cubrir un puesto dentro de la misma. <\/p>\n","protected":false},"author":1,"featured_media":2852,"comment_status":"closed","ping_status":"closed","sticky":false,"template":"","format":"standard","meta":{"_crdt_document":"","_jetpack_memberships_contains_paid_content":false,"footnotes":"","jetpack_publicize_message":"","jetpack_publicize_feature_enabled":true,"jetpack_social_post_already_shared":true,"jetpack_social_options":{"image_generator_settings":{"template":"highway","default_image_id":0,"font":"","enabled":false},"version":2},"_wpas_customize_per_network":false},"categories":[4],"tags":[],"class_list":["post-2851","post","type-post","status-publish","format-standard","has-post-thumbnail","hentry","category-los-dos-laredos"],"magazineBlocksPostFeaturedMedia":{"thumbnail":"https:\/\/pornuestrolaredo.com\/wp-content\/uploads\/2023\/08\/Stereo91-20230806-8-150x150.jpg","medium":"https:\/\/pornuestrolaredo.com\/wp-content\/uploads\/2023\/08\/Stereo91-20230806-8-300x172.jpg","medium_large":"https:\/\/pornuestrolaredo.com\/wp-content\/uploads\/2023\/08\/Stereo91-20230806-8-768x439.jpg","large":"https:\/\/pornuestrolaredo.com\/wp-content\/uploads\/2023\/08\/Stereo91-20230806-8.jpg","1536x1536":"https:\/\/pornuestrolaredo.com\/wp-content\/uploads\/2023\/08\/Stereo91-20230806-8.jpg","2048x2048":"https:\/\/pornuestrolaredo.com\/wp-content\/uploads\/2023\/08\/Stereo91-20230806-8.jpg","morenews-large":"https:\/\/pornuestrolaredo.com\/wp-content\/uploads\/2023\/08\/Stereo91-20230806-8.jpg","morenews-medium":"https:\/\/pornuestrolaredo.com\/wp-content\/uploads\/2023\/08\/Stereo91-20230806-8.jpg"},"magazineBlocksPostAuthor":{"name":"Redactor","avatar":"https:\/\/pornuestrolaredo.com\/wp-content\/litespeed\/avatar\/dca1d7ec750c399f025f23b0b314f4cf.jpg?ver=1777007253"},"magazineBlocksPostCommentsNumber":false,"magazineBlocksPostExcerpt":"Solo este a\u00f1o a trav\u00e9s del programa municipal y bolsa de empleo han sido vinculados 7 mil 616 ciudadanos con empresas que buscan cubrir un puesto dentro de la misma. ","magazineBlocksPostCategories":["Los dos Laredos"],"magazineBlocksPostViewCount":125,"magazineBlocksPostReadTime":1,"magazine_blocks_featured_image_url":{"full":["https:\/\/pornuestrolaredo.com\/wp-content\/uploads\/2023\/08\/Stereo91-20230806-8.jpg",900,515,false],"medium":["https:\/\/pornuestrolaredo.com\/wp-content\/uploads\/2023\/08\/Stereo91-20230806-8-300x172.jpg",300,172,true],"thumbnail":["https:\/\/pornuestrolaredo.com\/wp-content\/uploads\/2023\/08\/Stereo91-20230806-8-150x150.jpg",150,150,true]},"magazine_blocks_author":{"display_name":"Redactor","author_link":"https:\/\/pornuestrolaredo.com\/?author=1"},"magazine_blocks_comment":0,"magazine_blocks_author_image":"https:\/\/pornuestrolaredo.com\/wp-content\/litespeed\/avatar\/dca1d7ec750c399f025f23b0b314f4cf.jpg?ver=1777007253","magazine_blocks_category":"<a href=\"#\" class=\"category-link category-link-4\">Los dos Laredos<\/a>","jetpack_publicize_connections":[],"featured_image_urls":{"full":["https:\/\/pornuestrolaredo.com\/wp-content\/uploads\/2023\/08\/Stereo91-20230806-8.jpg",900,515,false],"thumbnail":["https:\/\/pornuestrolaredo.com\/wp-content\/uploads\/2023\/08\/Stereo91-20230806-8-150x150.jpg",150,150,true],"medium":["https:\/\/pornuestrolaredo.com\/wp-content\/uploads\/2023\/08\/Stereo91-20230806-8-300x172.jpg",300,172,true],"medium_large":["https:\/\/pornuestrolaredo.com\/wp-content\/uploads\/2023\/08\/Stereo91-20230806-8-768x439.jpg",640,366,true],"large":["https:\/\/pornuestrolaredo.com\/wp-content\/uploads\/2023\/08\/Stereo91-20230806-8.jpg",640,366,false],"1536x1536":["https:\/\/pornuestrolaredo.com\/wp-content\/uploads\/2023\/08\/Stereo91-20230806-8.jpg",900,515,false],"2048x2048":["https:\/\/pornuestrolaredo.com\/wp-content\/uploads\/2023\/08\/Stereo91-20230806-8.jpg",900,515,false],"morenews-large":["https:\/\/pornuestrolaredo.com\/wp-content\/uploads\/2023\/08\/Stereo91-20230806-8.jpg",825,472,false],"morenews-medium":["https:\/\/pornuestrolaredo.com\/wp-content\/uploads\/2023\/08\/Stereo91-20230806-8.jpg",590,338,false]},"author_info":{"info":["Redactor"]},"category_info":"<a href=\"https:\/\/pornuestrolaredo.com\/?cat=4\" rel=\"category\">Los dos Laredos<\/a>","tag_info":"Los dos Laredos","comment_count":"0","jetpack_featured_media_url":"https:\/\/pornuestrolaredo.com\/wp-content\/uploads\/2023\/08\/Stereo91-20230806-8.jpg","jetpack_sharing_enabled":true,"_links":{"self":[{"href":"https:\/\/pornuestrolaredo.com\/index.php?rest_route=\/wp\/v2\/posts\/2851","targetHints":{"allow":["GET"]}}],"collection":[{"href":"https:\/\/pornuestrolaredo.com\/index.php?rest_route=\/wp\/v2\/posts"}],"about":[{"href":"https:\/\/pornuestrolaredo.com\/index.php?rest_route=\/wp\/v2\/types\/post"}],"author":[{"embeddable":true,"href":"https:\/\/pornuestrolaredo.com\/index.php?rest_route=\/wp\/v2\/users\/1"}],"replies":[{"embeddable":true,"href":"https:\/\/pornuestrolaredo.com\/index.php?rest_route=%2Fwp%2Fv2%2Fcomments&post=2851"}],"version-history":[{"count":3,"href":"https:\/\/pornuestrolaredo.com\/index.php?rest_route=\/wp\/v2\/posts\/2851\/revisions"}],"predecessor-version":[{"id":2855,"href":"https:\/\/pornuestrolaredo.com\/index.php?rest_route=\/wp\/v2\/posts\/2851\/revisions\/2855"}],"wp:featuredmedia":[{"embeddable":true,"href":"https:\/\/pornuestrolaredo.com\/index.php?rest_route=\/wp\/v2\/media\/2852"}],"wp:attachment":[{"href":"https:\/\/pornuestrolaredo.com\/index.php?rest_route=%2Fwp%2Fv2%2Fmedia&parent=2851"}],"wp:term":[{"taxonomy":"category","embeddable":true,"href":"https:\/\/pornuestrolaredo.com\/index.php?rest_route=%2Fwp%2Fv2%2Fcategories&post=2851"},{"taxonomy":"post_tag","embeddable":true,"href":"https:\/\/pornuestrolaredo.com\/index.php?rest_route=%2Fwp%2Fv2%2Ftags&post=2851"}],"curies":[{"name":"wp","href":"https:\/\/api.w.org\/{rel}","templated":true}]}}