{"id":2856,"date":"2023-08-08T07:08:08","date_gmt":"2023-08-08T07:08:08","guid":{"rendered":"https:\/\/pornuestrolaredo.com\/?p=2856"},"modified":"2023-08-08T07:08:08","modified_gmt":"2023-08-08T07:08:08","slug":"transformaran-el-parque-viveros","status":"publish","type":"post","link":"https:\/\/pornuestrolaredo.com\/?p=2856","title":{"rendered":"Transformar\u00e1n el Parque Viveros"},"content":{"rendered":"<p><strong>NUEVO LAREDO. &#8211; <\/strong><em>Para garantizar que las familias neolaredenses cuenten con espacios p\u00fablicos dignos y de calidad, el Gobierno Municipal invierte 65 millones 171 mil 473 pesos en la rehabilitaci\u00f3n y remodelaci\u00f3n del Parque Viveros, uno de los sitios m\u00e1s ic\u00f3nicos de Nuevo Laredo.<\/p>\n<p>La alcaldesa, Carmen Lilia Canturosas Villarreal, inform\u00f3 que esta obra comprende la remodelaci\u00f3n de la fachada y acceso al parque, rehabilitaci\u00f3n en la ciclov\u00eda, juegos infantiles e incluyentes, palapas, m\u00f3dulos de ba\u00f1os para adultos y ni\u00f1os, chapoteadero, por mencionar algunos.<\/p>\n<blockquote><p>En el Gobierno Municipal trabajamos fuertemente para darle un nuevo rostro a Nuevo Laredo, uno de \u00e9xito y desarrollo, para ello vamos a dignificar este espacio y completar la segunda etapa de la obra en el Zool\u00f3gico para mejorar la experiencia de quienes vienen a pasar en tiempo en familia a su vez de incentivar el turismo con mejores espacios recreativos\u201d, coment\u00f3.<\/p><\/blockquote>\n<p>El secretario de Obras P\u00fablicas, Carlos Germ\u00e1n de Anda Hern\u00e1ndez, explic\u00f3 que los juegos anteriores se retiraron porque ya cumplieron con su tiempo de vida \u00fatil, adem\u00e1s de que se extender\u00e1 un \u00e1rea de recreaci\u00f3n acu\u00e1tica.<\/p>\n<p>\u201cTendremos toboganes para los menores, un nuevo sistema de riego para la vegetaci\u00f3n que implementaremos, adem\u00e1s de un \u00e1rea de andadores que ser\u00e1 arborizada con bamb\u00fa y m\u00e1s trabajos importantes como nuevas luminarias para que los ciudadanos ya no tengan que usar sus celulares para ver en la noche\u201d, mencion\u00f3.<\/p>\n<p>Cristina Mac\u00edas, vecina del sector Viveros, asegur\u00f3 que gracias a la presidenta municipal los ciudadanos gozan de un Nuevo Laredo digno.<\/p>\n<blockquote><p>Es por nuestra alcaldesa que los neolaredenses tenemos una gran ciudad que ha cambiado mucho y para bien, ahora toca remodelar el Parque Viveros y s\u00e9 que todos estamos agradecidos porque lo van a mejorar\u201d, manifest\u00f3.<\/p><\/blockquote>\n<p>La obra tambi\u00e9n incluye la renovaci\u00f3n de los andadores principales y secundarios, banquetas exteriores, sistema de riego, cerca perimetral, red de alumbrado nuevo, atracciones acu\u00e1ticas, entre otras. <\/p>\n<p>Se espera que la remodelaci\u00f3n del Parque Viveros culmine a finales de este a\u00f1o y eventualmente, el Gobierno Municipal comunicar\u00e1 el cierre temporal del recinto por temas de construcci\u00f3n y seguridad.<\/p>\n","protected":false},"excerpt":{"rendered":"<p>Remodelar\u00e1n la fachada y acceso al parque, la ciclov\u00eda, instalar\u00e1n juegos infantiles e incluyentes, palapas, m\u00f3dulos de ba\u00f1os para adultos y ni\u00f1os y chapoteadero<\/p>\n","protected":false},"author":1,"featured_media":2859,"comment_status":"open","ping_status":"open","sticky":false,"template":"","format":"standard","meta":{"_crdt_document":"","_jetpack_memberships_contains_paid_content":false,"footnotes":"","jetpack_publicize_message":"","jetpack_publicize_feature_enabled":true,"jetpack_social_post_already_shared":true,"jetpack_social_options":{"image_generator_settings":{"template":"highway","default_image_id":0,"font":"","enabled":false},"version":2},"_wpas_customize_per_network":false},"categories":[4],"tags":[],"class_list":["post-2856","post","type-post","status-publish","format-standard","has-post-thumbnail","hentry","category-los-dos-laredos"],"magazineBlocksPostFeaturedMedia":{"thumbnail":"https:\/\/pornuestrolaredo.com\/wp-content\/uploads\/2023\/08\/PNL-20230808-2-150x150.jpg","medium":"https:\/\/pornuestrolaredo.com\/wp-content\/uploads\/2023\/08\/PNL-20230808-2-300x167.jpg","medium_large":"https:\/\/pornuestrolaredo.com\/wp-content\/uploads\/2023\/08\/PNL-20230808-2-768x428.jpg","large":"https:\/\/pornuestrolaredo.com\/wp-content\/uploads\/2023\/08\/PNL-20230808-2-1000x558.jpg","1536x1536":"https:\/\/pornuestrolaredo.com\/wp-content\/uploads\/2023\/08\/PNL-20230808-2.jpg","2048x2048":"https:\/\/pornuestrolaredo.com\/wp-content\/uploads\/2023\/08\/PNL-20230808-2.jpg","morenews-large":"https:\/\/pornuestrolaredo.com\/wp-content\/uploads\/2023\/08\/PNL-20230808-2.jpg","morenews-medium":"https:\/\/pornuestrolaredo.com\/wp-content\/uploads\/2023\/08\/PNL-20230808-2.jpg"},"magazineBlocksPostAuthor":{"name":"Redactor","avatar":"https:\/\/pornuestrolaredo.com\/wp-content\/litespeed\/avatar\/dca1d7ec750c399f025f23b0b314f4cf.jpg?ver=1777007253"},"magazineBlocksPostCommentsNumber":false,"magazineBlocksPostExcerpt":"Remodelar\u00e1n la fachada y acceso al parque, la ciclov\u00eda, instalar\u00e1n juegos infantiles e incluyentes, palapas, m\u00f3dulos de ba\u00f1os para adultos y ni\u00f1os y chapoteadero","magazineBlocksPostCategories":["Los dos Laredos"],"magazineBlocksPostViewCount":111,"magazineBlocksPostReadTime":2,"magazine_blocks_featured_image_url":{"full":["https:\/\/pornuestrolaredo.com\/wp-content\/uploads\/2023\/08\/PNL-20230808-2.jpg",1280,714,false],"medium":["https:\/\/pornuestrolaredo.com\/wp-content\/uploads\/2023\/08\/PNL-20230808-2-300x167.jpg",300,167,true],"thumbnail":["https:\/\/pornuestrolaredo.com\/wp-content\/uploads\/2023\/08\/PNL-20230808-2-150x150.jpg",150,150,true]},"magazine_blocks_author":{"display_name":"Redactor","author_link":"https:\/\/pornuestrolaredo.com\/?author=1"},"magazine_blocks_comment":0,"magazine_blocks_author_image":"https:\/\/pornuestrolaredo.com\/wp-content\/litespeed\/avatar\/dca1d7ec750c399f025f23b0b314f4cf.jpg?ver=1777007253","magazine_blocks_category":"<a href=\"#\" class=\"category-link category-link-4\">Los dos Laredos<\/a>","jetpack_publicize_connections":[],"featured_image_urls":{"full":["https:\/\/pornuestrolaredo.com\/wp-content\/uploads\/2023\/08\/PNL-20230808-2.jpg",1280,714,false],"thumbnail":["https:\/\/pornuestrolaredo.com\/wp-content\/uploads\/2023\/08\/PNL-20230808-2-150x150.jpg",150,150,true],"medium":["https:\/\/pornuestrolaredo.com\/wp-content\/uploads\/2023\/08\/PNL-20230808-2-300x167.jpg",300,167,true],"medium_large":["https:\/\/pornuestrolaredo.com\/wp-content\/uploads\/2023\/08\/PNL-20230808-2-768x428.jpg",640,357,true],"large":["https:\/\/pornuestrolaredo.com\/wp-content\/uploads\/2023\/08\/PNL-20230808-2-1000x558.jpg",640,357,true],"1536x1536":["https:\/\/pornuestrolaredo.com\/wp-content\/uploads\/2023\/08\/PNL-20230808-2.jpg",1280,714,false],"2048x2048":["https:\/\/pornuestrolaredo.com\/wp-content\/uploads\/2023\/08\/PNL-20230808-2.jpg",1280,714,false],"morenews-large":["https:\/\/pornuestrolaredo.com\/wp-content\/uploads\/2023\/08\/PNL-20230808-2.jpg",825,460,false],"morenews-medium":["https:\/\/pornuestrolaredo.com\/wp-content\/uploads\/2023\/08\/PNL-20230808-2.jpg",590,329,false]},"author_info":{"info":["Redactor"]},"category_info":"<a href=\"https:\/\/pornuestrolaredo.com\/?cat=4\" rel=\"category\">Los dos Laredos<\/a>","tag_info":"Los dos Laredos","comment_count":"0","jetpack_featured_media_url":"https:\/\/pornuestrolaredo.com\/wp-content\/uploads\/2023\/08\/PNL-20230808-2.jpg","jetpack_sharing_enabled":true,"_links":{"self":[{"href":"https:\/\/pornuestrolaredo.com\/index.php?rest_route=\/wp\/v2\/posts\/2856","targetHints":{"allow":["GET"]}}],"collection":[{"href":"https:\/\/pornuestrolaredo.com\/index.php?rest_route=\/wp\/v2\/posts"}],"about":[{"href":"https:\/\/pornuestrolaredo.com\/index.php?rest_route=\/wp\/v2\/types\/post"}],"author":[{"embeddable":true,"href":"https:\/\/pornuestrolaredo.com\/index.php?rest_route=\/wp\/v2\/users\/1"}],"replies":[{"embeddable":true,"href":"https:\/\/pornuestrolaredo.com\/index.php?rest_route=%2Fwp%2Fv2%2Fcomments&post=2856"}],"version-history":[{"count":3,"href":"https:\/\/pornuestrolaredo.com\/index.php?rest_route=\/wp\/v2\/posts\/2856\/revisions"}],"predecessor-version":[{"id":2860,"href":"https:\/\/pornuestrolaredo.com\/index.php?rest_route=\/wp\/v2\/posts\/2856\/revisions\/2860"}],"wp:featuredmedia":[{"embeddable":true,"href":"https:\/\/pornuestrolaredo.com\/index.php?rest_route=\/wp\/v2\/media\/2859"}],"wp:attachment":[{"href":"https:\/\/pornuestrolaredo.com\/index.php?rest_route=%2Fwp%2Fv2%2Fmedia&parent=2856"}],"wp:term":[{"taxonomy":"category","embeddable":true,"href":"https:\/\/pornuestrolaredo.com\/index.php?rest_route=%2Fwp%2Fv2%2Fcategories&post=2856"},{"taxonomy":"post_tag","embeddable":true,"href":"https:\/\/pornuestrolaredo.com\/index.php?rest_route=%2Fwp%2Fv2%2Ftags&post=2856"}],"curies":[{"name":"wp","href":"https:\/\/api.w.org\/{rel}","templated":true}]}}