{"id":2861,"date":"2023-08-08T07:13:30","date_gmt":"2023-08-08T07:13:30","guid":{"rendered":"https:\/\/pornuestrolaredo.com\/?p=2861"},"modified":"2023-08-08T07:13:30","modified_gmt":"2023-08-08T07:13:30","slug":"se-deja-picar-por-arana-para-convertirse-en-spider-man","status":"publish","type":"post","link":"https:\/\/pornuestrolaredo.com\/?p=2861","title":{"rendered":"Se deja picar por ara\u00f1a para convertirse en Spider-Man"},"content":{"rendered":"<p><strong><em>LA PAZ, Bolivia.-<\/em><\/strong> Tiene apenas 8 a\u00f1os, es fan de la serie de Spider-Man y sigue de cerca los pormenores de la vida de Peter Parker. En su mente qued\u00f3 grabada la escena en que es picado por un ar\u00e1cnido y esto le da s\u00faper poderes. As\u00ed que no dudo en hacer lo mismo. Este peque\u00f1o busc\u00f3 una ara\u00f1a para que lo picara\u2026<\/p>\n<p>Sin embargo, este peque\u00f1o originario de Vichuloma, Bolivia, no obtuvo los mismos resultados. Se dio cuenta, que las consecuencias eran dolorosas. \u00bfY los s\u00faper poderes? De acuerdo a informaci\u00f3n difundida por la agencia EFE, el peque\u00f1o empez\u00f3 a tener dolores musculares.<\/p>\n<p>Los hechos se registraron el pasado fin de semana, cuando el peque\u00f1o de 8 a\u00f1os jugaba cerca de un r\u00edo, fue ah\u00ed, que debajo de una piedra encontr\u00f3 una ara\u00f1a, por las caracter\u00edsticas; patas enjutas y cuerpos en forma de globo.<\/p>\n<p>El peque\u00f1\u00edn la puso en la palma de una de sus manos, le pic\u00f3 y se tom\u00f3 un tiempo para guardarla en un vaso.<\/p>\n<p>Tiempo despu\u00e9s empez\u00f3 la reacci\u00f3n. La mam\u00e1 preocupada por la condici\u00f3n del peque\u00f1o, lo traslad\u00f3 al centro de salud de la localidad y de ah\u00ed, seg\u00fan document\u00f3 la agencia EFE, fue llevado al Hospital General San Juan de Dios, al que ingres\u00f3 con car\u00e1cter de urgencia.<\/p>\n<p>Luego de que le suministraron los medicamentos, el peque\u00f1o se estabiliz\u00f3.<\/p>\n<p>El responsable del Programa de Enfermedades Zoon\u00f3ticas del Servicio Departamental de Salud (Sedes) de Oruro, Ernesto V\u00e1squez, alert\u00f3 a los padres sobre este tipo de cuestiones y pidi\u00f3 hacerle notar a\u00a0 los peque\u00f1os que son personajes ficticios. Y ninguna ara\u00f1a te va a convertir en un superh\u00e9roe como Spider-Man, ni ninguna capa te har\u00e1 volar como a Superman.<\/p>\n<p>En esta ocasi\u00f3n el peque\u00f1o no tuvo mayores consecuencias; sin embargo, el veneno de la ara\u00f1a viuda negra contiene qu\u00edmicos t\u00f3xicos. <\/p>\n<p>De acuerdo con el portal Medline Plus, \u201ces muy poco frecuente que una persona saludable muera por esta causa. Es posible que los ni\u00f1os peque\u00f1os, las personas muy enfermas y los ancianos no sobrevivan a una picadura de esta ara\u00f1a\u201d.<\/p>\n","protected":false},"excerpt":{"rendered":"<p>Ni\u00f1o boliviano termina en el hospital, luego de recibir el veneno de una viuda negra<\/p>\n","protected":false},"author":1,"featured_media":2862,"comment_status":"closed","ping_status":"closed","sticky":false,"template":"","format":"standard","meta":{"_crdt_document":"","_jetpack_memberships_contains_paid_content":false,"footnotes":"","jetpack_publicize_message":"","jetpack_publicize_feature_enabled":true,"jetpack_social_post_already_shared":true,"jetpack_social_options":{"image_generator_settings":{"template":"highway","default_image_id":0,"font":"","enabled":false},"version":2},"_wpas_customize_per_network":false},"categories":[9],"tags":[],"class_list":["post-2861","post","type-post","status-publish","format-standard","has-post-thumbnail","hentry","category-el-mundo"],"magazineBlocksPostFeaturedMedia":{"thumbnail":"https:\/\/pornuestrolaredo.com\/wp-content\/uploads\/2023\/08\/PNL-20230808-1-150x150.jpg","medium":"https:\/\/pornuestrolaredo.com\/wp-content\/uploads\/2023\/08\/PNL-20230808-1-300x168.jpg","medium_large":"https:\/\/pornuestrolaredo.com\/wp-content\/uploads\/2023\/08\/PNL-20230808-1-768x429.jpg","large":"https:\/\/pornuestrolaredo.com\/wp-content\/uploads\/2023\/08\/PNL-20230808-1.jpg","1536x1536":"https:\/\/pornuestrolaredo.com\/wp-content\/uploads\/2023\/08\/PNL-20230808-1.jpg","2048x2048":"https:\/\/pornuestrolaredo.com\/wp-content\/uploads\/2023\/08\/PNL-20230808-1.jpg","morenews-large":"https:\/\/pornuestrolaredo.com\/wp-content\/uploads\/2023\/08\/PNL-20230808-1.jpg","morenews-medium":"https:\/\/pornuestrolaredo.com\/wp-content\/uploads\/2023\/08\/PNL-20230808-1.jpg"},"magazineBlocksPostAuthor":{"name":"Redactor","avatar":"https:\/\/pornuestrolaredo.com\/wp-content\/litespeed\/avatar\/dca1d7ec750c399f025f23b0b314f4cf.jpg?ver=1777007253"},"magazineBlocksPostCommentsNumber":false,"magazineBlocksPostExcerpt":"Ni\u00f1o boliviano termina en el hospital, luego de recibir el veneno de una viuda negra","magazineBlocksPostCategories":["El Mundo"],"magazineBlocksPostViewCount":126,"magazineBlocksPostReadTime":2,"magazine_blocks_featured_image_url":{"full":["https:\/\/pornuestrolaredo.com\/wp-content\/uploads\/2023\/08\/PNL-20230808-1.jpg",850,475,false],"medium":["https:\/\/pornuestrolaredo.com\/wp-content\/uploads\/2023\/08\/PNL-20230808-1-300x168.jpg",300,168,true],"thumbnail":["https:\/\/pornuestrolaredo.com\/wp-content\/uploads\/2023\/08\/PNL-20230808-1-150x150.jpg",150,150,true]},"magazine_blocks_author":{"display_name":"Redactor","author_link":"https:\/\/pornuestrolaredo.com\/?author=1"},"magazine_blocks_comment":0,"magazine_blocks_author_image":"https:\/\/pornuestrolaredo.com\/wp-content\/litespeed\/avatar\/dca1d7ec750c399f025f23b0b314f4cf.jpg?ver=1777007253","magazine_blocks_category":"<a href=\"#\" class=\"category-link category-link-9\">El Mundo<\/a>","jetpack_publicize_connections":[],"featured_image_urls":{"full":["https:\/\/pornuestrolaredo.com\/wp-content\/uploads\/2023\/08\/PNL-20230808-1.jpg",850,475,false],"thumbnail":["https:\/\/pornuestrolaredo.com\/wp-content\/uploads\/2023\/08\/PNL-20230808-1-150x150.jpg",150,150,true],"medium":["https:\/\/pornuestrolaredo.com\/wp-content\/uploads\/2023\/08\/PNL-20230808-1-300x168.jpg",300,168,true],"medium_large":["https:\/\/pornuestrolaredo.com\/wp-content\/uploads\/2023\/08\/PNL-20230808-1-768x429.jpg",640,358,true],"large":["https:\/\/pornuestrolaredo.com\/wp-content\/uploads\/2023\/08\/PNL-20230808-1.jpg",640,358,false],"1536x1536":["https:\/\/pornuestrolaredo.com\/wp-content\/uploads\/2023\/08\/PNL-20230808-1.jpg",850,475,false],"2048x2048":["https:\/\/pornuestrolaredo.com\/wp-content\/uploads\/2023\/08\/PNL-20230808-1.jpg",850,475,false],"morenews-large":["https:\/\/pornuestrolaredo.com\/wp-content\/uploads\/2023\/08\/PNL-20230808-1.jpg",825,461,false],"morenews-medium":["https:\/\/pornuestrolaredo.com\/wp-content\/uploads\/2023\/08\/PNL-20230808-1.jpg",590,330,false]},"author_info":{"info":["Redactor"]},"category_info":"<a href=\"https:\/\/pornuestrolaredo.com\/?cat=9\" rel=\"category\">El Mundo<\/a>","tag_info":"El Mundo","comment_count":"0","jetpack_featured_media_url":"https:\/\/pornuestrolaredo.com\/wp-content\/uploads\/2023\/08\/PNL-20230808-1.jpg","jetpack_sharing_enabled":true,"_links":{"self":[{"href":"https:\/\/pornuestrolaredo.com\/index.php?rest_route=\/wp\/v2\/posts\/2861","targetHints":{"allow":["GET"]}}],"collection":[{"href":"https:\/\/pornuestrolaredo.com\/index.php?rest_route=\/wp\/v2\/posts"}],"about":[{"href":"https:\/\/pornuestrolaredo.com\/index.php?rest_route=\/wp\/v2\/types\/post"}],"author":[{"embeddable":true,"href":"https:\/\/pornuestrolaredo.com\/index.php?rest_route=\/wp\/v2\/users\/1"}],"replies":[{"embeddable":true,"href":"https:\/\/pornuestrolaredo.com\/index.php?rest_route=%2Fwp%2Fv2%2Fcomments&post=2861"}],"version-history":[{"count":1,"href":"https:\/\/pornuestrolaredo.com\/index.php?rest_route=\/wp\/v2\/posts\/2861\/revisions"}],"predecessor-version":[{"id":2863,"href":"https:\/\/pornuestrolaredo.com\/index.php?rest_route=\/wp\/v2\/posts\/2861\/revisions\/2863"}],"wp:featuredmedia":[{"embeddable":true,"href":"https:\/\/pornuestrolaredo.com\/index.php?rest_route=\/wp\/v2\/media\/2862"}],"wp:attachment":[{"href":"https:\/\/pornuestrolaredo.com\/index.php?rest_route=%2Fwp%2Fv2%2Fmedia&parent=2861"}],"wp:term":[{"taxonomy":"category","embeddable":true,"href":"https:\/\/pornuestrolaredo.com\/index.php?rest_route=%2Fwp%2Fv2%2Fcategories&post=2861"},{"taxonomy":"post_tag","embeddable":true,"href":"https:\/\/pornuestrolaredo.com\/index.php?rest_route=%2Fwp%2Fv2%2Ftags&post=2861"}],"curies":[{"name":"wp","href":"https:\/\/api.w.org\/{rel}","templated":true}]}}