{"id":2864,"date":"2023-08-08T07:18:32","date_gmt":"2023-08-08T07:18:32","guid":{"rendered":"https:\/\/pornuestrolaredo.com\/?p=2864"},"modified":"2023-08-08T07:18:32","modified_gmt":"2023-08-08T07:18:32","slug":"arranca-segunda-jornada-de-vacunacion-contra-el-vhp","status":"publish","type":"post","link":"https:\/\/pornuestrolaredo.com\/?p=2864","title":{"rendered":"Arranca segunda jornada de vacunaci\u00f3n contra el VHP"},"content":{"rendered":"<p><strong>NUEVO LAREDO.-<\/strong> Para completar el esquema de vacunaci\u00f3n en contra del Virus del Papiloma Humano (VPH), el Gobierno Municipal arranc\u00f3 la segunda jornada para aplicar el biol\u00f3gico a casi 5 mil ni\u00f1os y ni\u00f1as.<\/p>\n<p>La secretaria de Bienestar Social, Liliana Arjona Barocio, indic\u00f3 que los padres de familia est\u00e1n citados para mantener una gesti\u00f3n ordenada de las vacunas, pero en caso de que no puedan acudir, pueden hacerlo fuera de horario para que no pierdan la dosis.<\/p>\n<blockquote><p>La alcaldesa Carmen Lilia Canturosas Villarreal mantendr\u00e1 esta iniciativa para el pr\u00f3ximo a\u00f1o con la finalidad de brindar salud a los neolaredenses, es un compromiso que ella ejerce para que los menores tengan un futuro sano\u201d, recalc\u00f3.<\/p><\/blockquote>\n<p>Inform\u00f3 que la jornada ser\u00e1 hasta el viernes 11 de agosto en el Centro C\u00edvico \u201cCarlos Cant\u00fa Rosas\u201d con un horario de 8:00 AM a 1:00 PM.<\/p>\n<p>Maximiliano Cuevas Coronado, padre de familia, destac\u00f3 que gracias a estas iniciativas gratuitas se obtiene el beneficio de la prevenci\u00f3n ante las enfermedades, en este caso del VPH.<\/p>\n<blockquote><p>Agradezco mucho el apoyo del Gobierno Municipal, todo el tr\u00e1mite y la aplicaci\u00f3n, tanto de la primera como la segunda, todo fue muy r\u00e1pido, tard\u00e9 menos de 10 minutos en que vacunaran a mi hijo\u201d, expres\u00f3.<\/p><\/blockquote>\n<p>Clara Tenorio Olivares, agradeci\u00f3 a la presidenta municipal esta segunda campa\u00f1a de vacunaci\u00f3n contra el VPH con la que se beneficia su hijo.<\/p>\n<blockquote><p>Todo est\u00e1 muy bien con estos trabajos, el personal es muy amable y de verdad se agradece la disposici\u00f3n que tiene nuestra alcaldesa para acercarnos estos beneficios de manera gratuita\u201d, manifest\u00f3.<\/p><\/blockquote>\n<p>Esta jornada de vacunaci\u00f3n se logr\u00f3 gracias a la colaboraci\u00f3n entre el Municipio, organizaciones civiles y el sector privado.<\/p>\n","protected":false},"excerpt":{"rendered":"<p>Pretende el Gobierno Municipal proteger a a casi 5 mil ni\u00f1os y ni\u00f1as<\/p>\n","protected":false},"author":1,"featured_media":2865,"comment_status":"open","ping_status":"open","sticky":false,"template":"","format":"standard","meta":{"_crdt_document":"","_jetpack_memberships_contains_paid_content":false,"footnotes":"","jetpack_publicize_message":"","jetpack_publicize_feature_enabled":true,"jetpack_social_post_already_shared":true,"jetpack_social_options":{"image_generator_settings":{"template":"highway","default_image_id":0,"font":"","enabled":false},"version":2},"_wpas_customize_per_network":false},"categories":[4],"tags":[],"class_list":["post-2864","post","type-post","status-publish","format-standard","has-post-thumbnail","hentry","category-los-dos-laredos"],"magazineBlocksPostFeaturedMedia":{"thumbnail":"https:\/\/pornuestrolaredo.com\/wp-content\/uploads\/2023\/08\/PNL-20230808-4-150x150.jpg","medium":"https:\/\/pornuestrolaredo.com\/wp-content\/uploads\/2023\/08\/PNL-20230808-4-300x158.jpg","medium_large":"https:\/\/pornuestrolaredo.com\/wp-content\/uploads\/2023\/08\/PNL-20230808-4-768x404.jpg","large":"https:\/\/pornuestrolaredo.com\/wp-content\/uploads\/2023\/08\/PNL-20230808-4-1000x527.jpg","1536x1536":"https:\/\/pornuestrolaredo.com\/wp-content\/uploads\/2023\/08\/PNL-20230808-4.jpg","2048x2048":"https:\/\/pornuestrolaredo.com\/wp-content\/uploads\/2023\/08\/PNL-20230808-4.jpg","morenews-large":"https:\/\/pornuestrolaredo.com\/wp-content\/uploads\/2023\/08\/PNL-20230808-4.jpg","morenews-medium":"https:\/\/pornuestrolaredo.com\/wp-content\/uploads\/2023\/08\/PNL-20230808-4.jpg"},"magazineBlocksPostAuthor":{"name":"Redactor","avatar":"https:\/\/pornuestrolaredo.com\/wp-content\/litespeed\/avatar\/dca1d7ec750c399f025f23b0b314f4cf.jpg?ver=1777007253"},"magazineBlocksPostCommentsNumber":false,"magazineBlocksPostExcerpt":"Pretende el Gobierno Municipal proteger a a casi 5 mil ni\u00f1os y ni\u00f1as","magazineBlocksPostCategories":["Los dos Laredos"],"magazineBlocksPostViewCount":121,"magazineBlocksPostReadTime":2,"magazine_blocks_featured_image_url":{"full":["https:\/\/pornuestrolaredo.com\/wp-content\/uploads\/2023\/08\/PNL-20230808-4.jpg",1280,674,false],"medium":["https:\/\/pornuestrolaredo.com\/wp-content\/uploads\/2023\/08\/PNL-20230808-4-300x158.jpg",300,158,true],"thumbnail":["https:\/\/pornuestrolaredo.com\/wp-content\/uploads\/2023\/08\/PNL-20230808-4-150x150.jpg",150,150,true]},"magazine_blocks_author":{"display_name":"Redactor","author_link":"https:\/\/pornuestrolaredo.com\/?author=1"},"magazine_blocks_comment":0,"magazine_blocks_author_image":"https:\/\/pornuestrolaredo.com\/wp-content\/litespeed\/avatar\/dca1d7ec750c399f025f23b0b314f4cf.jpg?ver=1777007253","magazine_blocks_category":"<a href=\"#\" class=\"category-link category-link-4\">Los dos Laredos<\/a>","jetpack_publicize_connections":[],"featured_image_urls":{"full":["https:\/\/pornuestrolaredo.com\/wp-content\/uploads\/2023\/08\/PNL-20230808-4.jpg",1280,674,false],"thumbnail":["https:\/\/pornuestrolaredo.com\/wp-content\/uploads\/2023\/08\/PNL-20230808-4-150x150.jpg",150,150,true],"medium":["https:\/\/pornuestrolaredo.com\/wp-content\/uploads\/2023\/08\/PNL-20230808-4-300x158.jpg",300,158,true],"medium_large":["https:\/\/pornuestrolaredo.com\/wp-content\/uploads\/2023\/08\/PNL-20230808-4-768x404.jpg",640,337,true],"large":["https:\/\/pornuestrolaredo.com\/wp-content\/uploads\/2023\/08\/PNL-20230808-4-1000x527.jpg",640,337,true],"1536x1536":["https:\/\/pornuestrolaredo.com\/wp-content\/uploads\/2023\/08\/PNL-20230808-4.jpg",1280,674,false],"2048x2048":["https:\/\/pornuestrolaredo.com\/wp-content\/uploads\/2023\/08\/PNL-20230808-4.jpg",1280,674,false],"morenews-large":["https:\/\/pornuestrolaredo.com\/wp-content\/uploads\/2023\/08\/PNL-20230808-4.jpg",825,434,false],"morenews-medium":["https:\/\/pornuestrolaredo.com\/wp-content\/uploads\/2023\/08\/PNL-20230808-4.jpg",590,311,false]},"author_info":{"info":["Redactor"]},"category_info":"<a href=\"https:\/\/pornuestrolaredo.com\/?cat=4\" rel=\"category\">Los dos Laredos<\/a>","tag_info":"Los dos Laredos","comment_count":"0","jetpack_featured_media_url":"https:\/\/pornuestrolaredo.com\/wp-content\/uploads\/2023\/08\/PNL-20230808-4.jpg","jetpack_sharing_enabled":true,"_links":{"self":[{"href":"https:\/\/pornuestrolaredo.com\/index.php?rest_route=\/wp\/v2\/posts\/2864","targetHints":{"allow":["GET"]}}],"collection":[{"href":"https:\/\/pornuestrolaredo.com\/index.php?rest_route=\/wp\/v2\/posts"}],"about":[{"href":"https:\/\/pornuestrolaredo.com\/index.php?rest_route=\/wp\/v2\/types\/post"}],"author":[{"embeddable":true,"href":"https:\/\/pornuestrolaredo.com\/index.php?rest_route=\/wp\/v2\/users\/1"}],"replies":[{"embeddable":true,"href":"https:\/\/pornuestrolaredo.com\/index.php?rest_route=%2Fwp%2Fv2%2Fcomments&post=2864"}],"version-history":[{"count":1,"href":"https:\/\/pornuestrolaredo.com\/index.php?rest_route=\/wp\/v2\/posts\/2864\/revisions"}],"predecessor-version":[{"id":2866,"href":"https:\/\/pornuestrolaredo.com\/index.php?rest_route=\/wp\/v2\/posts\/2864\/revisions\/2866"}],"wp:featuredmedia":[{"embeddable":true,"href":"https:\/\/pornuestrolaredo.com\/index.php?rest_route=\/wp\/v2\/media\/2865"}],"wp:attachment":[{"href":"https:\/\/pornuestrolaredo.com\/index.php?rest_route=%2Fwp%2Fv2%2Fmedia&parent=2864"}],"wp:term":[{"taxonomy":"category","embeddable":true,"href":"https:\/\/pornuestrolaredo.com\/index.php?rest_route=%2Fwp%2Fv2%2Fcategories&post=2864"},{"taxonomy":"post_tag","embeddable":true,"href":"https:\/\/pornuestrolaredo.com\/index.php?rest_route=%2Fwp%2Fv2%2Ftags&post=2864"}],"curies":[{"name":"wp","href":"https:\/\/api.w.org\/{rel}","templated":true}]}}