{"id":2873,"date":"2023-08-08T19:16:42","date_gmt":"2023-08-08T19:16:42","guid":{"rendered":"https:\/\/pornuestrolaredo.com\/?p=2873"},"modified":"2023-08-08T19:16:42","modified_gmt":"2023-08-08T19:16:42","slug":"lanzara-rusia-primera-mision-a-la-luna-desde-1976","status":"publish","type":"post","link":"https:\/\/pornuestrolaredo.com\/?p=2873","title":{"rendered":"Lanzar\u00e1 Rusia primera misi\u00f3n a la Luna desde 1976"},"content":{"rendered":"<p><strong>MOSC\u00da.- <\/strong>Rusia lanzar\u00e1 el viernes su primera misi\u00f3n rob\u00f3tica a la Luna desde 1976, anunci\u00f3 al arranque de esta semana la agencia espacial Roscosmos.<\/p>\n<p>El despegue del m\u00f3dulo Luna-25 tendr\u00e1 lugar &#8220;el 11 de agosto a las 02:10 horas de Mosc\u00fa&#8221;, indic\u00f3 Roscosmos en un comunicado, en un momento en que potencias mundiales como Estados Unidos y China intensifican sus misiones hacia el sat\u00e9lite natural terrestre.<\/p>\n<p>Roscosmos indic\u00f3 adem\u00e1s que un Soyuz hab\u00eda sido &#8220;ensamblado&#8221; en la base espacial de Vostochni, en el extremo oriente del pa\u00eds, para el despegue de Luna-25, que deber\u00e1 descender cerca del polo sur de la Luna, un &#8220;terreno dif\u00edcil&#8221;.<\/p>\n<p>Est\u00e1 previsto que el vuelo tarde entre &#8220;cuatro d\u00edas y medio y cinco d\u00edas y medio&#8221;, seg\u00fan los datos publicados por Roscosmos y citados por la agencia de prensa oficial TASS.<br \/>\nUna vez en la Luna, el m\u00f3dulo, cuya masa es de 800 kilos, deber\u00e1 &#8220;tomar muestras y analizar el suelo, as\u00ed como llevar a cabo investigaciones cient\u00edficas a largo plazo&#8221;, se\u00f1al\u00f3 la agencia espacial en su comunicado.<\/p>\n<p>Se tratar\u00e1 de la primera misi\u00f3n del nuevo programa lunar de Rusia, que busca reforzar su cooperaci\u00f3n espacial con Beijing en medio de tensiones con las potencias espaciales occidentales por la ofensiva rusa en Ucrania.<\/p>\n<p>Tras el inicio de la operaci\u00f3n militar, la Agencia Espacial Europea (ESA) afirm\u00f3 que ya no cooperar\u00e1 con Rusia para el despegue de Luna-25, ni para futuras misiones.<\/p>\n<p>La \u00faltima misi\u00f3n lunar de la Uni\u00f3n Sovi\u00e9tica fue la de la sonda espacial Luna-24 en 1976. Pero desde la ca\u00edda de la URSS, Mosc\u00fa se enfrenta a una serie de dificultades para innovar en el sector, en el que han surgido nuevas iniciativas privadas, como Space X del multimillonario Elon Musk.<\/p>\n","protected":false},"excerpt":{"rendered":"<p>El m\u00f3dulo ruso alunizar\u00e1, recoger\u00e1 muestras y analizar\u00e1 el suelo lunar<\/p>\n","protected":false},"author":1,"featured_media":2874,"comment_status":"closed","ping_status":"closed","sticky":false,"template":"","format":"standard","meta":{"_crdt_document":"","_jetpack_memberships_contains_paid_content":false,"footnotes":"","jetpack_publicize_message":"","jetpack_publicize_feature_enabled":true,"jetpack_social_post_already_shared":true,"jetpack_social_options":{"image_generator_settings":{"template":"highway","default_image_id":0,"font":"","enabled":false},"version":2},"_wpas_customize_per_network":false},"categories":[9],"tags":[],"class_list":["post-2873","post","type-post","status-publish","format-standard","has-post-thumbnail","hentry","category-el-mundo"],"magazineBlocksPostFeaturedMedia":{"thumbnail":"https:\/\/pornuestrolaredo.com\/wp-content\/uploads\/2023\/08\/Stereo91-20230808-11-150x150.jpg","medium":"https:\/\/pornuestrolaredo.com\/wp-content\/uploads\/2023\/08\/Stereo91-20230808-11-300x150.jpg","medium_large":"https:\/\/pornuestrolaredo.com\/wp-content\/uploads\/2023\/08\/Stereo91-20230808-11-768x385.jpg","large":"https:\/\/pornuestrolaredo.com\/wp-content\/uploads\/2023\/08\/Stereo91-20230808-11.jpg","1536x1536":"https:\/\/pornuestrolaredo.com\/wp-content\/uploads\/2023\/08\/Stereo91-20230808-11.jpg","2048x2048":"https:\/\/pornuestrolaredo.com\/wp-content\/uploads\/2023\/08\/Stereo91-20230808-11.jpg","morenews-large":"https:\/\/pornuestrolaredo.com\/wp-content\/uploads\/2023\/08\/Stereo91-20230808-11.jpg","morenews-medium":"https:\/\/pornuestrolaredo.com\/wp-content\/uploads\/2023\/08\/Stereo91-20230808-11.jpg"},"magazineBlocksPostAuthor":{"name":"Redactor","avatar":"https:\/\/pornuestrolaredo.com\/wp-content\/litespeed\/avatar\/dca1d7ec750c399f025f23b0b314f4cf.jpg?ver=1777007253"},"magazineBlocksPostCommentsNumber":false,"magazineBlocksPostExcerpt":"El m\u00f3dulo ruso alunizar\u00e1, recoger\u00e1 muestras y analizar\u00e1 el suelo lunar","magazineBlocksPostCategories":["El Mundo"],"magazineBlocksPostViewCount":119,"magazineBlocksPostReadTime":2,"magazine_blocks_featured_image_url":{"full":["https:\/\/pornuestrolaredo.com\/wp-content\/uploads\/2023\/08\/Stereo91-20230808-11.jpg",960,481,false],"medium":["https:\/\/pornuestrolaredo.com\/wp-content\/uploads\/2023\/08\/Stereo91-20230808-11-300x150.jpg",300,150,true],"thumbnail":["https:\/\/pornuestrolaredo.com\/wp-content\/uploads\/2023\/08\/Stereo91-20230808-11-150x150.jpg",150,150,true]},"magazine_blocks_author":{"display_name":"Redactor","author_link":"https:\/\/pornuestrolaredo.com\/?author=1"},"magazine_blocks_comment":0,"magazine_blocks_author_image":"https:\/\/pornuestrolaredo.com\/wp-content\/litespeed\/avatar\/dca1d7ec750c399f025f23b0b314f4cf.jpg?ver=1777007253","magazine_blocks_category":"<a href=\"#\" class=\"category-link category-link-9\">El Mundo<\/a>","jetpack_publicize_connections":[],"featured_image_urls":{"full":["https:\/\/pornuestrolaredo.com\/wp-content\/uploads\/2023\/08\/Stereo91-20230808-11.jpg",960,481,false],"thumbnail":["https:\/\/pornuestrolaredo.com\/wp-content\/uploads\/2023\/08\/Stereo91-20230808-11-150x150.jpg",150,150,true],"medium":["https:\/\/pornuestrolaredo.com\/wp-content\/uploads\/2023\/08\/Stereo91-20230808-11-300x150.jpg",300,150,true],"medium_large":["https:\/\/pornuestrolaredo.com\/wp-content\/uploads\/2023\/08\/Stereo91-20230808-11-768x385.jpg",640,321,true],"large":["https:\/\/pornuestrolaredo.com\/wp-content\/uploads\/2023\/08\/Stereo91-20230808-11.jpg",640,321,false],"1536x1536":["https:\/\/pornuestrolaredo.com\/wp-content\/uploads\/2023\/08\/Stereo91-20230808-11.jpg",960,481,false],"2048x2048":["https:\/\/pornuestrolaredo.com\/wp-content\/uploads\/2023\/08\/Stereo91-20230808-11.jpg",960,481,false],"morenews-large":["https:\/\/pornuestrolaredo.com\/wp-content\/uploads\/2023\/08\/Stereo91-20230808-11.jpg",825,413,false],"morenews-medium":["https:\/\/pornuestrolaredo.com\/wp-content\/uploads\/2023\/08\/Stereo91-20230808-11.jpg",590,296,false]},"author_info":{"info":["Redactor"]},"category_info":"<a href=\"https:\/\/pornuestrolaredo.com\/?cat=9\" rel=\"category\">El Mundo<\/a>","tag_info":"El Mundo","comment_count":"0","jetpack_featured_media_url":"https:\/\/pornuestrolaredo.com\/wp-content\/uploads\/2023\/08\/Stereo91-20230808-11.jpg","jetpack_sharing_enabled":true,"_links":{"self":[{"href":"https:\/\/pornuestrolaredo.com\/index.php?rest_route=\/wp\/v2\/posts\/2873","targetHints":{"allow":["GET"]}}],"collection":[{"href":"https:\/\/pornuestrolaredo.com\/index.php?rest_route=\/wp\/v2\/posts"}],"about":[{"href":"https:\/\/pornuestrolaredo.com\/index.php?rest_route=\/wp\/v2\/types\/post"}],"author":[{"embeddable":true,"href":"https:\/\/pornuestrolaredo.com\/index.php?rest_route=\/wp\/v2\/users\/1"}],"replies":[{"embeddable":true,"href":"https:\/\/pornuestrolaredo.com\/index.php?rest_route=%2Fwp%2Fv2%2Fcomments&post=2873"}],"version-history":[{"count":1,"href":"https:\/\/pornuestrolaredo.com\/index.php?rest_route=\/wp\/v2\/posts\/2873\/revisions"}],"predecessor-version":[{"id":2875,"href":"https:\/\/pornuestrolaredo.com\/index.php?rest_route=\/wp\/v2\/posts\/2873\/revisions\/2875"}],"wp:featuredmedia":[{"embeddable":true,"href":"https:\/\/pornuestrolaredo.com\/index.php?rest_route=\/wp\/v2\/media\/2874"}],"wp:attachment":[{"href":"https:\/\/pornuestrolaredo.com\/index.php?rest_route=%2Fwp%2Fv2%2Fmedia&parent=2873"}],"wp:term":[{"taxonomy":"category","embeddable":true,"href":"https:\/\/pornuestrolaredo.com\/index.php?rest_route=%2Fwp%2Fv2%2Fcategories&post=2873"},{"taxonomy":"post_tag","embeddable":true,"href":"https:\/\/pornuestrolaredo.com\/index.php?rest_route=%2Fwp%2Fv2%2Ftags&post=2873"}],"curies":[{"name":"wp","href":"https:\/\/api.w.org\/{rel}","templated":true}]}}