{"id":2879,"date":"2023-08-10T05:30:47","date_gmt":"2023-08-10T05:30:47","guid":{"rendered":"https:\/\/pornuestrolaredo.com\/?p=2879"},"modified":"2023-08-10T05:30:47","modified_gmt":"2023-08-10T05:30:47","slug":"negocian-tamaulipas-y-cfe-para-reclasificar-tarifas","status":"publish","type":"post","link":"https:\/\/pornuestrolaredo.com\/?p=2879","title":{"rendered":"Negocian Tamaulipas y CFE para reclasificar tarifas"},"content":{"rendered":"<p><strong><em>CIUDAD DE M\u00c9XICO. &#8211;<\/em><\/strong>Manuel Bartlett D\u00edaz, director general de la Comisi\u00f3n Federal de Electricidad (CFE) y el gobernador Am\u00e9rico Villarreal Anaya, acordaron iniciar las negociaciones para que los usuarios tengan una tarifa el\u00e9ctrica de verano m\u00e1s accesible.  <\/p>\n<p>Durante una reuni\u00f3n de trabajo, Villarreal Anaya expuso las razones y los argumentos por los que Tamaulipas, por sus altas temperaturas, debe tener una tarifa preferencial.  <\/p>\n<blockquote><p>Tamaulipas es el primer productor de energ\u00eda el\u00e9ctrica en el pa\u00eds y abastece de este servicio a otras entidades, por tanto debe tener un beneficio que llegue a todas las y los tamaulipecos\u201d, argument\u00f3 el mandatario tamaulipeco.<\/p><\/blockquote>\n<p>Manuel Bartlett y su equipo de trabajo estuvieron de acuerdo y convinieron empezar las negociaciones para que se llegue a una reclasificaci\u00f3n de tarifas en el Estado, empezando por los municipios m\u00e1s vulnerables.<\/p>\n<p>La negociaci\u00f3n ser\u00eda establecer en el Estado la tarifa F, durante la temporada de verano. <\/p>\n<p>El gobernador Am\u00e9rico Villarreal Anaya agradeci\u00f3 a la Federaci\u00f3n por una inversi\u00f3n de m\u00e1s de 9 mil millones de pesos dispuesta para ampliar la red de distribuci\u00f3n de energ\u00eda para Tamaulipas.<\/p>\n","protected":false},"excerpt":{"rendered":"<p>Durante una reuni\u00f3n de trabajo, Villarreal Anaya expuso las razones y los argumentos por los que el estado, por sus altas temperaturas, debe tener una tarifa preferencial<\/p>\n","protected":false},"author":1,"featured_media":2880,"comment_status":"closed","ping_status":"closed","sticky":false,"template":"","format":"standard","meta":{"_crdt_document":"","_jetpack_memberships_contains_paid_content":false,"footnotes":"","jetpack_publicize_message":"","jetpack_publicize_feature_enabled":true,"jetpack_social_post_already_shared":true,"jetpack_social_options":{"image_generator_settings":{"template":"highway","default_image_id":0,"font":"","enabled":false},"version":2},"_wpas_customize_per_network":false},"categories":[11],"tags":[],"class_list":["post-2879","post","type-post","status-publish","format-standard","has-post-thumbnail","hentry","category-tamaulipas"],"magazineBlocksPostFeaturedMedia":{"thumbnail":"https:\/\/pornuestrolaredo.com\/wp-content\/uploads\/2023\/08\/PNL-20230810-2-150x150.jpg","medium":"https:\/\/pornuestrolaredo.com\/wp-content\/uploads\/2023\/08\/PNL-20230810-2-300x185.jpg","medium_large":"https:\/\/pornuestrolaredo.com\/wp-content\/uploads\/2023\/08\/PNL-20230810-2-768x474.jpg","large":"https:\/\/pornuestrolaredo.com\/wp-content\/uploads\/2023\/08\/PNL-20230810-2.jpg","1536x1536":"https:\/\/pornuestrolaredo.com\/wp-content\/uploads\/2023\/08\/PNL-20230810-2.jpg","2048x2048":"https:\/\/pornuestrolaredo.com\/wp-content\/uploads\/2023\/08\/PNL-20230810-2.jpg","morenews-large":"https:\/\/pornuestrolaredo.com\/wp-content\/uploads\/2023\/08\/PNL-20230810-2.jpg","morenews-medium":"https:\/\/pornuestrolaredo.com\/wp-content\/uploads\/2023\/08\/PNL-20230810-2.jpg"},"magazineBlocksPostAuthor":{"name":"Redactor","avatar":"https:\/\/pornuestrolaredo.com\/wp-content\/litespeed\/avatar\/dca1d7ec750c399f025f23b0b314f4cf.jpg?ver=1777007253"},"magazineBlocksPostCommentsNumber":false,"magazineBlocksPostExcerpt":"Durante una reuni\u00f3n de trabajo, Villarreal Anaya expuso las razones y los argumentos por los que el estado, por sus altas temperaturas, debe tener una tarifa preferencial","magazineBlocksPostCategories":["Tamaulipas"],"magazineBlocksPostViewCount":136,"magazineBlocksPostReadTime":1,"magazine_blocks_featured_image_url":{"full":["https:\/\/pornuestrolaredo.com\/wp-content\/uploads\/2023\/08\/PNL-20230810-2.jpg",900,555,false],"medium":["https:\/\/pornuestrolaredo.com\/wp-content\/uploads\/2023\/08\/PNL-20230810-2-300x185.jpg",300,185,true],"thumbnail":["https:\/\/pornuestrolaredo.com\/wp-content\/uploads\/2023\/08\/PNL-20230810-2-150x150.jpg",150,150,true]},"magazine_blocks_author":{"display_name":"Redactor","author_link":"https:\/\/pornuestrolaredo.com\/?author=1"},"magazine_blocks_comment":0,"magazine_blocks_author_image":"https:\/\/pornuestrolaredo.com\/wp-content\/litespeed\/avatar\/dca1d7ec750c399f025f23b0b314f4cf.jpg?ver=1777007253","magazine_blocks_category":"<a href=\"#\" class=\"category-link category-link-11\">Tamaulipas<\/a>","jetpack_publicize_connections":[],"featured_image_urls":{"full":["https:\/\/pornuestrolaredo.com\/wp-content\/uploads\/2023\/08\/PNL-20230810-2.jpg",900,555,false],"thumbnail":["https:\/\/pornuestrolaredo.com\/wp-content\/uploads\/2023\/08\/PNL-20230810-2-150x150.jpg",150,150,true],"medium":["https:\/\/pornuestrolaredo.com\/wp-content\/uploads\/2023\/08\/PNL-20230810-2-300x185.jpg",300,185,true],"medium_large":["https:\/\/pornuestrolaredo.com\/wp-content\/uploads\/2023\/08\/PNL-20230810-2-768x474.jpg",640,395,true],"large":["https:\/\/pornuestrolaredo.com\/wp-content\/uploads\/2023\/08\/PNL-20230810-2.jpg",640,395,false],"1536x1536":["https:\/\/pornuestrolaredo.com\/wp-content\/uploads\/2023\/08\/PNL-20230810-2.jpg",900,555,false],"2048x2048":["https:\/\/pornuestrolaredo.com\/wp-content\/uploads\/2023\/08\/PNL-20230810-2.jpg",900,555,false],"morenews-large":["https:\/\/pornuestrolaredo.com\/wp-content\/uploads\/2023\/08\/PNL-20230810-2.jpg",825,509,false],"morenews-medium":["https:\/\/pornuestrolaredo.com\/wp-content\/uploads\/2023\/08\/PNL-20230810-2.jpg",590,364,false]},"author_info":{"info":["Redactor"]},"category_info":"<a href=\"https:\/\/pornuestrolaredo.com\/?cat=11\" rel=\"category\">Tamaulipas<\/a>","tag_info":"Tamaulipas","comment_count":"0","jetpack_featured_media_url":"https:\/\/pornuestrolaredo.com\/wp-content\/uploads\/2023\/08\/PNL-20230810-2.jpg","jetpack_sharing_enabled":true,"_links":{"self":[{"href":"https:\/\/pornuestrolaredo.com\/index.php?rest_route=\/wp\/v2\/posts\/2879","targetHints":{"allow":["GET"]}}],"collection":[{"href":"https:\/\/pornuestrolaredo.com\/index.php?rest_route=\/wp\/v2\/posts"}],"about":[{"href":"https:\/\/pornuestrolaredo.com\/index.php?rest_route=\/wp\/v2\/types\/post"}],"author":[{"embeddable":true,"href":"https:\/\/pornuestrolaredo.com\/index.php?rest_route=\/wp\/v2\/users\/1"}],"replies":[{"embeddable":true,"href":"https:\/\/pornuestrolaredo.com\/index.php?rest_route=%2Fwp%2Fv2%2Fcomments&post=2879"}],"version-history":[{"count":1,"href":"https:\/\/pornuestrolaredo.com\/index.php?rest_route=\/wp\/v2\/posts\/2879\/revisions"}],"predecessor-version":[{"id":2881,"href":"https:\/\/pornuestrolaredo.com\/index.php?rest_route=\/wp\/v2\/posts\/2879\/revisions\/2881"}],"wp:featuredmedia":[{"embeddable":true,"href":"https:\/\/pornuestrolaredo.com\/index.php?rest_route=\/wp\/v2\/media\/2880"}],"wp:attachment":[{"href":"https:\/\/pornuestrolaredo.com\/index.php?rest_route=%2Fwp%2Fv2%2Fmedia&parent=2879"}],"wp:term":[{"taxonomy":"category","embeddable":true,"href":"https:\/\/pornuestrolaredo.com\/index.php?rest_route=%2Fwp%2Fv2%2Fcategories&post=2879"},{"taxonomy":"post_tag","embeddable":true,"href":"https:\/\/pornuestrolaredo.com\/index.php?rest_route=%2Fwp%2Fv2%2Ftags&post=2879"}],"curies":[{"name":"wp","href":"https:\/\/api.w.org\/{rel}","templated":true}]}}