{"id":2882,"date":"2023-08-10T05:43:29","date_gmt":"2023-08-10T05:43:29","guid":{"rendered":"https:\/\/pornuestrolaredo.com\/?p=2882"},"modified":"2023-08-10T05:43:29","modified_gmt":"2023-08-10T05:43:29","slug":"entregan-colector-5-de-febrero-eliminara-inundaciones","status":"publish","type":"post","link":"https:\/\/pornuestrolaredo.com\/?p=2882","title":{"rendered":"Entregan colector \u20185 de Febrero\u2019; eliminar\u00e1 inundaciones"},"content":{"rendered":"<p><strong><em>NUEVO LAREDO.-<\/em> <\/strong>Con la finalidad de abatir problem\u00e1ticas de inundaciones y brotes de aguas negras, el Gobierno Municipal invirti\u00f3 m\u00e1s de 6 millones 750 mil 582 pesos en la rehabilitaci\u00f3n del colector pluvial \u201c5 de febrero\u201d en la colonia Guerrero.<\/p>\n<p>Esta nueva tuber\u00eda tiene una extensi\u00f3n que supera los 200 metros lineales entre las calles Pedro J. M\u00e9ndez y 20 de noviembre y beneficia a 4 mil 258 ciudadanos de ese sector.<\/p>\n<p>La alcaldesa Carmen Lilia Canturosas Villarreal, entreg\u00f3 la obra que comprende: cambio de tomas y descargas domiciliarias, reparaci\u00f3n de tuber\u00eda para agua potable, reposici\u00f3n de pavimento asf\u00e1ltico, entre otros.<\/p>\n<blockquote><p>Todo por debajo de la calle se rehabilit\u00f3 al 100% y la calle tambi\u00e9n es completamente nueva, para cuando lleguen las lluvias los vecinos ser\u00e1n testigos de la calidad de estos trabajos porque ya no habr\u00e1n inundaciones\u201d, asegur\u00f3 Canturosas Villarreal.<\/p><\/blockquote>\n<p>Jos\u00e9 Carrillo Robles, felicit\u00f3 a la presidenta municipal por entregar obras necesarias, dignas y de calidad que benefician a todo un sector.<\/p>\n<blockquote><p>La gesti\u00f3n de la alcaldesa es un 10, ella siempre est\u00e1 pendiente de lo que necesitamos y a su tiempo nos atiende a todos, gracias a ella avanzamos\u201d, expres\u00f3.<\/p><\/blockquote>\n<p>Por su parte, Emma Mart\u00ednez Campos, recalc\u00f3 que la presidenta cuenta con todo el apoyo de la colonia ya que Canturosas Villarreal ha demostrado con trabajo que est\u00e1 pendiente de Nuevo Laredo.<\/p>\n<blockquote><p>Agradezco en nombre de todos los vecinos de la colonia esta obra que es muy importante porque tambi\u00e9n beneficia a los alumnos de una escuela cercana, este apoyo y la atenci\u00f3n de la presidenta es de reconocerse\u201d, manifest\u00f3.<\/p><\/blockquote>\n<p>La presidenta municipal, Carmen Lilia Canturosas, invit\u00f3 a los vecinos a mantener las calles limpias, ya que el exceso de basura, adem\u00e1s de da\u00f1ar el medio ambiente, ocasiona que los guardaganados y alcantarillas se obstruyan y que no fluya agua correctamente.<\/p>\n","protected":false},"excerpt":{"rendered":"<p>El Gobierno Municipal de Nuevo Laredo invierte casi 7 millones de pesos en la rehabilitaci\u00f3n de m\u00e1s de 200 metros lineales de tuber\u00eda pluvial<\/p>\n","protected":false},"author":1,"featured_media":2883,"comment_status":"closed","ping_status":"closed","sticky":false,"template":"","format":"standard","meta":{"_crdt_document":"","_jetpack_memberships_contains_paid_content":false,"footnotes":"","jetpack_publicize_message":"","jetpack_publicize_feature_enabled":true,"jetpack_social_post_already_shared":true,"jetpack_social_options":{"image_generator_settings":{"template":"highway","default_image_id":0,"font":"","enabled":false},"version":2},"_wpas_customize_per_network":false},"categories":[4],"tags":[],"class_list":["post-2882","post","type-post","status-publish","format-standard","has-post-thumbnail","hentry","category-los-dos-laredos"],"magazineBlocksPostFeaturedMedia":{"thumbnail":"https:\/\/pornuestrolaredo.com\/wp-content\/uploads\/2023\/08\/PNL-20230810-3-150x150.jpg","medium":"https:\/\/pornuestrolaredo.com\/wp-content\/uploads\/2023\/08\/PNL-20230810-3-300x166.jpg","medium_large":"https:\/\/pornuestrolaredo.com\/wp-content\/uploads\/2023\/08\/PNL-20230810-3-768x426.jpg","large":"https:\/\/pornuestrolaredo.com\/wp-content\/uploads\/2023\/08\/PNL-20230810-3-1000x555.jpg","1536x1536":"https:\/\/pornuestrolaredo.com\/wp-content\/uploads\/2023\/08\/PNL-20230810-3.jpg","2048x2048":"https:\/\/pornuestrolaredo.com\/wp-content\/uploads\/2023\/08\/PNL-20230810-3.jpg","morenews-large":"https:\/\/pornuestrolaredo.com\/wp-content\/uploads\/2023\/08\/PNL-20230810-3.jpg","morenews-medium":"https:\/\/pornuestrolaredo.com\/wp-content\/uploads\/2023\/08\/PNL-20230810-3.jpg"},"magazineBlocksPostAuthor":{"name":"Redactor","avatar":"https:\/\/pornuestrolaredo.com\/wp-content\/litespeed\/avatar\/dca1d7ec750c399f025f23b0b314f4cf.jpg?ver=1777007253"},"magazineBlocksPostCommentsNumber":false,"magazineBlocksPostExcerpt":"El Gobierno Municipal de Nuevo Laredo invierte casi 7 millones de pesos en la rehabilitaci\u00f3n de m\u00e1s de 200 metros lineales de tuber\u00eda pluvial","magazineBlocksPostCategories":["Los dos Laredos"],"magazineBlocksPostViewCount":131,"magazineBlocksPostReadTime":2,"magazine_blocks_featured_image_url":{"full":["https:\/\/pornuestrolaredo.com\/wp-content\/uploads\/2023\/08\/PNL-20230810-3.jpg",1280,710,false],"medium":["https:\/\/pornuestrolaredo.com\/wp-content\/uploads\/2023\/08\/PNL-20230810-3-300x166.jpg",300,166,true],"thumbnail":["https:\/\/pornuestrolaredo.com\/wp-content\/uploads\/2023\/08\/PNL-20230810-3-150x150.jpg",150,150,true]},"magazine_blocks_author":{"display_name":"Redactor","author_link":"https:\/\/pornuestrolaredo.com\/?author=1"},"magazine_blocks_comment":0,"magazine_blocks_author_image":"https:\/\/pornuestrolaredo.com\/wp-content\/litespeed\/avatar\/dca1d7ec750c399f025f23b0b314f4cf.jpg?ver=1777007253","magazine_blocks_category":"<a href=\"#\" class=\"category-link category-link-4\">Los dos Laredos<\/a>","jetpack_publicize_connections":[],"featured_image_urls":{"full":["https:\/\/pornuestrolaredo.com\/wp-content\/uploads\/2023\/08\/PNL-20230810-3.jpg",1280,710,false],"thumbnail":["https:\/\/pornuestrolaredo.com\/wp-content\/uploads\/2023\/08\/PNL-20230810-3-150x150.jpg",150,150,true],"medium":["https:\/\/pornuestrolaredo.com\/wp-content\/uploads\/2023\/08\/PNL-20230810-3-300x166.jpg",300,166,true],"medium_large":["https:\/\/pornuestrolaredo.com\/wp-content\/uploads\/2023\/08\/PNL-20230810-3-768x426.jpg",640,355,true],"large":["https:\/\/pornuestrolaredo.com\/wp-content\/uploads\/2023\/08\/PNL-20230810-3-1000x555.jpg",640,355,true],"1536x1536":["https:\/\/pornuestrolaredo.com\/wp-content\/uploads\/2023\/08\/PNL-20230810-3.jpg",1280,710,false],"2048x2048":["https:\/\/pornuestrolaredo.com\/wp-content\/uploads\/2023\/08\/PNL-20230810-3.jpg",1280,710,false],"morenews-large":["https:\/\/pornuestrolaredo.com\/wp-content\/uploads\/2023\/08\/PNL-20230810-3.jpg",825,458,false],"morenews-medium":["https:\/\/pornuestrolaredo.com\/wp-content\/uploads\/2023\/08\/PNL-20230810-3.jpg",590,327,false]},"author_info":{"info":["Redactor"]},"category_info":"<a href=\"https:\/\/pornuestrolaredo.com\/?cat=4\" rel=\"category\">Los dos Laredos<\/a>","tag_info":"Los dos Laredos","comment_count":"0","jetpack_featured_media_url":"https:\/\/pornuestrolaredo.com\/wp-content\/uploads\/2023\/08\/PNL-20230810-3.jpg","jetpack_sharing_enabled":true,"_links":{"self":[{"href":"https:\/\/pornuestrolaredo.com\/index.php?rest_route=\/wp\/v2\/posts\/2882","targetHints":{"allow":["GET"]}}],"collection":[{"href":"https:\/\/pornuestrolaredo.com\/index.php?rest_route=\/wp\/v2\/posts"}],"about":[{"href":"https:\/\/pornuestrolaredo.com\/index.php?rest_route=\/wp\/v2\/types\/post"}],"author":[{"embeddable":true,"href":"https:\/\/pornuestrolaredo.com\/index.php?rest_route=\/wp\/v2\/users\/1"}],"replies":[{"embeddable":true,"href":"https:\/\/pornuestrolaredo.com\/index.php?rest_route=%2Fwp%2Fv2%2Fcomments&post=2882"}],"version-history":[{"count":1,"href":"https:\/\/pornuestrolaredo.com\/index.php?rest_route=\/wp\/v2\/posts\/2882\/revisions"}],"predecessor-version":[{"id":2884,"href":"https:\/\/pornuestrolaredo.com\/index.php?rest_route=\/wp\/v2\/posts\/2882\/revisions\/2884"}],"wp:featuredmedia":[{"embeddable":true,"href":"https:\/\/pornuestrolaredo.com\/index.php?rest_route=\/wp\/v2\/media\/2883"}],"wp:attachment":[{"href":"https:\/\/pornuestrolaredo.com\/index.php?rest_route=%2Fwp%2Fv2%2Fmedia&parent=2882"}],"wp:term":[{"taxonomy":"category","embeddable":true,"href":"https:\/\/pornuestrolaredo.com\/index.php?rest_route=%2Fwp%2Fv2%2Fcategories&post=2882"},{"taxonomy":"post_tag","embeddable":true,"href":"https:\/\/pornuestrolaredo.com\/index.php?rest_route=%2Fwp%2Fv2%2Ftags&post=2882"}],"curies":[{"name":"wp","href":"https:\/\/api.w.org\/{rel}","templated":true}]}}