{"id":2890,"date":"2023-08-11T06:39:26","date_gmt":"2023-08-11T06:39:26","guid":{"rendered":"https:\/\/pornuestrolaredo.com\/?p=2890"},"modified":"2023-08-11T06:40:11","modified_gmt":"2023-08-11T06:40:11","slug":"rescatan-areas-recreativas-pies-mojados","status":"publish","type":"post","link":"https:\/\/pornuestrolaredo.com\/?p=2890","title":{"rendered":"Rescatan \u00e1reas recreativas \u2018pies mojados\u2019"},"content":{"rendered":"<p><strong><em>NUEVO LAREDO.-<\/em><\/strong> El Gobierno Municipal rehabilit\u00f3 completamente 11 \u00e1reas recreativas denominadas \u201cPies Mojados\u201d, para que los ni\u00f1os y ni\u00f1as de la ciudad tengan un lugar m\u00e1s en el que puedan divertirse sanamente.<\/p>\n<p>La alcaldesa Carmen Lilia Canturosas Villarreal, mencion\u00f3 que estos lugares est\u00e1n ubicados en diferentes colonias de la ciudad, as\u00ed como en el parque Viveros, Silao y Polvo Enamorado.<\/p>\n<blockquote><p>Queremos que nuestra ni\u00f1ez y toda la ciudadan\u00eda tengan espacios dignos de recreaci\u00f3n en los que puedan divertirse y refrescarse; estas \u00e1reas fueron abandonadas y las hemos rescatado para que las familias las disfruten y vivan en un mejor entorno\u201d, se\u00f1al\u00f3 Canturosas, presidente municipal.<\/p><\/blockquote>\n<p>La inversi\u00f3n destinada fue de 6 millones 216 mil 240. 43 pesos en trabajos como: placa base, cartabones, casquillo para cubrir pedestales, estructura de p\u00e9talos, pintura anticorrosiva, pintura ep\u00f3xica, malla sombra, rotulaci\u00f3n, bomba centrifuga de 3 y 5 HP, interruptor t\u00e9rmico, reflector de 50 watts, y transformador de 30 KVA.<\/p>\n<p>Las \u00e1reas recreativas est\u00e1n ubicadas en las colonias: Nueva Era, Francisco Villa, Villas de San Miguel, Constitucional, El Campanario, Lomas del R\u00edo, Solidaridad, Fraccionamiento J. Longoria y en los parques antes mencionados.<\/p>\n<p>Con estas rehabilitaciones fueron 138 mil 51 ciudadanos los que fueron beneficiados.<\/p>\n<p>El Gobierno Municipal hace un llamado a la poblaci\u00f3n para que hagan uso correcto de estas \u00e1reas para que tengan un mayor tiempo de vida \u00fatil y m\u00e1s familias puedan disfrutarlas.<\/p>\n","protected":false},"excerpt":{"rendered":"<p>El Gobierno Municipal de Nuevo Laredo rehabilita 11 \u00e1reas de esparcimiento, para que ni\u00f1as y ni\u00f1os se puedan divertir sanamente<\/p>\n","protected":false},"author":1,"featured_media":2891,"comment_status":"closed","ping_status":"closed","sticky":false,"template":"","format":"standard","meta":{"_crdt_document":"","_jetpack_memberships_contains_paid_content":false,"footnotes":"","jetpack_publicize_message":"","jetpack_publicize_feature_enabled":true,"jetpack_social_post_already_shared":true,"jetpack_social_options":{"image_generator_settings":{"template":"highway","default_image_id":0,"font":"","enabled":false},"version":2},"_wpas_customize_per_network":false},"categories":[4],"tags":[],"class_list":["post-2890","post","type-post","status-publish","format-standard","has-post-thumbnail","hentry","category-los-dos-laredos"],"magazineBlocksPostFeaturedMedia":{"thumbnail":"https:\/\/pornuestrolaredo.com\/wp-content\/uploads\/2023\/08\/PNL-20230811-2-150x150.jpg","medium":"https:\/\/pornuestrolaredo.com\/wp-content\/uploads\/2023\/08\/PNL-20230811-2-300x156.jpg","medium_large":"https:\/\/pornuestrolaredo.com\/wp-content\/uploads\/2023\/08\/PNL-20230811-2-768x399.jpg","large":"https:\/\/pornuestrolaredo.com\/wp-content\/uploads\/2023\/08\/PNL-20230811-2.jpg","1536x1536":"https:\/\/pornuestrolaredo.com\/wp-content\/uploads\/2023\/08\/PNL-20230811-2.jpg","2048x2048":"https:\/\/pornuestrolaredo.com\/wp-content\/uploads\/2023\/08\/PNL-20230811-2.jpg","morenews-large":"https:\/\/pornuestrolaredo.com\/wp-content\/uploads\/2023\/08\/PNL-20230811-2.jpg","morenews-medium":"https:\/\/pornuestrolaredo.com\/wp-content\/uploads\/2023\/08\/PNL-20230811-2.jpg"},"magazineBlocksPostAuthor":{"name":"Redactor","avatar":"https:\/\/pornuestrolaredo.com\/wp-content\/litespeed\/avatar\/dca1d7ec750c399f025f23b0b314f4cf.jpg?ver=1777007253"},"magazineBlocksPostCommentsNumber":false,"magazineBlocksPostExcerpt":"El Gobierno Municipal de Nuevo Laredo rehabilita 11 \u00e1reas de esparcimiento, para que ni\u00f1as y ni\u00f1os se puedan divertir sanamente","magazineBlocksPostCategories":["Los dos Laredos"],"magazineBlocksPostViewCount":131,"magazineBlocksPostReadTime":2,"magazine_blocks_featured_image_url":{"full":["https:\/\/pornuestrolaredo.com\/wp-content\/uploads\/2023\/08\/PNL-20230811-2.jpg",900,468,false],"medium":["https:\/\/pornuestrolaredo.com\/wp-content\/uploads\/2023\/08\/PNL-20230811-2-300x156.jpg",300,156,true],"thumbnail":["https:\/\/pornuestrolaredo.com\/wp-content\/uploads\/2023\/08\/PNL-20230811-2-150x150.jpg",150,150,true]},"magazine_blocks_author":{"display_name":"Redactor","author_link":"https:\/\/pornuestrolaredo.com\/?author=1"},"magazine_blocks_comment":0,"magazine_blocks_author_image":"https:\/\/pornuestrolaredo.com\/wp-content\/litespeed\/avatar\/dca1d7ec750c399f025f23b0b314f4cf.jpg?ver=1777007253","magazine_blocks_category":"<a href=\"#\" class=\"category-link category-link-4\">Los dos Laredos<\/a>","jetpack_publicize_connections":[],"featured_image_urls":{"full":["https:\/\/pornuestrolaredo.com\/wp-content\/uploads\/2023\/08\/PNL-20230811-2.jpg",900,468,false],"thumbnail":["https:\/\/pornuestrolaredo.com\/wp-content\/uploads\/2023\/08\/PNL-20230811-2-150x150.jpg",150,150,true],"medium":["https:\/\/pornuestrolaredo.com\/wp-content\/uploads\/2023\/08\/PNL-20230811-2-300x156.jpg",300,156,true],"medium_large":["https:\/\/pornuestrolaredo.com\/wp-content\/uploads\/2023\/08\/PNL-20230811-2-768x399.jpg",640,333,true],"large":["https:\/\/pornuestrolaredo.com\/wp-content\/uploads\/2023\/08\/PNL-20230811-2.jpg",640,333,false],"1536x1536":["https:\/\/pornuestrolaredo.com\/wp-content\/uploads\/2023\/08\/PNL-20230811-2.jpg",900,468,false],"2048x2048":["https:\/\/pornuestrolaredo.com\/wp-content\/uploads\/2023\/08\/PNL-20230811-2.jpg",900,468,false],"morenews-large":["https:\/\/pornuestrolaredo.com\/wp-content\/uploads\/2023\/08\/PNL-20230811-2.jpg",825,429,false],"morenews-medium":["https:\/\/pornuestrolaredo.com\/wp-content\/uploads\/2023\/08\/PNL-20230811-2.jpg",590,307,false]},"author_info":{"info":["Redactor"]},"category_info":"<a href=\"https:\/\/pornuestrolaredo.com\/?cat=4\" rel=\"category\">Los dos Laredos<\/a>","tag_info":"Los dos Laredos","comment_count":"0","jetpack_featured_media_url":"https:\/\/pornuestrolaredo.com\/wp-content\/uploads\/2023\/08\/PNL-20230811-2.jpg","jetpack_sharing_enabled":true,"_links":{"self":[{"href":"https:\/\/pornuestrolaredo.com\/index.php?rest_route=\/wp\/v2\/posts\/2890","targetHints":{"allow":["GET"]}}],"collection":[{"href":"https:\/\/pornuestrolaredo.com\/index.php?rest_route=\/wp\/v2\/posts"}],"about":[{"href":"https:\/\/pornuestrolaredo.com\/index.php?rest_route=\/wp\/v2\/types\/post"}],"author":[{"embeddable":true,"href":"https:\/\/pornuestrolaredo.com\/index.php?rest_route=\/wp\/v2\/users\/1"}],"replies":[{"embeddable":true,"href":"https:\/\/pornuestrolaredo.com\/index.php?rest_route=%2Fwp%2Fv2%2Fcomments&post=2890"}],"version-history":[{"count":1,"href":"https:\/\/pornuestrolaredo.com\/index.php?rest_route=\/wp\/v2\/posts\/2890\/revisions"}],"predecessor-version":[{"id":2892,"href":"https:\/\/pornuestrolaredo.com\/index.php?rest_route=\/wp\/v2\/posts\/2890\/revisions\/2892"}],"wp:featuredmedia":[{"embeddable":true,"href":"https:\/\/pornuestrolaredo.com\/index.php?rest_route=\/wp\/v2\/media\/2891"}],"wp:attachment":[{"href":"https:\/\/pornuestrolaredo.com\/index.php?rest_route=%2Fwp%2Fv2%2Fmedia&parent=2890"}],"wp:term":[{"taxonomy":"category","embeddable":true,"href":"https:\/\/pornuestrolaredo.com\/index.php?rest_route=%2Fwp%2Fv2%2Fcategories&post=2890"},{"taxonomy":"post_tag","embeddable":true,"href":"https:\/\/pornuestrolaredo.com\/index.php?rest_route=%2Fwp%2Fv2%2Ftags&post=2890"}],"curies":[{"name":"wp","href":"https:\/\/api.w.org\/{rel}","templated":true}]}}