{"id":2896,"date":"2023-08-11T06:47:23","date_gmt":"2023-08-11T06:47:23","guid":{"rendered":"https:\/\/pornuestrolaredo.com\/?p=2896"},"modified":"2023-08-11T06:47:23","modified_gmt":"2023-08-11T06:47:23","slug":"dan-banderazo-a-mexicana-volara-a-nuevo-laredo","status":"publish","type":"post","link":"https:\/\/pornuestrolaredo.com\/?p=2896","title":{"rendered":"Dan banderazo a Mexicana; volar\u00e1 a Nuevo Laredo"},"content":{"rendered":"<p><strong>CIUDAD DE M\u00c9XICO.- <\/strong>Nuevo Laredo estar\u00e1 incluido en los destinos de la aerol\u00ednea Mexicana de Aviaci\u00f3n, que fue rescatada por el Gobierno Federal.<\/p>\n<p>Luis Cresencio Sandoval Gonz\u00e1lez, secretario de la Defensa Nacional, anunci\u00f3 este jueves durante la Conferencia Ma\u00f1anera que la pr\u00f3xima l\u00ednea a\u00e9rea estatal ya es un hecho y ofrecer\u00e1 vuelos 20 por ciento m\u00e1s econ\u00f3micos que las empresas privadas.<\/p>\n<blockquote><p>El prop\u00f3sito es brindar servicios de transporte a\u00e9reo accesibles, seguros y de calidad&#8221;, dijo Sandoval Gonz\u00e1lez.<\/p><\/blockquote>\n<p>Nuevo Laredo no estar\u00e1 incluido sino hasta una pr\u00f3xima etapa. Sandoval Gonz\u00e1lez dijo el jueves por la ma\u00f1ana que ser\u00e1n 20 los destinos que cubrir\u00e1 la nueva aerol\u00ednea, y se incluyen Canc\u00fan, Monterrey, Guadalajara, Tijuana, Campeche, Chetumal, M\u00e9rida, Puerto Vallarta, Ixtapa Zihuatanejo, Cozumel, Los Cabos, Hermosillo, Ciudad Ju\u00e1rez, Villahermosa, Huatulco, Oaxaca, Acapulco, Mazatl\u00e1n, La Paz y Le\u00f3n. <\/p>\n<p>En la segunda etapa se inclye a Nuevo Laredo, Ciudad del Carmen, Apodaca, Tulum, Ciudad Ixtepec y Ciudad Victoria, pero antes se fortalecer\u00e1 la infraestructura aeropuertaria.<\/p>\n<p>Mexicana, cuyo nombre oficial es \u201cAerol\u00ednea del Estado Mexicano Sociedad An\u00f3nima de Capital Variable\u201d operar\u00e1 en el aeropuerto Felipe \u00c1ngeles de Ciudad de M\u00e9xico y en el aeropuerto que se construye en Canc\u00fan.<\/p>\n<p>Por lo pronto, Mexicana operar\u00e1 con 10 aviones Boeing 737-800 de nueva generaci\u00f3n, con colores distintivos que representan a la bandera mexicana.<\/p>\n<p>La venta de boletos comenzar\u00e1 en septiembre y de antemano se anuncia que no tendr\u00e1 m\u00e1s que una sola clase, no habr\u00e1 zonas vip o de primera.<\/p>\n","protected":false},"excerpt":{"rendered":"<p>Luis Cresencio Sandoval Gonz\u00e1lez, secretario de la Defensa Nacional, dijo que esta frontera entrar\u00eda en una segunda etapa y en la primera ser\u00e1n 20 los destinos<\/p>\n","protected":false},"author":1,"featured_media":2897,"comment_status":"closed","ping_status":"closed","sticky":false,"template":"","format":"standard","meta":{"_crdt_document":"","_jetpack_memberships_contains_paid_content":false,"footnotes":"","jetpack_publicize_message":"","jetpack_publicize_feature_enabled":true,"jetpack_social_post_already_shared":true,"jetpack_social_options":{"image_generator_settings":{"template":"highway","default_image_id":0,"font":"","enabled":false},"version":2},"_wpas_customize_per_network":false},"categories":[33],"tags":[],"class_list":["post-2896","post","type-post","status-publish","format-standard","has-post-thumbnail","hentry","category-mexico"],"magazineBlocksPostFeaturedMedia":{"thumbnail":"https:\/\/pornuestrolaredo.com\/wp-content\/uploads\/2023\/08\/PNL-20230811-4-150x150.jpg","medium":"https:\/\/pornuestrolaredo.com\/wp-content\/uploads\/2023\/08\/PNL-20230811-4-300x134.jpg","medium_large":"https:\/\/pornuestrolaredo.com\/wp-content\/uploads\/2023\/08\/PNL-20230811-4-768x342.jpg","large":"https:\/\/pornuestrolaredo.com\/wp-content\/uploads\/2023\/08\/PNL-20230811-4.jpg","1536x1536":"https:\/\/pornuestrolaredo.com\/wp-content\/uploads\/2023\/08\/PNL-20230811-4.jpg","2048x2048":"https:\/\/pornuestrolaredo.com\/wp-content\/uploads\/2023\/08\/PNL-20230811-4.jpg","morenews-large":"https:\/\/pornuestrolaredo.com\/wp-content\/uploads\/2023\/08\/PNL-20230811-4.jpg","morenews-medium":"https:\/\/pornuestrolaredo.com\/wp-content\/uploads\/2023\/08\/PNL-20230811-4.jpg"},"magazineBlocksPostAuthor":{"name":"Redactor","avatar":"https:\/\/pornuestrolaredo.com\/wp-content\/litespeed\/avatar\/dca1d7ec750c399f025f23b0b314f4cf.jpg?ver=1777007253"},"magazineBlocksPostCommentsNumber":false,"magazineBlocksPostExcerpt":"Luis Cresencio Sandoval Gonz\u00e1lez, secretario de la Defensa Nacional, dijo que esta frontera entrar\u00eda en una segunda etapa y en la primera ser\u00e1n 20 los destinos","magazineBlocksPostCategories":["Mexico"],"magazineBlocksPostViewCount":132,"magazineBlocksPostReadTime":2,"magazine_blocks_featured_image_url":{"full":["https:\/\/pornuestrolaredo.com\/wp-content\/uploads\/2023\/08\/PNL-20230811-4.jpg",900,401,false],"medium":["https:\/\/pornuestrolaredo.com\/wp-content\/uploads\/2023\/08\/PNL-20230811-4-300x134.jpg",300,134,true],"thumbnail":["https:\/\/pornuestrolaredo.com\/wp-content\/uploads\/2023\/08\/PNL-20230811-4-150x150.jpg",150,150,true]},"magazine_blocks_author":{"display_name":"Redactor","author_link":"https:\/\/pornuestrolaredo.com\/?author=1"},"magazine_blocks_comment":0,"magazine_blocks_author_image":"https:\/\/pornuestrolaredo.com\/wp-content\/litespeed\/avatar\/dca1d7ec750c399f025f23b0b314f4cf.jpg?ver=1777007253","magazine_blocks_category":"<a href=\"#\" class=\"category-link category-link-33\">Mexico<\/a>","jetpack_publicize_connections":[],"featured_image_urls":{"full":["https:\/\/pornuestrolaredo.com\/wp-content\/uploads\/2023\/08\/PNL-20230811-4.jpg",900,401,false],"thumbnail":["https:\/\/pornuestrolaredo.com\/wp-content\/uploads\/2023\/08\/PNL-20230811-4-150x150.jpg",150,150,true],"medium":["https:\/\/pornuestrolaredo.com\/wp-content\/uploads\/2023\/08\/PNL-20230811-4-300x134.jpg",300,134,true],"medium_large":["https:\/\/pornuestrolaredo.com\/wp-content\/uploads\/2023\/08\/PNL-20230811-4-768x342.jpg",640,285,true],"large":["https:\/\/pornuestrolaredo.com\/wp-content\/uploads\/2023\/08\/PNL-20230811-4.jpg",640,285,false],"1536x1536":["https:\/\/pornuestrolaredo.com\/wp-content\/uploads\/2023\/08\/PNL-20230811-4.jpg",900,401,false],"2048x2048":["https:\/\/pornuestrolaredo.com\/wp-content\/uploads\/2023\/08\/PNL-20230811-4.jpg",900,401,false],"morenews-large":["https:\/\/pornuestrolaredo.com\/wp-content\/uploads\/2023\/08\/PNL-20230811-4.jpg",825,368,false],"morenews-medium":["https:\/\/pornuestrolaredo.com\/wp-content\/uploads\/2023\/08\/PNL-20230811-4.jpg",590,263,false]},"author_info":{"info":["Redactor"]},"category_info":"<a href=\"https:\/\/pornuestrolaredo.com\/?cat=33\" rel=\"category\">Mexico<\/a>","tag_info":"Mexico","comment_count":"0","jetpack_featured_media_url":"https:\/\/pornuestrolaredo.com\/wp-content\/uploads\/2023\/08\/PNL-20230811-4.jpg","jetpack_sharing_enabled":true,"_links":{"self":[{"href":"https:\/\/pornuestrolaredo.com\/index.php?rest_route=\/wp\/v2\/posts\/2896","targetHints":{"allow":["GET"]}}],"collection":[{"href":"https:\/\/pornuestrolaredo.com\/index.php?rest_route=\/wp\/v2\/posts"}],"about":[{"href":"https:\/\/pornuestrolaredo.com\/index.php?rest_route=\/wp\/v2\/types\/post"}],"author":[{"embeddable":true,"href":"https:\/\/pornuestrolaredo.com\/index.php?rest_route=\/wp\/v2\/users\/1"}],"replies":[{"embeddable":true,"href":"https:\/\/pornuestrolaredo.com\/index.php?rest_route=%2Fwp%2Fv2%2Fcomments&post=2896"}],"version-history":[{"count":1,"href":"https:\/\/pornuestrolaredo.com\/index.php?rest_route=\/wp\/v2\/posts\/2896\/revisions"}],"predecessor-version":[{"id":2898,"href":"https:\/\/pornuestrolaredo.com\/index.php?rest_route=\/wp\/v2\/posts\/2896\/revisions\/2898"}],"wp:featuredmedia":[{"embeddable":true,"href":"https:\/\/pornuestrolaredo.com\/index.php?rest_route=\/wp\/v2\/media\/2897"}],"wp:attachment":[{"href":"https:\/\/pornuestrolaredo.com\/index.php?rest_route=%2Fwp%2Fv2%2Fmedia&parent=2896"}],"wp:term":[{"taxonomy":"category","embeddable":true,"href":"https:\/\/pornuestrolaredo.com\/index.php?rest_route=%2Fwp%2Fv2%2Fcategories&post=2896"},{"taxonomy":"post_tag","embeddable":true,"href":"https:\/\/pornuestrolaredo.com\/index.php?rest_route=%2Fwp%2Fv2%2Ftags&post=2896"}],"curies":[{"name":"wp","href":"https:\/\/api.w.org\/{rel}","templated":true}]}}