{"id":2899,"date":"2023-08-11T06:55:53","date_gmt":"2023-08-11T06:55:53","guid":{"rendered":"https:\/\/pornuestrolaredo.com\/?p=2899"},"modified":"2023-08-11T06:55:53","modified_gmt":"2023-08-11T06:55:53","slug":"acusan-a-alcalde-de-lampazos-de-causar-choque-mortal","status":"publish","type":"post","link":"https:\/\/pornuestrolaredo.com\/?p=2899","title":{"rendered":"Acusan a alcalde de Lampazos de causar choque mortal"},"content":{"rendered":"<p><strong>SALINAS VICTORIA.-<\/strong> El alcalde de Lampazos, Jos\u00e9 Luis Santos Mart\u00ednez, es acusado de provocar un choque el lunes, en el que perdi\u00f3 la vida un ni\u00f1o de un a\u00f1o 11 meses, en Salinas Victoria.<\/p>\n<p>El Edil tambi\u00e9n es se\u00f1alado de tratar de evadir su responsabilidad y enga\u00f1ar a las autoridades, siendo suplantado por otra persona, la cual fue presentada ante el Ministerio P\u00fablico como el supuesto conductor.<\/p>\n<p>La Fiscal\u00eda General de Justicia, que desde el d\u00eda del hecho abri\u00f3 una carpeta de investigaci\u00f3n por el choque y muerte del menor de edad, ya realiza las indagatorias ahora para confirmar la versi\u00f3n de testigos y familiares de la v\u00edctima, que se\u00f1alan a Santos Mart\u00ednez como el verdadero presunto responsable.<\/p>\n<p>El choque se registr\u00f3 al mediod\u00eda del lunes, en la Carretera a Colombia, en Salinas Victoria, cuando una familia de Ramos Arizpe, Coahuila, regresaba del velorio de un familiar, llevado a cabo en An\u00e1huac.<\/p>\n<p>Se estableci\u00f3 que Carlos Humberto Camacho G\u00f3mez, de 26 a\u00f1os, conduc\u00eda un auto Nissan Sentra hacia el sur, e iba acompa\u00f1ado de su esposa Devany Guti\u00e9rrez Arredondo, de 23, su hijo Noah, de un a\u00f1o y 11 meses, y los pap\u00e1s de la mujer.<\/p>\n<p>A la altura del kil\u00f3metro 54 el auto fue impactado por alcance por una camioneta Nissan Frontier modelo 2023, color caf\u00e9.<\/p>\n<p>Por el choque el auto sali\u00f3 de la carretera.<\/p>\n<p>Familiares de Camacho G\u00f3mez mencionaron que el conductor de la Frontier, un hombre calvo, que posteriormente supieron su nombre y que era alcalde de Lampazos, baj\u00f3 de su camioneta y prepotente insult\u00f3 a Carlos Humberto.<\/p>\n<p>Tras la agresi\u00f3n verbal, al darse cuenta de que el ni\u00f1o estaba lesionado, realiz\u00f3 llamadas solicitando una ambulancia.<\/p>\n<p>Antes de la llegada del auxilio, otros automovilistas auxiliaron a la familia y trasladaron a los padres con el ni\u00f1o, siendo luego interceptados por una ambulancia, que los llev\u00f3 a la Cl\u00ednica 6 del Seguro Social, donde Noah fue declarado sin vida.<\/p>\n<p>En el lugar del choque, el suegro de Carlos Humberto vio que en la Frontier llevaban una hielera con cervezas.<\/p>\n<p>Adem\u00e1s, un testigo plenamente identificado, les mencion\u00f3 que minutos antes vio al alcalde en un restaurante, donde inger\u00eda bebidas alcoh\u00f3licas.<\/p>\n<p>Posteriormente llegaron al lugar elementos de la Polic\u00eda y Vialidad de Salinas Victoria, pero tambi\u00e9n de Lampazos.<\/p>\n<p>Cuando los uniformados se acercaron a la Frontier, al volante ya estaba sentado otro hombre, identificado como Alfredo, de 49 a\u00f1os .<\/p>\n<p>\u00c9l asegur\u00f3 ser el responsable del percance y afirm\u00f3 que trat\u00f3 de rebasar al auto Sentra, pero no tom\u00f3 la distancia y lo impact\u00f3 por atr\u00e1s.<\/p>\n<p>Ante esa versi\u00f3n, Alfredo fue puesto a disposici\u00f3n del Ministerio P\u00fablico, inicialmente por el delito de lesiones culposas.<\/p>\n<blockquote><p>La carpeta de investigaci\u00f3n contin\u00faa abierta y el Ministerio P\u00fablico orden\u00f3 una ampliaci\u00f3n a la indagatoria para determinar la probable participaci\u00f3n de otras personas en los hechos referidos&#8221;, mencion\u00f3 una fuente allegada a las indagatorias.<\/p><\/blockquote>\n<p>Los elementos que realizaron la detenci\u00f3n de Alfredo, ya fueron citados a declarar, agreg\u00f3.<\/p>\n","protected":false},"excerpt":{"rendered":"<p>Un ni\u00f1o de un a\u00f1o y 11 meses, la v\u00edctima; aseguran que el edil trata de evadir su responsabilidad y ser suplantado por otra persona<\/p>\n","protected":false},"author":1,"featured_media":2900,"comment_status":"closed","ping_status":"closed","sticky":false,"template":"","format":"standard","meta":{"_crdt_document":"","_jetpack_memberships_contains_paid_content":false,"footnotes":"","jetpack_publicize_message":"","jetpack_publicize_feature_enabled":true,"jetpack_social_post_already_shared":true,"jetpack_social_options":{"image_generator_settings":{"template":"highway","default_image_id":0,"font":"","enabled":false},"version":2},"_wpas_customize_per_network":false},"categories":[33],"tags":[],"class_list":["post-2899","post","type-post","status-publish","format-standard","has-post-thumbnail","hentry","category-mexico"],"magazineBlocksPostFeaturedMedia":{"thumbnail":"https:\/\/pornuestrolaredo.com\/wp-content\/uploads\/2023\/08\/PNL-20230811-1-150x150.jpg","medium":"https:\/\/pornuestrolaredo.com\/wp-content\/uploads\/2023\/08\/PNL-20230811-1-300x172.jpg","medium_large":"https:\/\/pornuestrolaredo.com\/wp-content\/uploads\/2023\/08\/PNL-20230811-1-768x441.jpg","large":"https:\/\/pornuestrolaredo.com\/wp-content\/uploads\/2023\/08\/PNL-20230811-1.jpg","1536x1536":"https:\/\/pornuestrolaredo.com\/wp-content\/uploads\/2023\/08\/PNL-20230811-1.jpg","2048x2048":"https:\/\/pornuestrolaredo.com\/wp-content\/uploads\/2023\/08\/PNL-20230811-1.jpg","morenews-large":"https:\/\/pornuestrolaredo.com\/wp-content\/uploads\/2023\/08\/PNL-20230811-1.jpg","morenews-medium":"https:\/\/pornuestrolaredo.com\/wp-content\/uploads\/2023\/08\/PNL-20230811-1.jpg"},"magazineBlocksPostAuthor":{"name":"Redactor","avatar":"https:\/\/pornuestrolaredo.com\/wp-content\/litespeed\/avatar\/dca1d7ec750c399f025f23b0b314f4cf.jpg?ver=1777007253"},"magazineBlocksPostCommentsNumber":false,"magazineBlocksPostExcerpt":"Un ni\u00f1o de un a\u00f1o y 11 meses, la v\u00edctima; aseguran que el edil trata de evadir su responsabilidad y ser suplantado por otra persona","magazineBlocksPostCategories":["Mexico"],"magazineBlocksPostViewCount":117,"magazineBlocksPostReadTime":3,"magazine_blocks_featured_image_url":{"full":["https:\/\/pornuestrolaredo.com\/wp-content\/uploads\/2023\/08\/PNL-20230811-1.jpg",960,551,false],"medium":["https:\/\/pornuestrolaredo.com\/wp-content\/uploads\/2023\/08\/PNL-20230811-1-300x172.jpg",300,172,true],"thumbnail":["https:\/\/pornuestrolaredo.com\/wp-content\/uploads\/2023\/08\/PNL-20230811-1-150x150.jpg",150,150,true]},"magazine_blocks_author":{"display_name":"Redactor","author_link":"https:\/\/pornuestrolaredo.com\/?author=1"},"magazine_blocks_comment":0,"magazine_blocks_author_image":"https:\/\/pornuestrolaredo.com\/wp-content\/litespeed\/avatar\/dca1d7ec750c399f025f23b0b314f4cf.jpg?ver=1777007253","magazine_blocks_category":"<a href=\"#\" class=\"category-link category-link-33\">Mexico<\/a>","jetpack_publicize_connections":[],"featured_image_urls":{"full":["https:\/\/pornuestrolaredo.com\/wp-content\/uploads\/2023\/08\/PNL-20230811-1.jpg",960,551,false],"thumbnail":["https:\/\/pornuestrolaredo.com\/wp-content\/uploads\/2023\/08\/PNL-20230811-1-150x150.jpg",150,150,true],"medium":["https:\/\/pornuestrolaredo.com\/wp-content\/uploads\/2023\/08\/PNL-20230811-1-300x172.jpg",300,172,true],"medium_large":["https:\/\/pornuestrolaredo.com\/wp-content\/uploads\/2023\/08\/PNL-20230811-1-768x441.jpg",640,368,true],"large":["https:\/\/pornuestrolaredo.com\/wp-content\/uploads\/2023\/08\/PNL-20230811-1.jpg",640,367,false],"1536x1536":["https:\/\/pornuestrolaredo.com\/wp-content\/uploads\/2023\/08\/PNL-20230811-1.jpg",960,551,false],"2048x2048":["https:\/\/pornuestrolaredo.com\/wp-content\/uploads\/2023\/08\/PNL-20230811-1.jpg",960,551,false],"morenews-large":["https:\/\/pornuestrolaredo.com\/wp-content\/uploads\/2023\/08\/PNL-20230811-1.jpg",825,474,false],"morenews-medium":["https:\/\/pornuestrolaredo.com\/wp-content\/uploads\/2023\/08\/PNL-20230811-1.jpg",590,339,false]},"author_info":{"info":["Redactor"]},"category_info":"<a href=\"https:\/\/pornuestrolaredo.com\/?cat=33\" rel=\"category\">Mexico<\/a>","tag_info":"Mexico","comment_count":"0","jetpack_featured_media_url":"https:\/\/pornuestrolaredo.com\/wp-content\/uploads\/2023\/08\/PNL-20230811-1.jpg","jetpack_sharing_enabled":true,"_links":{"self":[{"href":"https:\/\/pornuestrolaredo.com\/index.php?rest_route=\/wp\/v2\/posts\/2899","targetHints":{"allow":["GET"]}}],"collection":[{"href":"https:\/\/pornuestrolaredo.com\/index.php?rest_route=\/wp\/v2\/posts"}],"about":[{"href":"https:\/\/pornuestrolaredo.com\/index.php?rest_route=\/wp\/v2\/types\/post"}],"author":[{"embeddable":true,"href":"https:\/\/pornuestrolaredo.com\/index.php?rest_route=\/wp\/v2\/users\/1"}],"replies":[{"embeddable":true,"href":"https:\/\/pornuestrolaredo.com\/index.php?rest_route=%2Fwp%2Fv2%2Fcomments&post=2899"}],"version-history":[{"count":1,"href":"https:\/\/pornuestrolaredo.com\/index.php?rest_route=\/wp\/v2\/posts\/2899\/revisions"}],"predecessor-version":[{"id":2901,"href":"https:\/\/pornuestrolaredo.com\/index.php?rest_route=\/wp\/v2\/posts\/2899\/revisions\/2901"}],"wp:featuredmedia":[{"embeddable":true,"href":"https:\/\/pornuestrolaredo.com\/index.php?rest_route=\/wp\/v2\/media\/2900"}],"wp:attachment":[{"href":"https:\/\/pornuestrolaredo.com\/index.php?rest_route=%2Fwp%2Fv2%2Fmedia&parent=2899"}],"wp:term":[{"taxonomy":"category","embeddable":true,"href":"https:\/\/pornuestrolaredo.com\/index.php?rest_route=%2Fwp%2Fv2%2Fcategories&post=2899"},{"taxonomy":"post_tag","embeddable":true,"href":"https:\/\/pornuestrolaredo.com\/index.php?rest_route=%2Fwp%2Fv2%2Ftags&post=2899"}],"curies":[{"name":"wp","href":"https:\/\/api.w.org\/{rel}","templated":true}]}}