{"id":2905,"date":"2023-08-12T01:23:36","date_gmt":"2023-08-12T01:23:36","guid":{"rendered":"https:\/\/pornuestrolaredo.com\/?p=2905"},"modified":"2023-08-12T01:23:36","modified_gmt":"2023-08-12T01:23:36","slug":"realizan-extensa-jornada-de-vacunacion","status":"publish","type":"post","link":"https:\/\/pornuestrolaredo.com\/?p=2905","title":{"rendered":"Realizan extensa jornada de vacunaci\u00f3n"},"content":{"rendered":"<p><strong>NUEVO LAREDO.-<\/strong> Con la finalidad de brindar salud y bienestar a los neolaredenses, el Gobierno Municipal llev\u00f3 a cabo una extensa jornada de vacunaci\u00f3n contra el Covid-19 con m\u00e1s de 8 mil dosis disponibles para los neolaredenses en el centro de la ciudad.<\/p>\n<p>La aplicaci\u00f3n del biol\u00f3gico arranc\u00f3 desde las 8:00 AM hasta la 1:00 PM en el Centro C\u00edvico \u201cCarlos Cant\u00fa Rosas\u201d, donde se vacunaron menores desde los 6 meses de edad hasta los adultos mayores con primeras y segundas dosis, as\u00ed como refuerzos.<\/p>\n<p>La secretaria de Bienestar Social, Liliana Arjona Barocio, inform\u00f3 que en la ciudad existe un peque\u00f1o repunte de contagios por Covid y por ello, la alcaldesa Carmen Lilia Canturosas Villarreal dio la indicaci\u00f3n de realizar esta jornada de vacunaci\u00f3n.<\/p>\n<p>\u201cGeneralmente las vacunas de Covid las aplicamos cada 15 d\u00edas, pero por la actual situaci\u00f3n y para evitar un importante brote de contagios, adelantamos esta jornada en la que vacunamos a ciudadanos de todas las edades\u201d, destac\u00f3.<\/p>\n<p>Invit\u00f3 a la ciudadan\u00eda a estar pendiente de la p\u00e1gina oficial de Facebook \u201cGobierno de Nuevo Laredo\u201d, \u201cSecretar\u00eda de Bienestar Social Nuevo Laredo\u201d y \u201cDirecci\u00f3n de Salud Municipal\u201d, as\u00ed como de los medios de comunicaci\u00f3n para que se enteren de la pr\u00f3xima jornada de vacunaci\u00f3n contra el Covid-19.<\/p>\n<p>Adri\u00e1n Ram\u00edrez Bioquinto, padre de familia, acudi\u00f3 a vacunar a su hijo y manifest\u00f3 que la gesti\u00f3n de las vacunas estuvo ordenada y el proceso fue r\u00e1pido.<\/p>\n<p>\u201cLos padres de familia debemos tomar la responsabilidad de traer a nuestros menores porque son un sector vulnerable y hay que aprovechar estas oportunidades que nos da el Gobierno Municipal para prevenir enfermedades\u201d, enfatiz\u00f3.<\/p>\n<p>Por su parte, Margarita Arellano, madre de familia, asisti\u00f3 a la jornada con su esposo e hija para aplicarse dosis de refuerzo y as\u00ed mantener fuerte su sistema inmunol\u00f3gico ante dicho padecimiento.<\/p>\n<p>\u201cGracias a las gestiones de la presidenta municipal, Nuevo Laredo fue el primer municipio de M\u00e9xico en vacunar a ni\u00f1os y eso es algo que se reconoce porque los menores siempre son prioridad\u201d, expres\u00f3.<\/p>\n<p>A la par de esta jornada, se gestion\u00f3 la \u00faltima fecha de vacunaci\u00f3n contra el Virus del Papiloma Humano (VPH).<\/p>\n","protected":false},"excerpt":{"rendered":"<p>El Gobierno Municipal de NLD pone a disposici\u00f3n de la ciudadan\u00eda m\u00e1s de 8 mil dosis, para ni\u00f1os desde seis meses y hasta adultos mayores<\/p>\n","protected":false},"author":1,"featured_media":2908,"comment_status":"closed","ping_status":"closed","sticky":false,"template":"","format":"standard","meta":{"_crdt_document":"","_jetpack_memberships_contains_paid_content":false,"footnotes":"","jetpack_publicize_message":"","jetpack_publicize_feature_enabled":true,"jetpack_social_post_already_shared":true,"jetpack_social_options":{"image_generator_settings":{"template":"highway","default_image_id":0,"font":"","enabled":false},"version":2},"_wpas_customize_per_network":false},"categories":[4],"tags":[],"class_list":["post-2905","post","type-post","status-publish","format-standard","has-post-thumbnail","hentry","category-los-dos-laredos"],"magazineBlocksPostFeaturedMedia":{"thumbnail":"https:\/\/pornuestrolaredo.com\/wp-content\/uploads\/2023\/08\/Vacuna-150x150.jpg","medium":"https:\/\/pornuestrolaredo.com\/wp-content\/uploads\/2023\/08\/Vacuna-300x200.jpg","medium_large":"https:\/\/pornuestrolaredo.com\/wp-content\/uploads\/2023\/08\/Vacuna-768x512.jpg","large":"https:\/\/pornuestrolaredo.com\/wp-content\/uploads\/2023\/08\/Vacuna-1000x666.jpg","1536x1536":"https:\/\/pornuestrolaredo.com\/wp-content\/uploads\/2023\/08\/Vacuna.jpg","2048x2048":"https:\/\/pornuestrolaredo.com\/wp-content\/uploads\/2023\/08\/Vacuna.jpg","morenews-large":"https:\/\/pornuestrolaredo.com\/wp-content\/uploads\/2023\/08\/Vacuna.jpg","morenews-medium":"https:\/\/pornuestrolaredo.com\/wp-content\/uploads\/2023\/08\/Vacuna.jpg"},"magazineBlocksPostAuthor":{"name":"Redactor","avatar":"https:\/\/pornuestrolaredo.com\/wp-content\/litespeed\/avatar\/dca1d7ec750c399f025f23b0b314f4cf.jpg?ver=1777007253"},"magazineBlocksPostCommentsNumber":false,"magazineBlocksPostExcerpt":"El Gobierno Municipal de NLD pone a disposici\u00f3n de la ciudadan\u00eda m\u00e1s de 8 mil dosis, para ni\u00f1os desde seis meses y hasta adultos mayores","magazineBlocksPostCategories":["Los dos Laredos"],"magazineBlocksPostViewCount":133,"magazineBlocksPostReadTime":2,"magazine_blocks_featured_image_url":{"full":["https:\/\/pornuestrolaredo.com\/wp-content\/uploads\/2023\/08\/Vacuna.jpg",1280,853,false],"medium":["https:\/\/pornuestrolaredo.com\/wp-content\/uploads\/2023\/08\/Vacuna-300x200.jpg",300,200,true],"thumbnail":["https:\/\/pornuestrolaredo.com\/wp-content\/uploads\/2023\/08\/Vacuna-150x150.jpg",150,150,true]},"magazine_blocks_author":{"display_name":"Redactor","author_link":"https:\/\/pornuestrolaredo.com\/?author=1"},"magazine_blocks_comment":0,"magazine_blocks_author_image":"https:\/\/pornuestrolaredo.com\/wp-content\/litespeed\/avatar\/dca1d7ec750c399f025f23b0b314f4cf.jpg?ver=1777007253","magazine_blocks_category":"<a href=\"#\" class=\"category-link category-link-4\">Los dos Laredos<\/a>","jetpack_publicize_connections":[],"featured_image_urls":{"full":["https:\/\/pornuestrolaredo.com\/wp-content\/uploads\/2023\/08\/Vacuna.jpg",1280,853,false],"thumbnail":["https:\/\/pornuestrolaredo.com\/wp-content\/uploads\/2023\/08\/Vacuna-150x150.jpg",150,150,true],"medium":["https:\/\/pornuestrolaredo.com\/wp-content\/uploads\/2023\/08\/Vacuna-300x200.jpg",300,200,true],"medium_large":["https:\/\/pornuestrolaredo.com\/wp-content\/uploads\/2023\/08\/Vacuna-768x512.jpg",640,427,true],"large":["https:\/\/pornuestrolaredo.com\/wp-content\/uploads\/2023\/08\/Vacuna-1000x666.jpg",640,426,true],"1536x1536":["https:\/\/pornuestrolaredo.com\/wp-content\/uploads\/2023\/08\/Vacuna.jpg",1280,853,false],"2048x2048":["https:\/\/pornuestrolaredo.com\/wp-content\/uploads\/2023\/08\/Vacuna.jpg",1280,853,false],"morenews-large":["https:\/\/pornuestrolaredo.com\/wp-content\/uploads\/2023\/08\/Vacuna.jpg",825,550,false],"morenews-medium":["https:\/\/pornuestrolaredo.com\/wp-content\/uploads\/2023\/08\/Vacuna.jpg",590,393,false]},"author_info":{"info":["Redactor"]},"category_info":"<a href=\"https:\/\/pornuestrolaredo.com\/?cat=4\" rel=\"category\">Los dos Laredos<\/a>","tag_info":"Los dos Laredos","comment_count":"0","jetpack_featured_media_url":"https:\/\/pornuestrolaredo.com\/wp-content\/uploads\/2023\/08\/Vacuna.jpg","jetpack_sharing_enabled":true,"_links":{"self":[{"href":"https:\/\/pornuestrolaredo.com\/index.php?rest_route=\/wp\/v2\/posts\/2905","targetHints":{"allow":["GET"]}}],"collection":[{"href":"https:\/\/pornuestrolaredo.com\/index.php?rest_route=\/wp\/v2\/posts"}],"about":[{"href":"https:\/\/pornuestrolaredo.com\/index.php?rest_route=\/wp\/v2\/types\/post"}],"author":[{"embeddable":true,"href":"https:\/\/pornuestrolaredo.com\/index.php?rest_route=\/wp\/v2\/users\/1"}],"replies":[{"embeddable":true,"href":"https:\/\/pornuestrolaredo.com\/index.php?rest_route=%2Fwp%2Fv2%2Fcomments&post=2905"}],"version-history":[{"count":3,"href":"https:\/\/pornuestrolaredo.com\/index.php?rest_route=\/wp\/v2\/posts\/2905\/revisions"}],"predecessor-version":[{"id":2909,"href":"https:\/\/pornuestrolaredo.com\/index.php?rest_route=\/wp\/v2\/posts\/2905\/revisions\/2909"}],"wp:featuredmedia":[{"embeddable":true,"href":"https:\/\/pornuestrolaredo.com\/index.php?rest_route=\/wp\/v2\/media\/2908"}],"wp:attachment":[{"href":"https:\/\/pornuestrolaredo.com\/index.php?rest_route=%2Fwp%2Fv2%2Fmedia&parent=2905"}],"wp:term":[{"taxonomy":"category","embeddable":true,"href":"https:\/\/pornuestrolaredo.com\/index.php?rest_route=%2Fwp%2Fv2%2Fcategories&post=2905"},{"taxonomy":"post_tag","embeddable":true,"href":"https:\/\/pornuestrolaredo.com\/index.php?rest_route=%2Fwp%2Fv2%2Ftags&post=2905"}],"curies":[{"name":"wp","href":"https:\/\/api.w.org\/{rel}","templated":true}]}}