{"id":2913,"date":"2023-08-12T06:32:18","date_gmt":"2023-08-12T06:32:18","guid":{"rendered":"https:\/\/pornuestrolaredo.com\/?p=2913"},"modified":"2023-08-12T06:32:18","modified_gmt":"2023-08-12T06:32:18","slug":"abren-en-nld-199-negocios-de-enero-a-julio","status":"publish","type":"post","link":"https:\/\/pornuestrolaredo.com\/?p=2913","title":{"rendered":"Abren en NLD 199 negocios de enero a julio"},"content":{"rendered":"<p><strong>NUEVO LAREDO.-<\/strong> Gracias a la confianza que existe en Nuevo Laredo la apertura de nuevos negocios as\u00ed como la expansi\u00f3n de otros se mantiene en la ciudad, los que a su vez tambi\u00e9n generan empleo y mantiene a la ciudad por encima de la media nacional.<\/p>\n<p>La alcaldesa, Carmen Lilia Canturosas Villarreal, mencion\u00f3 que la instalaci\u00f3n de comercios es el reflejo que ha generado la administraci\u00f3n quienes han sido facilitadores con la finalidad de impulsar el desarrollo econ\u00f3mico de esta frontera.<\/p>\n<blockquote><p>Estamos muy contentos porque como nunca hemos visto este crecimiento que fortalece el progreso para los neolaredenses, nosotros como gobierno municipal seguiremos siendo aliados de quienes quieran el bienestar de la ciudad\u201d, se\u00f1al\u00f3 Canturosas, presidenta municipal.<\/p><\/blockquote>\n<p>Inform\u00f3 que solo en julio se instalaron siete negocios de alimentos, tres negocios de ropa, dos minisuper, tres barber\u00eda\/est\u00e9tica, dos gimnasios y 11 de otros giros.<\/p>\n<p>De enero a julio se han abierto 199 negocios en diferentes sectores de la ciudad.<\/p>\n<p>Por su parte Rolando Guevara Gonz\u00e1lez, secretario de Desarrollo Econ\u00f3mico, inform\u00f3 que esta semana se inaugur\u00f3 la s\u00e9ptima tienda de autoservicio \u201cCoppel\u201d y que dio empleo a 30 personas.<\/p>\n<blockquote><p>Llevamos un gran ritmo de crecimiento continuo, seguimos con esa espiral ascendente, no es casual que somos considerados como uno de los puntos en donde mayor oferta existe de empleo\u201d, dijo Guevara Gonz\u00e1lez, titular de la secretar\u00eda.<\/p><\/blockquote>\n<p>Tambi\u00e9n representantes de la tienda Coppel dieron a conocer que abrir\u00e1 una octava tienda al poniente de la ciudad.<\/p>\n","protected":false},"excerpt":{"rendered":"<p>Solo en julio se instalaron siete negocios de alimentos, tres negocios de ropa, dos minisuper, tres barber\u00eda\/est\u00e9tica, dos gimnasios y 11 de otros giros<\/p>\n","protected":false},"author":1,"featured_media":2915,"comment_status":"closed","ping_status":"closed","sticky":false,"template":"","format":"standard","meta":{"_crdt_document":"","_jetpack_memberships_contains_paid_content":false,"footnotes":"","jetpack_publicize_message":"","jetpack_publicize_feature_enabled":true,"jetpack_social_post_already_shared":true,"jetpack_social_options":{"image_generator_settings":{"template":"highway","default_image_id":0,"font":"","enabled":false},"version":2},"_wpas_customize_per_network":false},"categories":[4],"tags":[],"class_list":["post-2913","post","type-post","status-publish","format-standard","has-post-thumbnail","hentry","category-los-dos-laredos"],"magazineBlocksPostFeaturedMedia":{"thumbnail":"https:\/\/pornuestrolaredo.com\/wp-content\/uploads\/2023\/08\/PNL-20230811-13-150x150.jpg","medium":"https:\/\/pornuestrolaredo.com\/wp-content\/uploads\/2023\/08\/PNL-20230811-13-300x200.jpg","medium_large":"https:\/\/pornuestrolaredo.com\/wp-content\/uploads\/2023\/08\/PNL-20230811-13-768x513.jpg","large":"https:\/\/pornuestrolaredo.com\/wp-content\/uploads\/2023\/08\/PNL-20230811-13.jpg","1536x1536":"https:\/\/pornuestrolaredo.com\/wp-content\/uploads\/2023\/08\/PNL-20230811-13.jpg","2048x2048":"https:\/\/pornuestrolaredo.com\/wp-content\/uploads\/2023\/08\/PNL-20230811-13.jpg","morenews-large":"https:\/\/pornuestrolaredo.com\/wp-content\/uploads\/2023\/08\/PNL-20230811-13.jpg","morenews-medium":"https:\/\/pornuestrolaredo.com\/wp-content\/uploads\/2023\/08\/PNL-20230811-13.jpg"},"magazineBlocksPostAuthor":{"name":"Redactor","avatar":"https:\/\/pornuestrolaredo.com\/wp-content\/litespeed\/avatar\/dca1d7ec750c399f025f23b0b314f4cf.jpg?ver=1777007253"},"magazineBlocksPostCommentsNumber":false,"magazineBlocksPostExcerpt":"Solo en julio se instalaron siete negocios de alimentos, tres negocios de ropa, dos minisuper, tres barber\u00eda\/est\u00e9tica, dos gimnasios y 11 de otros giros","magazineBlocksPostCategories":["Los dos Laredos"],"magazineBlocksPostViewCount":141,"magazineBlocksPostReadTime":2,"magazine_blocks_featured_image_url":{"full":["https:\/\/pornuestrolaredo.com\/wp-content\/uploads\/2023\/08\/PNL-20230811-13.jpg",960,641,false],"medium":["https:\/\/pornuestrolaredo.com\/wp-content\/uploads\/2023\/08\/PNL-20230811-13-300x200.jpg",300,200,true],"thumbnail":["https:\/\/pornuestrolaredo.com\/wp-content\/uploads\/2023\/08\/PNL-20230811-13-150x150.jpg",150,150,true]},"magazine_blocks_author":{"display_name":"Redactor","author_link":"https:\/\/pornuestrolaredo.com\/?author=1"},"magazine_blocks_comment":0,"magazine_blocks_author_image":"https:\/\/pornuestrolaredo.com\/wp-content\/litespeed\/avatar\/dca1d7ec750c399f025f23b0b314f4cf.jpg?ver=1777007253","magazine_blocks_category":"<a href=\"#\" class=\"category-link category-link-4\">Los dos Laredos<\/a>","jetpack_publicize_connections":[],"featured_image_urls":{"full":["https:\/\/pornuestrolaredo.com\/wp-content\/uploads\/2023\/08\/PNL-20230811-13.jpg",960,641,false],"thumbnail":["https:\/\/pornuestrolaredo.com\/wp-content\/uploads\/2023\/08\/PNL-20230811-13-150x150.jpg",150,150,true],"medium":["https:\/\/pornuestrolaredo.com\/wp-content\/uploads\/2023\/08\/PNL-20230811-13-300x200.jpg",300,200,true],"medium_large":["https:\/\/pornuestrolaredo.com\/wp-content\/uploads\/2023\/08\/PNL-20230811-13-768x513.jpg",640,428,true],"large":["https:\/\/pornuestrolaredo.com\/wp-content\/uploads\/2023\/08\/PNL-20230811-13.jpg",640,427,false],"1536x1536":["https:\/\/pornuestrolaredo.com\/wp-content\/uploads\/2023\/08\/PNL-20230811-13.jpg",960,641,false],"2048x2048":["https:\/\/pornuestrolaredo.com\/wp-content\/uploads\/2023\/08\/PNL-20230811-13.jpg",960,641,false],"morenews-large":["https:\/\/pornuestrolaredo.com\/wp-content\/uploads\/2023\/08\/PNL-20230811-13.jpg",825,551,false],"morenews-medium":["https:\/\/pornuestrolaredo.com\/wp-content\/uploads\/2023\/08\/PNL-20230811-13.jpg",590,394,false]},"author_info":{"info":["Redactor"]},"category_info":"<a href=\"https:\/\/pornuestrolaredo.com\/?cat=4\" rel=\"category\">Los dos Laredos<\/a>","tag_info":"Los dos Laredos","comment_count":"0","jetpack_featured_media_url":"https:\/\/pornuestrolaredo.com\/wp-content\/uploads\/2023\/08\/PNL-20230811-13.jpg","jetpack_sharing_enabled":true,"_links":{"self":[{"href":"https:\/\/pornuestrolaredo.com\/index.php?rest_route=\/wp\/v2\/posts\/2913","targetHints":{"allow":["GET"]}}],"collection":[{"href":"https:\/\/pornuestrolaredo.com\/index.php?rest_route=\/wp\/v2\/posts"}],"about":[{"href":"https:\/\/pornuestrolaredo.com\/index.php?rest_route=\/wp\/v2\/types\/post"}],"author":[{"embeddable":true,"href":"https:\/\/pornuestrolaredo.com\/index.php?rest_route=\/wp\/v2\/users\/1"}],"replies":[{"embeddable":true,"href":"https:\/\/pornuestrolaredo.com\/index.php?rest_route=%2Fwp%2Fv2%2Fcomments&post=2913"}],"version-history":[{"count":2,"href":"https:\/\/pornuestrolaredo.com\/index.php?rest_route=\/wp\/v2\/posts\/2913\/revisions"}],"predecessor-version":[{"id":2916,"href":"https:\/\/pornuestrolaredo.com\/index.php?rest_route=\/wp\/v2\/posts\/2913\/revisions\/2916"}],"wp:featuredmedia":[{"embeddable":true,"href":"https:\/\/pornuestrolaredo.com\/index.php?rest_route=\/wp\/v2\/media\/2915"}],"wp:attachment":[{"href":"https:\/\/pornuestrolaredo.com\/index.php?rest_route=%2Fwp%2Fv2%2Fmedia&parent=2913"}],"wp:term":[{"taxonomy":"category","embeddable":true,"href":"https:\/\/pornuestrolaredo.com\/index.php?rest_route=%2Fwp%2Fv2%2Fcategories&post=2913"},{"taxonomy":"post_tag","embeddable":true,"href":"https:\/\/pornuestrolaredo.com\/index.php?rest_route=%2Fwp%2Fv2%2Ftags&post=2913"}],"curies":[{"name":"wp","href":"https:\/\/api.w.org\/{rel}","templated":true}]}}