{"id":2931,"date":"2023-08-15T05:01:02","date_gmt":"2023-08-15T05:01:02","guid":{"rendered":"https:\/\/pornuestrolaredo.com\/?p=2931"},"modified":"2023-08-15T05:01:02","modified_gmt":"2023-08-15T05:01:02","slug":"abren-en-nld-inscripciones-para-talleres-de-oficio","status":"publish","type":"post","link":"https:\/\/pornuestrolaredo.com\/?p=2931","title":{"rendered":"Abren en NLD inscripciones para talleres de oficio"},"content":{"rendered":"<p><strong>NUEVO LAREDO.-<\/strong> A partir de este lunes 14 de agosto al viernes 1 de septiembre se llevar\u00e1n a cabo las inscripciones de los talleres de oficio dirigido a toda la poblaci\u00f3n que desee aprender nuevas habilidades.<\/p>\n<p>La alcaldesa, Carmen Lilia Canturosas, invit\u00f3 a la ciudadan\u00eda a ser parte de estos talleres a los que han asistido cientos de personas que posteriormente crean su propio negocio.<\/p>\n<blockquote><p>Es una gran oportunidad para desarrollar nuevas habilidades con las que pueden emprender un negocio y aportar a la econom\u00eda familiar, como gobierno tenemos el compromiso de mejorar la calidad de vida de los neolaredenses  a trav\u00e9s de estos talleres\u201d, se\u00f1al\u00f3 Canturosas, presidenta municipal.<\/p><\/blockquote>\n<p>Indic\u00f3 que adem\u00e1s del aprendizaje reciben una constancia avalada por la Secretar\u00eda de Educaci\u00f3n P\u00fablica (SEP).<\/p>\n<blockquote><p>Tenemos muchos casos de \u00e9xito con estos talleres, tanto de personas que logran iniciar su negocio, como de j\u00f3venes que se suman a la fuerza laboral, por eso invitamos a toda la ciudadan\u00eda para que se inscriba y aproveche al m\u00e1ximo esta oportunidad\u201d, expres\u00f3 la alcaldesa.<\/p><\/blockquote>\n<p>A trav\u00e9s de  tres generaciones de los Talleres de Oficio, se han graduado mil 321 neolaredenses quienes lograron emprender un negocio o sumarse al \u00e1rea laboral.<\/p>\n<p>Los talleres que se brindar\u00e1n son en el Tamul de Colinas del Sur: Ingl\u00e9s 1, Maquillaje y Peinado, Limpieza de Minisplit, Corte y Confecci\u00f3n; Centro Comunitario Nueva Victoria: Reposter\u00eda, Panader\u00eda, Maquillaje y Peinado.<\/p>\n<p>En el Tamul de Villas de San Miguel: Limpieza de Minisplit e Ingl\u00e9s; Tamul El Progreso: Ingl\u00e9s 1, Maquillaje y Peinado y Barber Shop; Tamul Am\u00e9rico Villarreal: Ingl\u00e9s 1 y Reposter\u00eda; Tamul Villas del Sol: Gastronom\u00eda, Reposter\u00eda, Corte y Confecci\u00f3n.<\/p>\n<p>Adem\u00e1s en el Centro Comunitario Villas de San Miguel: Barber Shop, Reposter\u00eda, y Maquillaje y Peinado; Centro Comunitario Campo Real: Aplicaci\u00f3n de U\u00f1as, Maquillaje y Peinado, Barber Shop, Cosmetolog\u00eda y Spa.<\/p>\n<p>En el Centro Comunitario Ampliaci\u00f3n el Nogal: Gastronom\u00eda, Reposter\u00eda, Ingl\u00e9s, Aplicaci\u00f3n de U\u00f1as, Maquillaje y Peinado; Centro Comunitario Francisco Villa: Barber Shop, Maquillaje y Peinado.<\/p>\n<p>Los requisitos son dos copias de la siguiente documentaci\u00f3n: acta de nacimiento actualizada, Curp actualizado, comprobante de domicilio no mayor a tres meses, credencial de elector (en el caso de ser menor de edad presentar credencial de mam\u00e1, pap\u00e1 o tutor), y 100 pesos de la constancia.<\/p>\n<p>Las inscripciones se realizan en cada lugar mencionado de lunes a viernes  de 12:00 del mediod\u00eda a 7:00 de la tarde. <\/p>\n<p>Para mayor informaci\u00f3n los interesados deber\u00e1n comunicarse al 867 713 3619.<\/p>\n","protected":false},"excerpt":{"rendered":"<p>La alcaldesa, Carmen Lilia Canturosas, invita a la ciudadan\u00eda a desarrollar nuevas habilidades<\/p>\n","protected":false},"author":1,"featured_media":2932,"comment_status":"closed","ping_status":"closed","sticky":false,"template":"","format":"standard","meta":{"_crdt_document":"","_jetpack_memberships_contains_paid_content":false,"footnotes":"","jetpack_publicize_message":"","jetpack_publicize_feature_enabled":true,"jetpack_social_post_already_shared":true,"jetpack_social_options":{"image_generator_settings":{"template":"highway","default_image_id":0,"font":"","enabled":false},"version":2},"_wpas_customize_per_network":false},"categories":[4],"tags":[],"class_list":["post-2931","post","type-post","status-publish","format-standard","has-post-thumbnail","hentry","category-los-dos-laredos"],"magazineBlocksPostFeaturedMedia":{"thumbnail":"https:\/\/pornuestrolaredo.com\/wp-content\/uploads\/2023\/08\/Stereo91-20230814-2-150x150.jpg","medium":"https:\/\/pornuestrolaredo.com\/wp-content\/uploads\/2023\/08\/Stereo91-20230814-2-300x169.jpg","medium_large":"https:\/\/pornuestrolaredo.com\/wp-content\/uploads\/2023\/08\/Stereo91-20230814-2-768x433.jpg","large":"https:\/\/pornuestrolaredo.com\/wp-content\/uploads\/2023\/08\/Stereo91-20230814-2.jpg","1536x1536":"https:\/\/pornuestrolaredo.com\/wp-content\/uploads\/2023\/08\/Stereo91-20230814-2.jpg","2048x2048":"https:\/\/pornuestrolaredo.com\/wp-content\/uploads\/2023\/08\/Stereo91-20230814-2.jpg","morenews-large":"https:\/\/pornuestrolaredo.com\/wp-content\/uploads\/2023\/08\/Stereo91-20230814-2.jpg","morenews-medium":"https:\/\/pornuestrolaredo.com\/wp-content\/uploads\/2023\/08\/Stereo91-20230814-2.jpg"},"magazineBlocksPostAuthor":{"name":"Redactor","avatar":"https:\/\/pornuestrolaredo.com\/wp-content\/litespeed\/avatar\/dca1d7ec750c399f025f23b0b314f4cf.jpg?ver=1777612120"},"magazineBlocksPostCommentsNumber":false,"magazineBlocksPostExcerpt":"La alcaldesa, Carmen Lilia Canturosas, invita a la ciudadan\u00eda a desarrollar nuevas habilidades","magazineBlocksPostCategories":["Los dos Laredos"],"magazineBlocksPostViewCount":142,"magazineBlocksPostReadTime":3,"magazine_blocks_featured_image_url":{"full":["https:\/\/pornuestrolaredo.com\/wp-content\/uploads\/2023\/08\/Stereo91-20230814-2.jpg",900,508,false],"medium":["https:\/\/pornuestrolaredo.com\/wp-content\/uploads\/2023\/08\/Stereo91-20230814-2-300x169.jpg",300,169,true],"thumbnail":["https:\/\/pornuestrolaredo.com\/wp-content\/uploads\/2023\/08\/Stereo91-20230814-2-150x150.jpg",150,150,true]},"magazine_blocks_author":{"display_name":"Redactor","author_link":"https:\/\/pornuestrolaredo.com\/?author=1"},"magazine_blocks_comment":0,"magazine_blocks_author_image":"https:\/\/pornuestrolaredo.com\/wp-content\/litespeed\/avatar\/dca1d7ec750c399f025f23b0b314f4cf.jpg?ver=1777612120","magazine_blocks_category":"<a href=\"#\" class=\"category-link category-link-4\">Los dos Laredos<\/a>","jetpack_publicize_connections":[],"featured_image_urls":{"full":["https:\/\/pornuestrolaredo.com\/wp-content\/uploads\/2023\/08\/Stereo91-20230814-2.jpg",900,508,false],"thumbnail":["https:\/\/pornuestrolaredo.com\/wp-content\/uploads\/2023\/08\/Stereo91-20230814-2-150x150.jpg",150,150,true],"medium":["https:\/\/pornuestrolaredo.com\/wp-content\/uploads\/2023\/08\/Stereo91-20230814-2-300x169.jpg",300,169,true],"medium_large":["https:\/\/pornuestrolaredo.com\/wp-content\/uploads\/2023\/08\/Stereo91-20230814-2-768x433.jpg",640,361,true],"large":["https:\/\/pornuestrolaredo.com\/wp-content\/uploads\/2023\/08\/Stereo91-20230814-2.jpg",640,361,false],"1536x1536":["https:\/\/pornuestrolaredo.com\/wp-content\/uploads\/2023\/08\/Stereo91-20230814-2.jpg",900,508,false],"2048x2048":["https:\/\/pornuestrolaredo.com\/wp-content\/uploads\/2023\/08\/Stereo91-20230814-2.jpg",900,508,false],"morenews-large":["https:\/\/pornuestrolaredo.com\/wp-content\/uploads\/2023\/08\/Stereo91-20230814-2.jpg",825,466,false],"morenews-medium":["https:\/\/pornuestrolaredo.com\/wp-content\/uploads\/2023\/08\/Stereo91-20230814-2.jpg",590,333,false]},"author_info":{"info":["Redactor"]},"category_info":"<a href=\"https:\/\/pornuestrolaredo.com\/?cat=4\" rel=\"category\">Los dos Laredos<\/a>","tag_info":"Los dos Laredos","comment_count":"0","jetpack_featured_media_url":"https:\/\/pornuestrolaredo.com\/wp-content\/uploads\/2023\/08\/Stereo91-20230814-2.jpg","jetpack_sharing_enabled":true,"_links":{"self":[{"href":"https:\/\/pornuestrolaredo.com\/index.php?rest_route=\/wp\/v2\/posts\/2931","targetHints":{"allow":["GET"]}}],"collection":[{"href":"https:\/\/pornuestrolaredo.com\/index.php?rest_route=\/wp\/v2\/posts"}],"about":[{"href":"https:\/\/pornuestrolaredo.com\/index.php?rest_route=\/wp\/v2\/types\/post"}],"author":[{"embeddable":true,"href":"https:\/\/pornuestrolaredo.com\/index.php?rest_route=\/wp\/v2\/users\/1"}],"replies":[{"embeddable":true,"href":"https:\/\/pornuestrolaredo.com\/index.php?rest_route=%2Fwp%2Fv2%2Fcomments&post=2931"}],"version-history":[{"count":1,"href":"https:\/\/pornuestrolaredo.com\/index.php?rest_route=\/wp\/v2\/posts\/2931\/revisions"}],"predecessor-version":[{"id":2933,"href":"https:\/\/pornuestrolaredo.com\/index.php?rest_route=\/wp\/v2\/posts\/2931\/revisions\/2933"}],"wp:featuredmedia":[{"embeddable":true,"href":"https:\/\/pornuestrolaredo.com\/index.php?rest_route=\/wp\/v2\/media\/2932"}],"wp:attachment":[{"href":"https:\/\/pornuestrolaredo.com\/index.php?rest_route=%2Fwp%2Fv2%2Fmedia&parent=2931"}],"wp:term":[{"taxonomy":"category","embeddable":true,"href":"https:\/\/pornuestrolaredo.com\/index.php?rest_route=%2Fwp%2Fv2%2Fcategories&post=2931"},{"taxonomy":"post_tag","embeddable":true,"href":"https:\/\/pornuestrolaredo.com\/index.php?rest_route=%2Fwp%2Fv2%2Ftags&post=2931"}],"curies":[{"name":"wp","href":"https:\/\/api.w.org\/{rel}","templated":true}]}}