{"id":2950,"date":"2023-08-18T06:24:38","date_gmt":"2023-08-18T06:24:38","guid":{"rendered":"https:\/\/pornuestrolaredo.com\/?p=2950"},"modified":"2023-08-18T06:24:38","modified_gmt":"2023-08-18T06:24:38","slug":"prende-fuego-al-campanario-de-iglesia","status":"publish","type":"post","link":"https:\/\/pornuestrolaredo.com\/?p=2950","title":{"rendered":"Prende fuego al campanario de iglesia"},"content":{"rendered":"<p><strong>SANTIAGO, Nuevo Le\u00f3n.-<\/strong> Cuando se celebraban una misa, un hombre se atrincher\u00f3 en el campanario y le prendi\u00f3 fuego, causando alarma ayer por la tarde en Santiago.<\/p>\n<p>El sacerdote de la parroquia Santiago Ap\u00f3stol pidi\u00f3 el auxilio a los n\u00fameros de emergencia para reportar el incendio, por lo que acudieron Protecci\u00f3n Civil, Bomberos y polic\u00edas.<\/p>\n<p>Los hechos se suscitaron a las 7:00 de la tarde, en la iglesia ubicada en la calle Benito Ju\u00e1rez, en la Colonia La Villa, en el Centro del Municipio, inform\u00f3 Eduardo S\u00e1nchez, Secretario de Seguridad P\u00fablica municipal.<\/p>\n<p>El funcionario dijo, en entrevista telef\u00f3nica esta ma\u00f1ana, que se trat\u00f3 de un hombre identificado como H\u00e9ctor Miguel, de 37 a\u00f1os, y quien al parecer padece de alguna enfermedad mental.<\/p>\n<p>Seg\u00fan trascendi\u00f3, el responsable lleg\u00f3 a la parroquia y espero a que el sacerdote iniciar\u00e1 la misa, para luego meterse al \u00e1rea del campanario y prender fuego a un arreglo floral y a las cortinas.<\/p>\n<p>El incendio gener\u00f3 inmediatamente una humareda que sal\u00eda hacia el exterior de la parroquia, llamando la atenci\u00f3n y causando alarma entre los asistentes a la misa y de las personas que estaban por esta zona.<\/p>\n<p>Al parecer, el hombre tambi\u00e9n se amarr\u00f3 con cadenas y se atrincher\u00f3 dentro del campanario, aunque esta versi\u00f3n no fue confirmada por las autoridades.<\/p>\n<p>Al llegar las unidades de emergencia sacaron a H\u00e9ctor Miguel, mientras que bomberos y Protecci\u00f3n Civil sofocaban el siniestro.<\/p>\n<p>El Secretario de Seguridad P\u00fablica se\u00f1al\u00f3 que al detener al hombre descubrieron que hablaba incoherencias, por lo que presumen padece alguna enfermedad mental.<\/p>\n<p>Los polic\u00edas solicitaron al sacerdote acudir al CODE para interponer la denuncia para proceder contra el detenido, pero el cl\u00e9rigo desisti\u00f3 de denunciarlo.<\/p>\n<p>La polic\u00eda de Santiago retuvo al hombre y esta ma\u00f1ana trataba de canalizarlo hacia alg\u00fan hospital psiqui\u00e1trico, se\u00f1al\u00f3 S\u00e1nchez.<\/p>\n","protected":false},"excerpt":{"rendered":"<p>Los bomberos controlan el fuego y polic\u00edas detienen al hombre que al parecer padece de una enfermedad mental<\/p>\n","protected":false},"author":1,"featured_media":2951,"comment_status":"closed","ping_status":"closed","sticky":false,"template":"","format":"standard","meta":{"_crdt_document":"","_jetpack_memberships_contains_paid_content":false,"footnotes":"","jetpack_publicize_message":"","jetpack_publicize_feature_enabled":true,"jetpack_social_post_already_shared":true,"jetpack_social_options":{"image_generator_settings":{"template":"highway","default_image_id":0,"font":"","enabled":false},"version":2},"_wpas_customize_per_network":false},"categories":[33],"tags":[],"class_list":["post-2950","post","type-post","status-publish","format-standard","has-post-thumbnail","hentry","category-mexico"],"magazineBlocksPostFeaturedMedia":{"thumbnail":"https:\/\/pornuestrolaredo.com\/wp-content\/uploads\/2023\/08\/Stereo91-20230818-4-150x150.jpg","medium":"https:\/\/pornuestrolaredo.com\/wp-content\/uploads\/2023\/08\/Stereo91-20230818-4-300x163.jpg","medium_large":"https:\/\/pornuestrolaredo.com\/wp-content\/uploads\/2023\/08\/Stereo91-20230818-4-768x418.jpg","large":"https:\/\/pornuestrolaredo.com\/wp-content\/uploads\/2023\/08\/Stereo91-20230818-4-1000x545.jpg","1536x1536":"https:\/\/pornuestrolaredo.com\/wp-content\/uploads\/2023\/08\/Stereo91-20230818-4.jpg","2048x2048":"https:\/\/pornuestrolaredo.com\/wp-content\/uploads\/2023\/08\/Stereo91-20230818-4.jpg","morenews-large":"https:\/\/pornuestrolaredo.com\/wp-content\/uploads\/2023\/08\/Stereo91-20230818-4.jpg","morenews-medium":"https:\/\/pornuestrolaredo.com\/wp-content\/uploads\/2023\/08\/Stereo91-20230818-4.jpg"},"magazineBlocksPostAuthor":{"name":"Redactor","avatar":"https:\/\/pornuestrolaredo.com\/wp-content\/litespeed\/avatar\/dca1d7ec750c399f025f23b0b314f4cf.jpg?ver=1777612120"},"magazineBlocksPostCommentsNumber":false,"magazineBlocksPostExcerpt":"Los bomberos controlan el fuego y polic\u00edas detienen al hombre que al parecer padece de una enfermedad mental","magazineBlocksPostCategories":["Mexico"],"magazineBlocksPostViewCount":145,"magazineBlocksPostReadTime":2,"magazine_blocks_featured_image_url":{"full":["https:\/\/pornuestrolaredo.com\/wp-content\/uploads\/2023\/08\/Stereo91-20230818-4.jpg",1010,550,false],"medium":["https:\/\/pornuestrolaredo.com\/wp-content\/uploads\/2023\/08\/Stereo91-20230818-4-300x163.jpg",300,163,true],"thumbnail":["https:\/\/pornuestrolaredo.com\/wp-content\/uploads\/2023\/08\/Stereo91-20230818-4-150x150.jpg",150,150,true]},"magazine_blocks_author":{"display_name":"Redactor","author_link":"https:\/\/pornuestrolaredo.com\/?author=1"},"magazine_blocks_comment":0,"magazine_blocks_author_image":"https:\/\/pornuestrolaredo.com\/wp-content\/litespeed\/avatar\/dca1d7ec750c399f025f23b0b314f4cf.jpg?ver=1777612120","magazine_blocks_category":"<a href=\"#\" class=\"category-link category-link-33\">Mexico<\/a>","jetpack_publicize_connections":[],"featured_image_urls":{"full":["https:\/\/pornuestrolaredo.com\/wp-content\/uploads\/2023\/08\/Stereo91-20230818-4.jpg",1010,550,false],"thumbnail":["https:\/\/pornuestrolaredo.com\/wp-content\/uploads\/2023\/08\/Stereo91-20230818-4-150x150.jpg",150,150,true],"medium":["https:\/\/pornuestrolaredo.com\/wp-content\/uploads\/2023\/08\/Stereo91-20230818-4-300x163.jpg",300,163,true],"medium_large":["https:\/\/pornuestrolaredo.com\/wp-content\/uploads\/2023\/08\/Stereo91-20230818-4-768x418.jpg",640,348,true],"large":["https:\/\/pornuestrolaredo.com\/wp-content\/uploads\/2023\/08\/Stereo91-20230818-4-1000x545.jpg",640,349,true],"1536x1536":["https:\/\/pornuestrolaredo.com\/wp-content\/uploads\/2023\/08\/Stereo91-20230818-4.jpg",1010,550,false],"2048x2048":["https:\/\/pornuestrolaredo.com\/wp-content\/uploads\/2023\/08\/Stereo91-20230818-4.jpg",1010,550,false],"morenews-large":["https:\/\/pornuestrolaredo.com\/wp-content\/uploads\/2023\/08\/Stereo91-20230818-4.jpg",825,449,false],"morenews-medium":["https:\/\/pornuestrolaredo.com\/wp-content\/uploads\/2023\/08\/Stereo91-20230818-4.jpg",590,321,false]},"author_info":{"info":["Redactor"]},"category_info":"<a href=\"https:\/\/pornuestrolaredo.com\/?cat=33\" rel=\"category\">Mexico<\/a>","tag_info":"Mexico","comment_count":"0","jetpack_featured_media_url":"https:\/\/pornuestrolaredo.com\/wp-content\/uploads\/2023\/08\/Stereo91-20230818-4.jpg","jetpack_sharing_enabled":true,"_links":{"self":[{"href":"https:\/\/pornuestrolaredo.com\/index.php?rest_route=\/wp\/v2\/posts\/2950","targetHints":{"allow":["GET"]}}],"collection":[{"href":"https:\/\/pornuestrolaredo.com\/index.php?rest_route=\/wp\/v2\/posts"}],"about":[{"href":"https:\/\/pornuestrolaredo.com\/index.php?rest_route=\/wp\/v2\/types\/post"}],"author":[{"embeddable":true,"href":"https:\/\/pornuestrolaredo.com\/index.php?rest_route=\/wp\/v2\/users\/1"}],"replies":[{"embeddable":true,"href":"https:\/\/pornuestrolaredo.com\/index.php?rest_route=%2Fwp%2Fv2%2Fcomments&post=2950"}],"version-history":[{"count":1,"href":"https:\/\/pornuestrolaredo.com\/index.php?rest_route=\/wp\/v2\/posts\/2950\/revisions"}],"predecessor-version":[{"id":2952,"href":"https:\/\/pornuestrolaredo.com\/index.php?rest_route=\/wp\/v2\/posts\/2950\/revisions\/2952"}],"wp:featuredmedia":[{"embeddable":true,"href":"https:\/\/pornuestrolaredo.com\/index.php?rest_route=\/wp\/v2\/media\/2951"}],"wp:attachment":[{"href":"https:\/\/pornuestrolaredo.com\/index.php?rest_route=%2Fwp%2Fv2%2Fmedia&parent=2950"}],"wp:term":[{"taxonomy":"category","embeddable":true,"href":"https:\/\/pornuestrolaredo.com\/index.php?rest_route=%2Fwp%2Fv2%2Fcategories&post=2950"},{"taxonomy":"post_tag","embeddable":true,"href":"https:\/\/pornuestrolaredo.com\/index.php?rest_route=%2Fwp%2Fv2%2Ftags&post=2950"}],"curies":[{"name":"wp","href":"https:\/\/api.w.org\/{rel}","templated":true}]}}