{"id":2965,"date":"2023-08-19T05:38:00","date_gmt":"2023-08-19T05:38:00","guid":{"rendered":"https:\/\/pornuestrolaredo.com\/?p=2965"},"modified":"2023-08-19T05:38:00","modified_gmt":"2023-08-19T05:38:00","slug":"cierran-por-hilary-15-puertos-en-el-pacifico","status":"publish","type":"post","link":"https:\/\/pornuestrolaredo.com\/?p=2965","title":{"rendered":"Cierran por \u2018Hilary\u2019 15 puertos en el Pac\u00edfico"},"content":{"rendered":"<p><strong><em>CIUDAD DE M\u00c9XICO.-<\/em><\/strong> La Coordinaci\u00f3n Nacional de Protecci\u00f3n Civil inform\u00f3 que la Secretar\u00eda de Marina determin\u00f3 el cierre a la navegaci\u00f3n en 15 puertos del Pac\u00edfico y el Golfo de California por el hurac\u00e1n &#8220;Hilary&#8221;.<\/p>\n<p>Detall\u00f3 que fueron cerrados a la navegaci\u00f3n de embarcaciones mayores y menores los puertos de San Blas, en Nayarit; Cabo San Lucas, en Baja California Sur, y Puerto Pe\u00f1asco, en Sonora.<\/p>\n<p>Solo para embarcaciones menores fueron cerrados los puertos de L\u00e1zaro C\u00e1rdenas, en Michoac\u00e1n; Manzanillo, en Colima; Barra de Navidad, en Jalisco; Chacala, en Nayarit; Mazatl\u00e1n, Topolobampo, Altata y Teacapan, en Sinaloa; Puerto Libertad, Yavaros y Bah\u00eda Kino, en Sonora, y San Jos\u00e9 del Cabo, en BCS .<\/p>\n<p>El hurac\u00e1n, con categor\u00eda 4 en la escala Saffir-Simpson, se ubicaba este viernes a 555 kil\u00f3metros al sur-suroeste de Cabo San Lucas, Baja California Dur, y a 690 al oeste-suroeste de Cabo Corrientes, Jalisco, con vientos sostenidos de 230 kil\u00f3metros por hora y rachas de 280, de acuerdo con un aviso del Servicio Meteorol\u00f3gico Nacional (SMN).<\/p>\n<p>El Sistema de Alerta Temprana de Ciclones Tropicales (SIAT-CT) ubica a 64 municipios de cinco entidades en situaci\u00f3n de riesgo por el paso del hurac\u00e1n &#8220;Hilary&#8221;.<\/p>\n<p>Los que considera en mayor peligro son Comond\u00fa, Muleg\u00e9, La Paz, Los Cabos y Loreto, en Baja California Sur, y Ensenada, Tijuana, Playas de Rosarito, en Baja California.<\/p>\n<p>Se prev\u00e9 que el cicl\u00f3n toque tierra el domingo por la noche , como hurac\u00e1n categor\u00eda 1 o tormenta tropical, en las cercan\u00edas de Ensenada.<\/p>\n","protected":false},"excerpt":{"rendered":"<p>El hurac\u00e1n, categor\u00eda 4, se dirig\u00eda hacia la pen\u00ednsula de Baja Californa <\/p>\n","protected":false},"author":1,"featured_media":2966,"comment_status":"closed","ping_status":"closed","sticky":false,"template":"","format":"standard","meta":{"_crdt_document":"","_jetpack_memberships_contains_paid_content":false,"footnotes":"","jetpack_publicize_message":"","jetpack_publicize_feature_enabled":true,"jetpack_social_post_already_shared":true,"jetpack_social_options":{"image_generator_settings":{"template":"highway","default_image_id":0,"font":"","enabled":false},"version":2},"_wpas_customize_per_network":false},"categories":[33],"tags":[],"class_list":["post-2965","post","type-post","status-publish","format-standard","has-post-thumbnail","hentry","category-mexico"],"magazineBlocksPostFeaturedMedia":{"thumbnail":"https:\/\/pornuestrolaredo.com\/wp-content\/uploads\/2023\/08\/Captura-de-Pantalla-2023-08-19-a-las-0.14.51-150x150.png","medium":"https:\/\/pornuestrolaredo.com\/wp-content\/uploads\/2023\/08\/Captura-de-Pantalla-2023-08-19-a-las-0.14.51-300x161.png","medium_large":"https:\/\/pornuestrolaredo.com\/wp-content\/uploads\/2023\/08\/Captura-de-Pantalla-2023-08-19-a-las-0.14.51-768x412.png","large":"https:\/\/pornuestrolaredo.com\/wp-content\/uploads\/2023\/08\/Captura-de-Pantalla-2023-08-19-a-las-0.14.51-1000x537.png","1536x1536":"https:\/\/pornuestrolaredo.com\/wp-content\/uploads\/2023\/08\/Captura-de-Pantalla-2023-08-19-a-las-0.14.51.png","2048x2048":"https:\/\/pornuestrolaredo.com\/wp-content\/uploads\/2023\/08\/Captura-de-Pantalla-2023-08-19-a-las-0.14.51.png","morenews-large":"https:\/\/pornuestrolaredo.com\/wp-content\/uploads\/2023\/08\/Captura-de-Pantalla-2023-08-19-a-las-0.14.51.png","morenews-medium":"https:\/\/pornuestrolaredo.com\/wp-content\/uploads\/2023\/08\/Captura-de-Pantalla-2023-08-19-a-las-0.14.51.png"},"magazineBlocksPostAuthor":{"name":"Redactor","avatar":"https:\/\/pornuestrolaredo.com\/wp-content\/litespeed\/avatar\/dca1d7ec750c399f025f23b0b314f4cf.jpg?ver=1777612120"},"magazineBlocksPostCommentsNumber":false,"magazineBlocksPostExcerpt":"El hurac\u00e1n, categor\u00eda 4, se dirig\u00eda hacia la pen\u00ednsula de Baja Californa ","magazineBlocksPostCategories":["Mexico"],"magazineBlocksPostViewCount":135,"magazineBlocksPostReadTime":2,"magazine_blocks_featured_image_url":{"full":["https:\/\/pornuestrolaredo.com\/wp-content\/uploads\/2023\/08\/Captura-de-Pantalla-2023-08-19-a-las-0.14.51.png",1149,617,false],"medium":["https:\/\/pornuestrolaredo.com\/wp-content\/uploads\/2023\/08\/Captura-de-Pantalla-2023-08-19-a-las-0.14.51-300x161.png",300,161,true],"thumbnail":["https:\/\/pornuestrolaredo.com\/wp-content\/uploads\/2023\/08\/Captura-de-Pantalla-2023-08-19-a-las-0.14.51-150x150.png",150,150,true]},"magazine_blocks_author":{"display_name":"Redactor","author_link":"https:\/\/pornuestrolaredo.com\/?author=1"},"magazine_blocks_comment":0,"magazine_blocks_author_image":"https:\/\/pornuestrolaredo.com\/wp-content\/litespeed\/avatar\/dca1d7ec750c399f025f23b0b314f4cf.jpg?ver=1777612120","magazine_blocks_category":"<a href=\"#\" class=\"category-link category-link-33\">Mexico<\/a>","jetpack_publicize_connections":[],"featured_image_urls":{"full":["https:\/\/pornuestrolaredo.com\/wp-content\/uploads\/2023\/08\/Captura-de-Pantalla-2023-08-19-a-las-0.14.51.png",1149,617,false],"thumbnail":["https:\/\/pornuestrolaredo.com\/wp-content\/uploads\/2023\/08\/Captura-de-Pantalla-2023-08-19-a-las-0.14.51-150x150.png",150,150,true],"medium":["https:\/\/pornuestrolaredo.com\/wp-content\/uploads\/2023\/08\/Captura-de-Pantalla-2023-08-19-a-las-0.14.51-300x161.png",300,161,true],"medium_large":["https:\/\/pornuestrolaredo.com\/wp-content\/uploads\/2023\/08\/Captura-de-Pantalla-2023-08-19-a-las-0.14.51-768x412.png",640,343,true],"large":["https:\/\/pornuestrolaredo.com\/wp-content\/uploads\/2023\/08\/Captura-de-Pantalla-2023-08-19-a-las-0.14.51-1000x537.png",640,344,true],"1536x1536":["https:\/\/pornuestrolaredo.com\/wp-content\/uploads\/2023\/08\/Captura-de-Pantalla-2023-08-19-a-las-0.14.51.png",1149,617,false],"2048x2048":["https:\/\/pornuestrolaredo.com\/wp-content\/uploads\/2023\/08\/Captura-de-Pantalla-2023-08-19-a-las-0.14.51.png",1149,617,false],"morenews-large":["https:\/\/pornuestrolaredo.com\/wp-content\/uploads\/2023\/08\/Captura-de-Pantalla-2023-08-19-a-las-0.14.51.png",825,443,false],"morenews-medium":["https:\/\/pornuestrolaredo.com\/wp-content\/uploads\/2023\/08\/Captura-de-Pantalla-2023-08-19-a-las-0.14.51.png",590,317,false]},"author_info":{"info":["Redactor"]},"category_info":"<a href=\"https:\/\/pornuestrolaredo.com\/?cat=33\" rel=\"category\">Mexico<\/a>","tag_info":"Mexico","comment_count":"0","jetpack_featured_media_url":"https:\/\/pornuestrolaredo.com\/wp-content\/uploads\/2023\/08\/Captura-de-Pantalla-2023-08-19-a-las-0.14.51.png","jetpack_sharing_enabled":true,"_links":{"self":[{"href":"https:\/\/pornuestrolaredo.com\/index.php?rest_route=\/wp\/v2\/posts\/2965","targetHints":{"allow":["GET"]}}],"collection":[{"href":"https:\/\/pornuestrolaredo.com\/index.php?rest_route=\/wp\/v2\/posts"}],"about":[{"href":"https:\/\/pornuestrolaredo.com\/index.php?rest_route=\/wp\/v2\/types\/post"}],"author":[{"embeddable":true,"href":"https:\/\/pornuestrolaredo.com\/index.php?rest_route=\/wp\/v2\/users\/1"}],"replies":[{"embeddable":true,"href":"https:\/\/pornuestrolaredo.com\/index.php?rest_route=%2Fwp%2Fv2%2Fcomments&post=2965"}],"version-history":[{"count":1,"href":"https:\/\/pornuestrolaredo.com\/index.php?rest_route=\/wp\/v2\/posts\/2965\/revisions"}],"predecessor-version":[{"id":2967,"href":"https:\/\/pornuestrolaredo.com\/index.php?rest_route=\/wp\/v2\/posts\/2965\/revisions\/2967"}],"wp:featuredmedia":[{"embeddable":true,"href":"https:\/\/pornuestrolaredo.com\/index.php?rest_route=\/wp\/v2\/media\/2966"}],"wp:attachment":[{"href":"https:\/\/pornuestrolaredo.com\/index.php?rest_route=%2Fwp%2Fv2%2Fmedia&parent=2965"}],"wp:term":[{"taxonomy":"category","embeddable":true,"href":"https:\/\/pornuestrolaredo.com\/index.php?rest_route=%2Fwp%2Fv2%2Fcategories&post=2965"},{"taxonomy":"post_tag","embeddable":true,"href":"https:\/\/pornuestrolaredo.com\/index.php?rest_route=%2Fwp%2Fv2%2Ftags&post=2965"}],"curies":[{"name":"wp","href":"https:\/\/api.w.org\/{rel}","templated":true}]}}