{"id":297,"date":"2022-09-14T18:16:52","date_gmt":"2022-09-14T18:16:52","guid":{"rendered":"https:\/\/pornuestrolaredo.com\/?p=297"},"modified":"2022-09-14T18:16:52","modified_gmt":"2022-09-14T18:16:52","slug":"salvan-de-la-muerte-a-13-migrantes%ef%bf%bc","status":"publish","type":"post","link":"https:\/\/pornuestrolaredo.com\/?p=297","title":{"rendered":"Salvan de la muerte a 13 migrantes\ufffc"},"content":{"rendered":"\n<p class=\"wp-block-paragraph\"><strong><em>MCALLEN.- <\/em><\/strong>Trece migrantes, entre ellos varios mexicanos, fueron rescatados de morir de fr\u00edo al ser descubiertos dentro de un cami\u00f3n refrigerante cargado de cajas de br\u00f3coli, inform\u00f3 la oficina regional de Aduanas y Protecci\u00f3n Fronteriza (CBP).<\/p>\n\n\n\n<blockquote class=\"wp-block-quote is-layout-flow wp-block-quote-is-layout-flow\"><p>Los traficantes ponen en peligro la vida de los migrantes y de los agentes al usar m\u00e9todos de gran riesgo para intentar ingresar ilegalmente a los Estados Unidos&#8221;, destac\u00f3 la vocer\u00eda.<\/p><\/blockquote>\n\n\n\n<p class=\"wp-block-paragraph\">Los agentes reportaron que los 13 migrantes viajaban en la\ncaja frigor\u00edfica totalmente sellada, sin forma de escapar y a una temperatura\nde 10 grados cent\u00edgrados (51 Fahrenheit).<\/p>\n\n\n\n<p class=\"wp-block-paragraph\">El hallazgo de este intento frustrado de contrabando de\npersonas ocurri\u00f3 el pasado martes 13 de septiembre, cuando agentes de la\nEstaci\u00f3n de la Patrulla Fronteriza de Kingsville que trabajaban en el puesto de\ncontrol Javier Vega Jr. revisaron un remolque de tractor refrigerado.<\/p>\n\n\n\n<p class=\"wp-block-paragraph\">Los agentes enviaron el veh\u00edculo a la zona de inspecci\u00f3n\nsecundaria y descubrieron a los migrantes intentando esconderse dentro de una\ncarga de br\u00f3coli congelado.<\/p>\n\n\n\n<p class=\"wp-block-paragraph\">El conductor result\u00f3 ser un ciudadano estadounidense, quien\nfue puesto bajo arresto y turnado al Departamento de Investigaciones Especiales\npara tratar de ahondar en la investigaci\u00f3n de la banda de traficantes de seres\nhumanos.<\/p>\n\n\n\n<p class=\"wp-block-paragraph\">Los migrantes, incluidos dos menores no acompa\u00f1ados, son\nresidentes de M\u00e9xico y Centroam\u00e9rica, seg\u00fan sus declaraciones preliminares.\nTambi\u00e9n los param\u00e9dicos de la Patrulla Fronteriza determinaron que todos los\nsujetos estaban en buen estado de salud.<\/p>\n\n\n\n<p class=\"wp-block-paragraph\">M\u00e1s temprano, esa ma\u00f1ana del martes, un operador de c\u00e1mara\nde la Estaci\u00f3n de la Patrulla Fronteriza de Brownsville observ\u00f3 a varios\nsujetos en un Chevrolet Equinox cerca del muro fronterizo en Brownsville que\nsub\u00edan al veh\u00edculo a otras personas, y por ser un \u00e1rea frecuentada por\ntraficantes de indocumentados se lanz\u00f3 la alerta a las patrullas de operaciones\nen territorio.<\/p>\n\n\n\n<p class=\"wp-block-paragraph\">Los agentes le marcaron el alto al veh\u00edculo, pero el\nconductor hizo caso omiso, lo que desat\u00f3 una persecuci\u00f3n.<\/p>\n\n\n\n<p class=\"wp-block-paragraph\">Tras varios minutos huyendo, el conductor redujo la\nvelocidad y los agentes observaron que varios sujetos sal\u00edan del veh\u00edculo.<\/p>\n\n\n\n<p class=\"wp-block-paragraph\">El conductor continu\u00f3 hacia el norte golpeando un veh\u00edculo\ndel gobierno antes de detenerse. Los agentes detuvieron al conductor y a tres\nmigrantes presentes ilegalmente en Estados Unidos.<\/p>\n\n\n\n<p class=\"wp-block-paragraph\">Uno de los migrantes result\u00f3 herido cuando intentaba salir del veh\u00edculo en movimiento. El migrante fue trasladado a un hospital local para recibir tratamiento m\u00e9dico. <\/p>\n\n\n\n<p class=\"wp-block-paragraph\">El conductor fue entregado a los agentes de Polic\u00eda del condado de Cameron para enfrentar cargos estatales. La Patrulla Fronteriza proces\u00f3 a todos los migrantes para su deportaci\u00f3n. <\/p>\n","protected":false},"excerpt":{"rendered":"<p>MCALLEN.- Trece migrantes, entre ellos varios mexicanos, fueron rescatados de morir de fr\u00edo al ser descubiertos dentro de<\/p>\n","protected":false},"author":1,"featured_media":298,"comment_status":"open","ping_status":"open","sticky":false,"template":"","format":"standard","meta":{"_crdt_document":"","_jetpack_memberships_contains_paid_content":false,"footnotes":"","jetpack_publicize_message":"Estaban encerrados en un dentro de un cami\u00f3n refrigerante cargado de cajas de br\u00f3coli","jetpack_publicize_feature_enabled":true,"jetpack_social_post_already_shared":true,"jetpack_social_options":{"image_generator_settings":{"template":"highway","default_image_id":0,"font":"","enabled":false},"version":2},"_wpas_customize_per_network":false},"categories":[5],"tags":[],"class_list":["post-297","post","type-post","status-publish","format-standard","has-post-thumbnail","hentry","category-dos-laredos"],"magazineBlocksPostFeaturedMedia":{"thumbnail":"https:\/\/pornuestrolaredo.com\/wp-content\/uploads\/2022\/09\/PNL-20220914-3-150x150.jpeg","medium":"https:\/\/pornuestrolaredo.com\/wp-content\/uploads\/2022\/09\/PNL-20220914-3-300x200.jpeg","medium_large":"https:\/\/pornuestrolaredo.com\/wp-content\/uploads\/2022\/09\/PNL-20220914-3-768x512.jpeg","large":"https:\/\/pornuestrolaredo.com\/wp-content\/uploads\/2022\/09\/PNL-20220914-3.jpeg","1536x1536":"https:\/\/pornuestrolaredo.com\/wp-content\/uploads\/2022\/09\/PNL-20220914-3.jpeg","2048x2048":"https:\/\/pornuestrolaredo.com\/wp-content\/uploads\/2022\/09\/PNL-20220914-3.jpeg","morenews-large":"https:\/\/pornuestrolaredo.com\/wp-content\/uploads\/2022\/09\/PNL-20220914-3.jpeg","morenews-medium":"https:\/\/pornuestrolaredo.com\/wp-content\/uploads\/2022\/09\/PNL-20220914-3.jpeg"},"magazineBlocksPostAuthor":{"name":"Redactor","avatar":"https:\/\/pornuestrolaredo.com\/wp-content\/litespeed\/avatar\/dca1d7ec750c399f025f23b0b314f4cf.jpg?ver=1777612120"},"magazineBlocksPostCommentsNumber":false,"magazineBlocksPostExcerpt":"MCALLEN.- Trece migrantes, entre ellos varios mexicanos, fueron rescatados de morir de fr\u00edo al ser descubiertos dentro de","magazineBlocksPostCategories":["Dos Laredos"],"magazineBlocksPostViewCount":143,"magazineBlocksPostReadTime":3,"magazine_blocks_featured_image_url":{"full":["https:\/\/pornuestrolaredo.com\/wp-content\/uploads\/2022\/09\/PNL-20220914-3.jpeg",960,640,false],"medium":["https:\/\/pornuestrolaredo.com\/wp-content\/uploads\/2022\/09\/PNL-20220914-3-300x200.jpeg",300,200,true],"thumbnail":["https:\/\/pornuestrolaredo.com\/wp-content\/uploads\/2022\/09\/PNL-20220914-3-150x150.jpeg",150,150,true]},"magazine_blocks_author":{"display_name":"Redactor","author_link":"https:\/\/pornuestrolaredo.com\/?author=1"},"magazine_blocks_comment":0,"magazine_blocks_author_image":"https:\/\/pornuestrolaredo.com\/wp-content\/litespeed\/avatar\/dca1d7ec750c399f025f23b0b314f4cf.jpg?ver=1777612120","magazine_blocks_category":"<a href=\"#\" class=\"category-link category-link-5\">Dos Laredos<\/a>","jetpack_publicize_connections":[],"featured_image_urls":{"full":["https:\/\/pornuestrolaredo.com\/wp-content\/uploads\/2022\/09\/PNL-20220914-3.jpeg",960,640,false],"thumbnail":["https:\/\/pornuestrolaredo.com\/wp-content\/uploads\/2022\/09\/PNL-20220914-3-150x150.jpeg",150,150,true],"medium":["https:\/\/pornuestrolaredo.com\/wp-content\/uploads\/2022\/09\/PNL-20220914-3-300x200.jpeg",300,200,true],"medium_large":["https:\/\/pornuestrolaredo.com\/wp-content\/uploads\/2022\/09\/PNL-20220914-3-768x512.jpeg",640,427,true],"large":["https:\/\/pornuestrolaredo.com\/wp-content\/uploads\/2022\/09\/PNL-20220914-3.jpeg",640,427,false],"1536x1536":["https:\/\/pornuestrolaredo.com\/wp-content\/uploads\/2022\/09\/PNL-20220914-3.jpeg",960,640,false],"2048x2048":["https:\/\/pornuestrolaredo.com\/wp-content\/uploads\/2022\/09\/PNL-20220914-3.jpeg",960,640,false],"morenews-large":["https:\/\/pornuestrolaredo.com\/wp-content\/uploads\/2022\/09\/PNL-20220914-3.jpeg",825,550,false],"morenews-medium":["https:\/\/pornuestrolaredo.com\/wp-content\/uploads\/2022\/09\/PNL-20220914-3.jpeg",590,393,false]},"author_info":{"info":["Redactor"]},"category_info":"<a href=\"https:\/\/pornuestrolaredo.com\/?cat=5\" rel=\"category\">Dos Laredos<\/a>","tag_info":"Dos Laredos","comment_count":"0","jetpack_featured_media_url":"https:\/\/pornuestrolaredo.com\/wp-content\/uploads\/2022\/09\/PNL-20220914-3.jpeg","jetpack_sharing_enabled":true,"_links":{"self":[{"href":"https:\/\/pornuestrolaredo.com\/index.php?rest_route=\/wp\/v2\/posts\/297","targetHints":{"allow":["GET"]}}],"collection":[{"href":"https:\/\/pornuestrolaredo.com\/index.php?rest_route=\/wp\/v2\/posts"}],"about":[{"href":"https:\/\/pornuestrolaredo.com\/index.php?rest_route=\/wp\/v2\/types\/post"}],"author":[{"embeddable":true,"href":"https:\/\/pornuestrolaredo.com\/index.php?rest_route=\/wp\/v2\/users\/1"}],"replies":[{"embeddable":true,"href":"https:\/\/pornuestrolaredo.com\/index.php?rest_route=%2Fwp%2Fv2%2Fcomments&post=297"}],"version-history":[{"count":1,"href":"https:\/\/pornuestrolaredo.com\/index.php?rest_route=\/wp\/v2\/posts\/297\/revisions"}],"predecessor-version":[{"id":299,"href":"https:\/\/pornuestrolaredo.com\/index.php?rest_route=\/wp\/v2\/posts\/297\/revisions\/299"}],"wp:featuredmedia":[{"embeddable":true,"href":"https:\/\/pornuestrolaredo.com\/index.php?rest_route=\/wp\/v2\/media\/298"}],"wp:attachment":[{"href":"https:\/\/pornuestrolaredo.com\/index.php?rest_route=%2Fwp%2Fv2%2Fmedia&parent=297"}],"wp:term":[{"taxonomy":"category","embeddable":true,"href":"https:\/\/pornuestrolaredo.com\/index.php?rest_route=%2Fwp%2Fv2%2Fcategories&post=297"},{"taxonomy":"post_tag","embeddable":true,"href":"https:\/\/pornuestrolaredo.com\/index.php?rest_route=%2Fwp%2Fv2%2Ftags&post=297"}],"curies":[{"name":"wp","href":"https:\/\/api.w.org\/{rel}","templated":true}]}}