{"id":2972,"date":"2023-08-22T06:02:24","date_gmt":"2023-08-22T06:02:24","guid":{"rendered":"https:\/\/pornuestrolaredo.com\/?p=2972"},"modified":"2023-08-22T06:02:24","modified_gmt":"2023-08-22T06:02:24","slug":"llegaran-a-nld-beneficios-de-impulso-economico","status":"publish","type":"post","link":"https:\/\/pornuestrolaredo.com\/?p=2972","title":{"rendered":"Llegar\u00e1n a NLD beneficios de Impulso Econ\u00f3mico"},"content":{"rendered":"<p><strong>CIUDAD VICTORIA.-<\/strong> En una colaboraci\u00f3n interinstitucional que se da por vez primera en la entidad, el gobernador del Estado, Am\u00e9rico Villarreal Anaya, dio arranque al programa \u201cImpulso Econ\u00f3mico\u201d que beneficiar\u00e1 al desarrollo de las micro, peque\u00f1as y medianas empresas que generan el 80 por ciento de los empleos en Tamaulipas.<\/p>\n<p>En el evento al que acudi\u00f3 la Presidenta Carmen Lilia Canturosas Villarreal, el gobernador recalc\u00f3 que gracias a esta colaboraci\u00f3n, se consigui\u00f3 un cr\u00e9dito superior a los mil millones de pesos que podr\u00e1n solicitar los emprendedores tamaulipecos para fortalecer sus negocios y aportar a la econom\u00eda local.<\/p>\n<blockquote><p>Esto es una muestra m\u00e1s de equidad para que todos los habitantes de diferentes clases sociales puedan adquirir un cr\u00e9dito, mejorar su calidad de vida y concretar sus sue\u00f1os mediante el emprendimiento\u201d, enfatiz\u00f3 el mandatario estatal.<\/p><\/blockquote>\n<p>Explic\u00f3 que los beneficios de este programa llegar\u00e1n a todos los municipios de la entidad, incluyendo Nuevo Laredo, uno de los principales motores econ\u00f3micos de Tamaulipas.<\/p>\n<p>Por su parte, la presidenta municipal destac\u00f3 la buena voluntad de Villarreal Anaya para hacer llegar esta colaboraci\u00f3n con Nacional Financiera a Tamaulipas, mismo que lograr\u00e1 el despunte econ\u00f3mico de los empresarios y emprendedores de Nuevo Laredo.<\/p>\n<blockquote><p>Gracias a un gobernador que es aliado y amigo de nuestra ciudad, tenemos la oportunidad de traer esta herramienta al municipio con la que se desarrollar\u00e1n los proyectos que impulsar\u00e1n el crecimiento econ\u00f3mico de Nuevo Laredo con nuevas empresas y m\u00e1s oportunidades de empleo\u201d, se\u00f1al\u00f3.<\/p><\/blockquote>\n<p>Reiter\u00f3 que el Gobierno de Nuevo Laredo ser\u00e1 un facilitador y apoyar\u00e1 con todo lo necesario al gobierno estatal, para que emprendedores locales puedan acceder a estos cr\u00e9ditos. <\/p>\n<p>Durante el arranque estuvieron presentes la secretaria de desarrollo econ\u00f3mico y empleo de Tamaulipas Ninfa Cant\u00fa De\u00e1ndar, autoridades estatales y militares, diputados y alcaldes, as\u00ed como representantes de Nacional Financiera, Banco Nacional de Comercio Exterior y del Fondo Tamaulipas.<\/p>\n","protected":false},"excerpt":{"rendered":"<p>El programa beneficia con cr\u00e9ditos blandos a los emprendedores tamaulipecos<\/p>\n","protected":false},"author":1,"featured_media":2973,"comment_status":"closed","ping_status":"closed","sticky":false,"template":"","format":"standard","meta":{"_crdt_document":"","_jetpack_memberships_contains_paid_content":false,"footnotes":"","jetpack_publicize_message":"","jetpack_publicize_feature_enabled":true,"jetpack_social_post_already_shared":true,"jetpack_social_options":{"image_generator_settings":{"template":"highway","default_image_id":0,"font":"","enabled":false},"version":2},"_wpas_customize_per_network":false},"categories":[4],"tags":[],"class_list":["post-2972","post","type-post","status-publish","format-standard","has-post-thumbnail","hentry","category-los-dos-laredos"],"magazineBlocksPostFeaturedMedia":{"thumbnail":"https:\/\/pornuestrolaredo.com\/wp-content\/uploads\/2023\/08\/Stereo91-20230821-4-150x150.jpg","medium":"https:\/\/pornuestrolaredo.com\/wp-content\/uploads\/2023\/08\/Stereo91-20230821-4-300x167.jpg","medium_large":"https:\/\/pornuestrolaredo.com\/wp-content\/uploads\/2023\/08\/Stereo91-20230821-4-768x426.jpg","large":"https:\/\/pornuestrolaredo.com\/wp-content\/uploads\/2023\/08\/Stereo91-20230821-4-1000x555.jpg","1536x1536":"https:\/\/pornuestrolaredo.com\/wp-content\/uploads\/2023\/08\/Stereo91-20230821-4-1536x852.jpg","2048x2048":"https:\/\/pornuestrolaredo.com\/wp-content\/uploads\/2023\/08\/Stereo91-20230821-4.jpg","morenews-large":"https:\/\/pornuestrolaredo.com\/wp-content\/uploads\/2023\/08\/Stereo91-20230821-4.jpg","morenews-medium":"https:\/\/pornuestrolaredo.com\/wp-content\/uploads\/2023\/08\/Stereo91-20230821-4.jpg"},"magazineBlocksPostAuthor":{"name":"Redactor","avatar":"https:\/\/pornuestrolaredo.com\/wp-content\/litespeed\/avatar\/dca1d7ec750c399f025f23b0b314f4cf.jpg?ver=1777612120"},"magazineBlocksPostCommentsNumber":false,"magazineBlocksPostExcerpt":"El programa beneficia con cr\u00e9ditos blandos a los emprendedores tamaulipecos","magazineBlocksPostCategories":["Los dos Laredos"],"magazineBlocksPostViewCount":137,"magazineBlocksPostReadTime":2,"magazine_blocks_featured_image_url":{"full":["https:\/\/pornuestrolaredo.com\/wp-content\/uploads\/2023\/08\/Stereo91-20230821-4.jpg",1600,888,false],"medium":["https:\/\/pornuestrolaredo.com\/wp-content\/uploads\/2023\/08\/Stereo91-20230821-4-300x167.jpg",300,167,true],"thumbnail":["https:\/\/pornuestrolaredo.com\/wp-content\/uploads\/2023\/08\/Stereo91-20230821-4-150x150.jpg",150,150,true]},"magazine_blocks_author":{"display_name":"Redactor","author_link":"https:\/\/pornuestrolaredo.com\/?author=1"},"magazine_blocks_comment":0,"magazine_blocks_author_image":"https:\/\/pornuestrolaredo.com\/wp-content\/litespeed\/avatar\/dca1d7ec750c399f025f23b0b314f4cf.jpg?ver=1777612120","magazine_blocks_category":"<a href=\"#\" class=\"category-link category-link-4\">Los dos Laredos<\/a>","jetpack_publicize_connections":[],"featured_image_urls":{"full":["https:\/\/pornuestrolaredo.com\/wp-content\/uploads\/2023\/08\/Stereo91-20230821-4.jpg",1600,888,false],"thumbnail":["https:\/\/pornuestrolaredo.com\/wp-content\/uploads\/2023\/08\/Stereo91-20230821-4-150x150.jpg",150,150,true],"medium":["https:\/\/pornuestrolaredo.com\/wp-content\/uploads\/2023\/08\/Stereo91-20230821-4-300x167.jpg",300,167,true],"medium_large":["https:\/\/pornuestrolaredo.com\/wp-content\/uploads\/2023\/08\/Stereo91-20230821-4-768x426.jpg",640,355,true],"large":["https:\/\/pornuestrolaredo.com\/wp-content\/uploads\/2023\/08\/Stereo91-20230821-4-1000x555.jpg",640,355,true],"1536x1536":["https:\/\/pornuestrolaredo.com\/wp-content\/uploads\/2023\/08\/Stereo91-20230821-4-1536x852.jpg",1536,852,true],"2048x2048":["https:\/\/pornuestrolaredo.com\/wp-content\/uploads\/2023\/08\/Stereo91-20230821-4.jpg",1600,888,false],"morenews-large":["https:\/\/pornuestrolaredo.com\/wp-content\/uploads\/2023\/08\/Stereo91-20230821-4.jpg",825,458,false],"morenews-medium":["https:\/\/pornuestrolaredo.com\/wp-content\/uploads\/2023\/08\/Stereo91-20230821-4.jpg",590,327,false]},"author_info":{"info":["Redactor"]},"category_info":"<a href=\"https:\/\/pornuestrolaredo.com\/?cat=4\" rel=\"category\">Los dos Laredos<\/a>","tag_info":"Los dos Laredos","comment_count":"0","jetpack_featured_media_url":"https:\/\/pornuestrolaredo.com\/wp-content\/uploads\/2023\/08\/Stereo91-20230821-4.jpg","jetpack_sharing_enabled":true,"_links":{"self":[{"href":"https:\/\/pornuestrolaredo.com\/index.php?rest_route=\/wp\/v2\/posts\/2972","targetHints":{"allow":["GET"]}}],"collection":[{"href":"https:\/\/pornuestrolaredo.com\/index.php?rest_route=\/wp\/v2\/posts"}],"about":[{"href":"https:\/\/pornuestrolaredo.com\/index.php?rest_route=\/wp\/v2\/types\/post"}],"author":[{"embeddable":true,"href":"https:\/\/pornuestrolaredo.com\/index.php?rest_route=\/wp\/v2\/users\/1"}],"replies":[{"embeddable":true,"href":"https:\/\/pornuestrolaredo.com\/index.php?rest_route=%2Fwp%2Fv2%2Fcomments&post=2972"}],"version-history":[{"count":1,"href":"https:\/\/pornuestrolaredo.com\/index.php?rest_route=\/wp\/v2\/posts\/2972\/revisions"}],"predecessor-version":[{"id":2974,"href":"https:\/\/pornuestrolaredo.com\/index.php?rest_route=\/wp\/v2\/posts\/2972\/revisions\/2974"}],"wp:featuredmedia":[{"embeddable":true,"href":"https:\/\/pornuestrolaredo.com\/index.php?rest_route=\/wp\/v2\/media\/2973"}],"wp:attachment":[{"href":"https:\/\/pornuestrolaredo.com\/index.php?rest_route=%2Fwp%2Fv2%2Fmedia&parent=2972"}],"wp:term":[{"taxonomy":"category","embeddable":true,"href":"https:\/\/pornuestrolaredo.com\/index.php?rest_route=%2Fwp%2Fv2%2Fcategories&post=2972"},{"taxonomy":"post_tag","embeddable":true,"href":"https:\/\/pornuestrolaredo.com\/index.php?rest_route=%2Fwp%2Fv2%2Ftags&post=2972"}],"curies":[{"name":"wp","href":"https:\/\/api.w.org\/{rel}","templated":true}]}}