{"id":2976,"date":"2023-08-23T06:16:47","date_gmt":"2023-08-23T06:16:47","guid":{"rendered":"https:\/\/pornuestrolaredo.com\/?p=2976"},"modified":"2023-08-23T06:17:06","modified_gmt":"2023-08-23T06:17:06","slug":"2976","status":"publish","type":"post","link":"https:\/\/pornuestrolaredo.com\/?p=2976","title":{"rendered":"Construir\u00e1n puente en Eva S\u00e1mano y Calzada de los H\u00e9roes"},"content":{"rendered":"<p><strong>NUEVO LAREDO.- <\/strong> Para mejorar la movilidad del poniente de la ciudad se aprob\u00f3 la construcci\u00f3n de un puente vehicular en el crucero de la Avenida Eva S\u00e1mano y Calzada de los H\u00e9roes , una obra prioritaria de acuerdo con el crecimiento que tiene Nuevo Laredo en este sector.<\/p>\n<p>En sesi\u00f3n ordinaria de Cabildo s\u00edndicos y regidores aprobaron por mayor\u00eda la Modificaci\u00f3n al Programa de Obra P\u00fablica para el Ejercicio Fiscal 2023 que integra esta significativa obra en la que se efectuar\u00e1 una inversi\u00f3n de 139 millones 218 mil 44. 31 pesos.<\/p>\n<p>La alcaldesa Carmen Lilia Canturosas Villarreal dijo que esta obra ser\u00e1 de gran beneficio para los automovilistas que utilizan esta importante v\u00eda para dirigirse a su lugar de destino.<\/p>\n<blockquote><p>Desde que inici\u00f3 la administraci\u00f3n estamos trabajando en este proyecto, como siempre estamos poniendo como prioridad a las familias, han sido obras que se necesitan, la ciudad est\u00e1 creciendo y necesitamos dar este paso\u201d, indic\u00f3 Canturosas, presidenta municipal.<\/p><\/blockquote>\n<p>Se estima que un aproximado de 280 mil beneficiados, esto incluye el beneficio a los peatones, ya que al elevar el flujo principal de Calzada de los H\u00e9roes, quedar\u00e1 un crucero semaforizado que permitir\u00e1 que los ciudadanos crucen de manera r\u00e1pida y segura.<\/p>\n<p>La presidenta municipal inform\u00f3 que por este crucero pasan actualmente 66 veh\u00edculos por minuto o el equivalente a 3 mil 983 por hora pico por lo que el pron\u00f3stico para el a\u00f1o 2027 indica que la carga vial se elevar\u00e1 a 5 mil 40 veh\u00edculos por hora pico equivalente a 84 veh\u00edculos por minuto. Esto seg\u00fan el pron\u00f3stico de crecimiento a una tasa de 6 por ciento anual.<\/p>\n<p>As\u00ed tambi\u00e9n se realizar\u00e1n trabajos de mejoramiento con carpeta asf\u00e1ltica de los carriles laterales, esto con el fin de tener una superficie de rodamiento uniforme y darle m\u00e1s seguridad al tr\u00e1nsito vehicular que circula por este libramiento, ya que es una de las vialidades m\u00e1s importantes para nuestra ciudad, que conduce a los puentes internacionales Ju\u00e1rez-Lincoln y al Puente Internacional No. III.<\/p>\n<p>De acuerdo a la modificaci\u00f3n al Programa de Obra P\u00fablica diez obras ser\u00e1n realizadas posteriormente con recursos excedentes proyectados fuera del presupuesto de ingresos de este 2023.<\/p>\n<p>La propuesta de construcci\u00f3n del puente vehicular fue respaldada por representantes de diversos organismos como: Asociaci\u00f3n de Constructores de Nuevo Laredo; Coparmex, INDEX, Consejo de Instituciones, CMIC, Canaco, Colegio de Arquitectos, Colegio de Ingenieros Civiles, Coparmex y Grupo Cargoq\u00edn<\/p>\n","protected":false},"excerpt":{"rendered":"<p>Invertir\u00e1 el Gobierno Municipal m\u00e1s de 139 millones para acabar con el caos vial en ese importante crucero del poniente de Nuevo Laredo<\/p>\n","protected":false},"author":1,"featured_media":2977,"comment_status":"closed","ping_status":"closed","sticky":false,"template":"","format":"standard","meta":{"_crdt_document":"","_jetpack_memberships_contains_paid_content":false,"footnotes":"","jetpack_publicize_message":"","jetpack_publicize_feature_enabled":true,"jetpack_social_post_already_shared":true,"jetpack_social_options":{"image_generator_settings":{"template":"highway","default_image_id":0,"font":"","enabled":false},"version":2},"_wpas_customize_per_network":false},"categories":[4],"tags":[],"class_list":["post-2976","post","type-post","status-publish","format-standard","has-post-thumbnail","hentry","category-los-dos-laredos"],"magazineBlocksPostFeaturedMedia":{"thumbnail":"https:\/\/pornuestrolaredo.com\/wp-content\/uploads\/2023\/08\/Stereo91-20230821-7-150x150.jpg","medium":"https:\/\/pornuestrolaredo.com\/wp-content\/uploads\/2023\/08\/Stereo91-20230821-7-300x148.jpg","medium_large":"https:\/\/pornuestrolaredo.com\/wp-content\/uploads\/2023\/08\/Stereo91-20230821-7-768x379.jpg","large":"https:\/\/pornuestrolaredo.com\/wp-content\/uploads\/2023\/08\/Stereo91-20230821-7-1000x493.jpg","1536x1536":"https:\/\/pornuestrolaredo.com\/wp-content\/uploads\/2023\/08\/Stereo91-20230821-7.jpg","2048x2048":"https:\/\/pornuestrolaredo.com\/wp-content\/uploads\/2023\/08\/Stereo91-20230821-7.jpg","morenews-large":"https:\/\/pornuestrolaredo.com\/wp-content\/uploads\/2023\/08\/Stereo91-20230821-7.jpg","morenews-medium":"https:\/\/pornuestrolaredo.com\/wp-content\/uploads\/2023\/08\/Stereo91-20230821-7.jpg"},"magazineBlocksPostAuthor":{"name":"Redactor","avatar":"https:\/\/pornuestrolaredo.com\/wp-content\/litespeed\/avatar\/dca1d7ec750c399f025f23b0b314f4cf.jpg?ver=1777612120"},"magazineBlocksPostCommentsNumber":false,"magazineBlocksPostExcerpt":"Invertir\u00e1 el Gobierno Municipal m\u00e1s de 139 millones para acabar con el caos vial en ese importante crucero del poniente de Nuevo Laredo","magazineBlocksPostCategories":["Los dos Laredos"],"magazineBlocksPostViewCount":133,"magazineBlocksPostReadTime":3,"magazine_blocks_featured_image_url":{"full":["https:\/\/pornuestrolaredo.com\/wp-content\/uploads\/2023\/08\/Stereo91-20230821-7.jpg",1280,631,false],"medium":["https:\/\/pornuestrolaredo.com\/wp-content\/uploads\/2023\/08\/Stereo91-20230821-7-300x148.jpg",300,148,true],"thumbnail":["https:\/\/pornuestrolaredo.com\/wp-content\/uploads\/2023\/08\/Stereo91-20230821-7-150x150.jpg",150,150,true]},"magazine_blocks_author":{"display_name":"Redactor","author_link":"https:\/\/pornuestrolaredo.com\/?author=1"},"magazine_blocks_comment":0,"magazine_blocks_author_image":"https:\/\/pornuestrolaredo.com\/wp-content\/litespeed\/avatar\/dca1d7ec750c399f025f23b0b314f4cf.jpg?ver=1777612120","magazine_blocks_category":"<a href=\"#\" class=\"category-link category-link-4\">Los dos Laredos<\/a>","jetpack_publicize_connections":[],"featured_image_urls":{"full":["https:\/\/pornuestrolaredo.com\/wp-content\/uploads\/2023\/08\/Stereo91-20230821-7.jpg",1280,631,false],"thumbnail":["https:\/\/pornuestrolaredo.com\/wp-content\/uploads\/2023\/08\/Stereo91-20230821-7-150x150.jpg",150,150,true],"medium":["https:\/\/pornuestrolaredo.com\/wp-content\/uploads\/2023\/08\/Stereo91-20230821-7-300x148.jpg",300,148,true],"medium_large":["https:\/\/pornuestrolaredo.com\/wp-content\/uploads\/2023\/08\/Stereo91-20230821-7-768x379.jpg",640,316,true],"large":["https:\/\/pornuestrolaredo.com\/wp-content\/uploads\/2023\/08\/Stereo91-20230821-7-1000x493.jpg",640,316,true],"1536x1536":["https:\/\/pornuestrolaredo.com\/wp-content\/uploads\/2023\/08\/Stereo91-20230821-7.jpg",1280,631,false],"2048x2048":["https:\/\/pornuestrolaredo.com\/wp-content\/uploads\/2023\/08\/Stereo91-20230821-7.jpg",1280,631,false],"morenews-large":["https:\/\/pornuestrolaredo.com\/wp-content\/uploads\/2023\/08\/Stereo91-20230821-7.jpg",825,407,false],"morenews-medium":["https:\/\/pornuestrolaredo.com\/wp-content\/uploads\/2023\/08\/Stereo91-20230821-7.jpg",590,291,false]},"author_info":{"info":["Redactor"]},"category_info":"<a href=\"https:\/\/pornuestrolaredo.com\/?cat=4\" rel=\"category\">Los dos Laredos<\/a>","tag_info":"Los dos Laredos","comment_count":"0","jetpack_featured_media_url":"https:\/\/pornuestrolaredo.com\/wp-content\/uploads\/2023\/08\/Stereo91-20230821-7.jpg","jetpack_sharing_enabled":true,"_links":{"self":[{"href":"https:\/\/pornuestrolaredo.com\/index.php?rest_route=\/wp\/v2\/posts\/2976","targetHints":{"allow":["GET"]}}],"collection":[{"href":"https:\/\/pornuestrolaredo.com\/index.php?rest_route=\/wp\/v2\/posts"}],"about":[{"href":"https:\/\/pornuestrolaredo.com\/index.php?rest_route=\/wp\/v2\/types\/post"}],"author":[{"embeddable":true,"href":"https:\/\/pornuestrolaredo.com\/index.php?rest_route=\/wp\/v2\/users\/1"}],"replies":[{"embeddable":true,"href":"https:\/\/pornuestrolaredo.com\/index.php?rest_route=%2Fwp%2Fv2%2Fcomments&post=2976"}],"version-history":[{"count":2,"href":"https:\/\/pornuestrolaredo.com\/index.php?rest_route=\/wp\/v2\/posts\/2976\/revisions"}],"predecessor-version":[{"id":2979,"href":"https:\/\/pornuestrolaredo.com\/index.php?rest_route=\/wp\/v2\/posts\/2976\/revisions\/2979"}],"wp:featuredmedia":[{"embeddable":true,"href":"https:\/\/pornuestrolaredo.com\/index.php?rest_route=\/wp\/v2\/media\/2977"}],"wp:attachment":[{"href":"https:\/\/pornuestrolaredo.com\/index.php?rest_route=%2Fwp%2Fv2%2Fmedia&parent=2976"}],"wp:term":[{"taxonomy":"category","embeddable":true,"href":"https:\/\/pornuestrolaredo.com\/index.php?rest_route=%2Fwp%2Fv2%2Fcategories&post=2976"},{"taxonomy":"post_tag","embeddable":true,"href":"https:\/\/pornuestrolaredo.com\/index.php?rest_route=%2Fwp%2Fv2%2Ftags&post=2976"}],"curies":[{"name":"wp","href":"https:\/\/api.w.org\/{rel}","templated":true}]}}