{"id":2984,"date":"2023-08-24T06:35:38","date_gmt":"2023-08-24T06:35:38","guid":{"rendered":"https:\/\/pornuestrolaredo.com\/?p=2984"},"modified":"2023-08-24T06:35:38","modified_gmt":"2023-08-24T06:35:38","slug":"refrendan-estado-y-municipio-compromiso-con-el-sector-salud","status":"publish","type":"post","link":"https:\/\/pornuestrolaredo.com\/?p=2984","title":{"rendered":"Refrendan Estado y Municipio compromiso con el sector salud"},"content":{"rendered":"<p><strong><em>NUEVO LAREDO.-<\/em><\/strong> En un evento para oficializar la donaci\u00f3n de equipamiento para el Hospital General en las \u00e1reas de Farmacia, Rayos X, Archivo Cl\u00ednico y Almac\u00e9n, el\u00a0 secretario de Salud en el Estado, Vicente Joel Hern\u00e1ndez Navarro y la alcaldesa Carmen Lilia Canturosas Villarreal\u00a0 reiteraron su compromiso para trabajar en equipo a beneficio del sector salud.<\/p>\n<p>El secretario y la presidenta municipal estuvieron acompa\u00f1ados por el Mayor de Laredo, Texas, Victor Trevi\u00f1o; el subsecretario de Atenci\u00f3n M\u00e9dica, Eduardo Mart\u00ednez Bermea y la secretaria de Bienestar Social, Liliana Arjona Barocio.<\/p>\n<p>Hern\u00e1ndez Navarro recalc\u00f3 que en Nuevo Laredo las instalaciones estatales han tenido mucho apoyo por parte del Gobierno Municipal, prueba de ello es la donaci\u00f3n de los aires acondicionados que mejoran las condiciones de trabajo y favorecen el resguardo de medicamentos y alimentos.<\/p>\n<blockquote><p>Nuevo Laredo es la ciudad que m\u00e1s se ve favorecida en el Estado para la centralizaci\u00f3n de los servicios m\u00e9dicos porque se instalar\u00e1 un nuevo hospital aqu\u00ed que se construir\u00e1 a partir del pr\u00f3ximo a\u00f1o, lo que significa m\u00e1s oportunidades de empleo y el acercamiento de los servicios m\u00e9dicos a la poblaci\u00f3n\u201d, destac\u00f3.<\/p><\/blockquote>\n<p>Anunci\u00f3 que para la \u00faltima semana de noviembre, se llevar\u00e1 a cabo un congreso m\u00e9dico binacional en la que participar\u00e1n expositores locales, estatales y de los Estados Unidos en un hecho sin precedentes para mostrar los nuevos retos en la salud.<\/p>\n<p>La alcaldesa Carmen Lilia Canturosas Villarreal indic\u00f3 que gracias a la buena relaci\u00f3n de colaboraci\u00f3n y cooperaci\u00f3n entre el Gobierno de Nuevo Laredo y de Tamaulipas ha permitido que los beneficios del Estado lleguen a la ciudad.<\/p>\n<blockquote><p>Han sido diversas las acciones que hemos emprendido a favor del Hospital General, desde la rehabilitaci\u00f3n de la infraestructura f\u00edsica de los espacios, el abastecimiento de medicamentos, inclusive el cambio de chip que se ha logrado en el personal de salud para proporcionar una mejor atenci\u00f3n m\u00e9dica y de calidad a nuestra ciudad\u201d, se\u00f1al\u00f3.<\/p><\/blockquote>\n<p>Reiter\u00f3 que gracias a la gesti\u00f3n del gobernador Am\u00e9rico Villarreal Anaya con el presidente de M\u00e9xico, Andr\u00e9s Manuel L\u00f3pez Obrador, se concret\u00f3 la llegada de un nuevo Hospital General a la ciudad.<\/p>\n<blockquote><p>Otra realidad para Nuevo Laredo es que donamos un terreno al ISSSTE para otro nuevo hospital con motivo de la llegada del ANAM, de igual forma un beneficio que agiliz\u00f3 nuestro amigo gobernador\u201d, enfatiz\u00f3.<\/p><\/blockquote>\n<p>Por su parte, el\u00a0 director del Hospital General, Mario Alberto P\u00e9rez Coss, finaliz\u00f3 con el agradecimiento por el apoyo incondicional del Gobierno Municipal, en este caso el beneficio del aire acondicionado que mejora el ambiente laboral y el mantenimiento de medicamentos.<\/p>\n","protected":false},"excerpt":{"rendered":"<p>Recibir\u00e1 el Hospital General equipamiento para el Hospital General en las \u00e1reas de Farmacia, Rayos X, Archivo Cl\u00ednico y Almac\u00e9n<\/p>\n","protected":false},"author":1,"featured_media":2985,"comment_status":"closed","ping_status":"closed","sticky":false,"template":"","format":"standard","meta":{"_crdt_document":"","_jetpack_memberships_contains_paid_content":false,"footnotes":"","jetpack_publicize_message":"","jetpack_publicize_feature_enabled":true,"jetpack_social_post_already_shared":true,"jetpack_social_options":{"image_generator_settings":{"template":"highway","default_image_id":0,"font":"","enabled":false},"version":2},"_wpas_customize_per_network":false},"categories":[4],"tags":[],"class_list":["post-2984","post","type-post","status-publish","format-standard","has-post-thumbnail","hentry","category-los-dos-laredos"],"magazineBlocksPostFeaturedMedia":{"thumbnail":"https:\/\/pornuestrolaredo.com\/wp-content\/uploads\/2023\/08\/Stereo91-20230824-1-150x150.jpg","medium":"https:\/\/pornuestrolaredo.com\/wp-content\/uploads\/2023\/08\/Stereo91-20230824-1-300x151.jpg","medium_large":"https:\/\/pornuestrolaredo.com\/wp-content\/uploads\/2023\/08\/Stereo91-20230824-1-768x387.jpg","large":"https:\/\/pornuestrolaredo.com\/wp-content\/uploads\/2023\/08\/Stereo91-20230824-1-1000x504.jpg","1536x1536":"https:\/\/pornuestrolaredo.com\/wp-content\/uploads\/2023\/08\/Stereo91-20230824-1.jpg","2048x2048":"https:\/\/pornuestrolaredo.com\/wp-content\/uploads\/2023\/08\/Stereo91-20230824-1.jpg","morenews-large":"https:\/\/pornuestrolaredo.com\/wp-content\/uploads\/2023\/08\/Stereo91-20230824-1.jpg","morenews-medium":"https:\/\/pornuestrolaredo.com\/wp-content\/uploads\/2023\/08\/Stereo91-20230824-1.jpg"},"magazineBlocksPostAuthor":{"name":"Redactor","avatar":"https:\/\/pornuestrolaredo.com\/wp-content\/litespeed\/avatar\/dca1d7ec750c399f025f23b0b314f4cf.jpg?ver=1777612120"},"magazineBlocksPostCommentsNumber":false,"magazineBlocksPostExcerpt":"Recibir\u00e1 el Hospital General equipamiento para el Hospital General en las \u00e1reas de Farmacia, Rayos X, Archivo Cl\u00ednico y Almac\u00e9n","magazineBlocksPostCategories":["Los dos Laredos"],"magazineBlocksPostViewCount":132,"magazineBlocksPostReadTime":3,"magazine_blocks_featured_image_url":{"full":["https:\/\/pornuestrolaredo.com\/wp-content\/uploads\/2023\/08\/Stereo91-20230824-1.jpg",1280,645,false],"medium":["https:\/\/pornuestrolaredo.com\/wp-content\/uploads\/2023\/08\/Stereo91-20230824-1-300x151.jpg",300,151,true],"thumbnail":["https:\/\/pornuestrolaredo.com\/wp-content\/uploads\/2023\/08\/Stereo91-20230824-1-150x150.jpg",150,150,true]},"magazine_blocks_author":{"display_name":"Redactor","author_link":"https:\/\/pornuestrolaredo.com\/?author=1"},"magazine_blocks_comment":0,"magazine_blocks_author_image":"https:\/\/pornuestrolaredo.com\/wp-content\/litespeed\/avatar\/dca1d7ec750c399f025f23b0b314f4cf.jpg?ver=1777612120","magazine_blocks_category":"<a href=\"#\" class=\"category-link category-link-4\">Los dos Laredos<\/a>","jetpack_publicize_connections":[],"featured_image_urls":{"full":["https:\/\/pornuestrolaredo.com\/wp-content\/uploads\/2023\/08\/Stereo91-20230824-1.jpg",1280,645,false],"thumbnail":["https:\/\/pornuestrolaredo.com\/wp-content\/uploads\/2023\/08\/Stereo91-20230824-1-150x150.jpg",150,150,true],"medium":["https:\/\/pornuestrolaredo.com\/wp-content\/uploads\/2023\/08\/Stereo91-20230824-1-300x151.jpg",300,151,true],"medium_large":["https:\/\/pornuestrolaredo.com\/wp-content\/uploads\/2023\/08\/Stereo91-20230824-1-768x387.jpg",640,323,true],"large":["https:\/\/pornuestrolaredo.com\/wp-content\/uploads\/2023\/08\/Stereo91-20230824-1-1000x504.jpg",640,323,true],"1536x1536":["https:\/\/pornuestrolaredo.com\/wp-content\/uploads\/2023\/08\/Stereo91-20230824-1.jpg",1280,645,false],"2048x2048":["https:\/\/pornuestrolaredo.com\/wp-content\/uploads\/2023\/08\/Stereo91-20230824-1.jpg",1280,645,false],"morenews-large":["https:\/\/pornuestrolaredo.com\/wp-content\/uploads\/2023\/08\/Stereo91-20230824-1.jpg",825,416,false],"morenews-medium":["https:\/\/pornuestrolaredo.com\/wp-content\/uploads\/2023\/08\/Stereo91-20230824-1.jpg",590,297,false]},"author_info":{"info":["Redactor"]},"category_info":"<a href=\"https:\/\/pornuestrolaredo.com\/?cat=4\" rel=\"category\">Los dos Laredos<\/a>","tag_info":"Los dos Laredos","comment_count":"0","jetpack_featured_media_url":"https:\/\/pornuestrolaredo.com\/wp-content\/uploads\/2023\/08\/Stereo91-20230824-1.jpg","jetpack_sharing_enabled":true,"_links":{"self":[{"href":"https:\/\/pornuestrolaredo.com\/index.php?rest_route=\/wp\/v2\/posts\/2984","targetHints":{"allow":["GET"]}}],"collection":[{"href":"https:\/\/pornuestrolaredo.com\/index.php?rest_route=\/wp\/v2\/posts"}],"about":[{"href":"https:\/\/pornuestrolaredo.com\/index.php?rest_route=\/wp\/v2\/types\/post"}],"author":[{"embeddable":true,"href":"https:\/\/pornuestrolaredo.com\/index.php?rest_route=\/wp\/v2\/users\/1"}],"replies":[{"embeddable":true,"href":"https:\/\/pornuestrolaredo.com\/index.php?rest_route=%2Fwp%2Fv2%2Fcomments&post=2984"}],"version-history":[{"count":1,"href":"https:\/\/pornuestrolaredo.com\/index.php?rest_route=\/wp\/v2\/posts\/2984\/revisions"}],"predecessor-version":[{"id":2986,"href":"https:\/\/pornuestrolaredo.com\/index.php?rest_route=\/wp\/v2\/posts\/2984\/revisions\/2986"}],"wp:featuredmedia":[{"embeddable":true,"href":"https:\/\/pornuestrolaredo.com\/index.php?rest_route=\/wp\/v2\/media\/2985"}],"wp:attachment":[{"href":"https:\/\/pornuestrolaredo.com\/index.php?rest_route=%2Fwp%2Fv2%2Fmedia&parent=2984"}],"wp:term":[{"taxonomy":"category","embeddable":true,"href":"https:\/\/pornuestrolaredo.com\/index.php?rest_route=%2Fwp%2Fv2%2Fcategories&post=2984"},{"taxonomy":"post_tag","embeddable":true,"href":"https:\/\/pornuestrolaredo.com\/index.php?rest_route=%2Fwp%2Fv2%2Ftags&post=2984"}],"curies":[{"name":"wp","href":"https:\/\/api.w.org\/{rel}","templated":true}]}}