{"id":2987,"date":"2023-08-24T06:44:26","date_gmt":"2023-08-24T06:44:26","guid":{"rendered":"https:\/\/pornuestrolaredo.com\/?p=2987"},"modified":"2023-08-24T06:44:26","modified_gmt":"2023-08-24T06:44:26","slug":"muere-en-avionazo-enemigo-de-putin","status":"publish","type":"post","link":"https:\/\/pornuestrolaredo.com\/?p=2987","title":{"rendered":"Muere en avionazo enemigo de Putin"},"content":{"rendered":"<p><strong>TALLIN, Estonia.-<\/strong> Yevgeny Prigozhin, el l\u00edder de mercenarios que encabez\u00f3 una breve rebeli\u00f3n armada contra el ej\u00e9rcito ruso hace unos meses, fue dado por muerto el mi\u00e9rcoles luego de que un avi\u00f3n se estrell\u00f3 al norte de Mosc\u00fa y las 10 personas que iban a bordo fallecieron.<\/p>\n<p>Prigozhin iba en el avi\u00f3n, seg\u00fan la agencia rusa de aviaci\u00f3n civil, que cit\u00f3 informaci\u00f3n de la aerol\u00ednea. El siniestro gener\u00f3 sospechas inmediatamente, ya que el destino del fundador de la empresa militar privada Grupo Wagner ha sido objeto de intensas especulaciones desde que organiz\u00f3 el mot\u00edn.<\/p>\n<p>En su momento, el presidente ruso Vlad\u00edmir Putin se\u00f1al\u00f3 que la rebeli\u00f3n era una \u201ctraici\u00f3n\u201d y una \u201cpu\u00f1alada por la espalda\u201d y prometi\u00f3 venganza. Pero al poco tiempo se retiraron los cargos contra Prigozhin. Al jefe de Wagner se le permiti\u00f3 retirarse a Bielorrusia, aunque al parecer visitaba Rusia de vez en cuando. El siniestro se produjo tambi\u00e9n despu\u00e9s de que los medios de comunicaci\u00f3n rusos informaron que un alto general vinculado a Prigozhin hab\u00eda sido destituido de su cargo de comandante de la fuerza a\u00e9rea.<\/p>\n<p>Un avi\u00f3n con tres tripulantes y siete pasajeros que se dirig\u00eda de Mosc\u00fa a San Petersburgo cay\u00f3 a casi 300 kil\u00f3metros (185 millas) al norte de la capital, de acuerdo con declaraciones de funcionarios reportadas por la agencia de noticias estatal rusa Tass.<\/p>\n<p>La agencia de aviaci\u00f3n civil rusa, Rosaviatsia, inform\u00f3 que Prigozhin aparec\u00eda en la lista de pasajeros y m\u00e1s tarde dijo que, seg\u00fan la aerol\u00ednea, efectivamente iba a bordo.<\/p>\n<p>Anteriormente, Vlad\u00edmir Rogov, un funcionario designado por Rusia en la regi\u00f3n parcialmente ocupada de Zaporiyia, en Ucrania, dijo que habl\u00f3 con comandantes del Grupo Wagner quienes tambi\u00e9n confirmaron que Prigozhin iba en el avi\u00f3n, al igual que Dmitry Utkin, cuyo apodo Wagner se convirti\u00f3 en el nombre de la compa\u00f1\u00eda.<\/p>\n<p>\u201c<\/p>\n<blockquote><p>No s\u00e9 exactamente lo que ha ocurrido, pero no me sorprende\u201d, dijo el presidente de Estados Unidos, Joe Biden.<\/p><\/blockquote>\n<p>Keir Giles, experto en Rusia del centro de estudios sobre asuntos internacionales Chatham House, hab\u00eda pedido cautela ante los reportes de la muerte de Prigozhin. Dijo que \u201cm\u00faltiples individuos han cambiado su nombre por el de Yevgeny Prigozhin como estrategia para ocultar sus viajes\u201d.<\/p>\n<p>Datos de rastreo de vuelo analizados por The Associated Press mostraban que un jet privado que Prigozhin hab\u00eda utilizado anteriormente despeg\u00f3 la tarde del mi\u00e9rcoles de Mosc\u00fa y que la se\u00f1al de su transpondedor desapareci\u00f3 a los pocos minutos.<\/p>\n<p>La se\u00f1al se detuvo repentinamente mientras el avi\u00f3n se encontraba viajando con altitud y velocidad. Una imagen publicada por una cuenta partidaria del grupo Wagner en redes sociales mostraba fuselaje en llamas, y se pod\u00eda ver un n\u00famero parcial de registro que coincid\u00eda con el de un avi\u00f3n que Prigozhin hab\u00eda utilizado en ocasiones anteriores.<\/p>\n<p>El canal Grey Zone, un grupo a favor de Wagner, comparti\u00f3 videos en Telegram en los que se pod\u00eda ver a un avi\u00f3n cayendo en picada desde una enorme nube de humo, girando sin control durante su ca\u00edda. Este tipo de desplomes suelen ocurrir cuando una aeronave sufre da\u00f1os graves, y un an\u00e1lisis cuadro por cuadro de los dos videos por parte de la AP muestra que coincide con alg\u00fan tipo de explosi\u00f3n a medio vuelo. En las im\u00e1genes parece que a la aeronave le falta un ala.<\/p>\n","protected":false},"excerpt":{"rendered":"<p>El l\u00edder de mercenarios que encabez\u00f3 una breve rebeli\u00f3n armada contra el ej\u00e9rcito ruso iba en el aparato junto a otras 10 personas<\/p>\n","protected":false},"author":1,"featured_media":2988,"comment_status":"closed","ping_status":"closed","sticky":false,"template":"","format":"standard","meta":{"_crdt_document":"","_jetpack_memberships_contains_paid_content":false,"footnotes":"","jetpack_publicize_message":"","jetpack_publicize_feature_enabled":true,"jetpack_social_post_already_shared":true,"jetpack_social_options":{"image_generator_settings":{"template":"highway","default_image_id":0,"font":"","enabled":false},"version":2},"_wpas_customize_per_network":false},"categories":[9],"tags":[],"class_list":["post-2987","post","type-post","status-publish","format-standard","has-post-thumbnail","hentry","category-el-mundo"],"magazineBlocksPostFeaturedMedia":{"thumbnail":"https:\/\/pornuestrolaredo.com\/wp-content\/uploads\/2023\/08\/Stereo91-20230824-2-150x150.jpg","medium":"https:\/\/pornuestrolaredo.com\/wp-content\/uploads\/2023\/08\/Stereo91-20230824-2-300x159.jpg","medium_large":"https:\/\/pornuestrolaredo.com\/wp-content\/uploads\/2023\/08\/Stereo91-20230824-2-768x408.jpg","large":"https:\/\/pornuestrolaredo.com\/wp-content\/uploads\/2023\/08\/Stereo91-20230824-2.jpg","1536x1536":"https:\/\/pornuestrolaredo.com\/wp-content\/uploads\/2023\/08\/Stereo91-20230824-2.jpg","2048x2048":"https:\/\/pornuestrolaredo.com\/wp-content\/uploads\/2023\/08\/Stereo91-20230824-2.jpg","morenews-large":"https:\/\/pornuestrolaredo.com\/wp-content\/uploads\/2023\/08\/Stereo91-20230824-2.jpg","morenews-medium":"https:\/\/pornuestrolaredo.com\/wp-content\/uploads\/2023\/08\/Stereo91-20230824-2.jpg"},"magazineBlocksPostAuthor":{"name":"Redactor","avatar":"https:\/\/pornuestrolaredo.com\/wp-content\/litespeed\/avatar\/dca1d7ec750c399f025f23b0b314f4cf.jpg?ver=1777612120"},"magazineBlocksPostCommentsNumber":false,"magazineBlocksPostExcerpt":"El l\u00edder de mercenarios que encabez\u00f3 una breve rebeli\u00f3n armada contra el ej\u00e9rcito ruso iba en el aparato junto a otras 10 personas","magazineBlocksPostCategories":["El Mundo"],"magazineBlocksPostViewCount":124,"magazineBlocksPostReadTime":3,"magazine_blocks_featured_image_url":{"full":["https:\/\/pornuestrolaredo.com\/wp-content\/uploads\/2023\/08\/Stereo91-20230824-2.jpg",900,478,false],"medium":["https:\/\/pornuestrolaredo.com\/wp-content\/uploads\/2023\/08\/Stereo91-20230824-2-300x159.jpg",300,159,true],"thumbnail":["https:\/\/pornuestrolaredo.com\/wp-content\/uploads\/2023\/08\/Stereo91-20230824-2-150x150.jpg",150,150,true]},"magazine_blocks_author":{"display_name":"Redactor","author_link":"https:\/\/pornuestrolaredo.com\/?author=1"},"magazine_blocks_comment":0,"magazine_blocks_author_image":"https:\/\/pornuestrolaredo.com\/wp-content\/litespeed\/avatar\/dca1d7ec750c399f025f23b0b314f4cf.jpg?ver=1777612120","magazine_blocks_category":"<a href=\"#\" class=\"category-link category-link-9\">El Mundo<\/a>","jetpack_publicize_connections":[],"featured_image_urls":{"full":["https:\/\/pornuestrolaredo.com\/wp-content\/uploads\/2023\/08\/Stereo91-20230824-2.jpg",900,478,false],"thumbnail":["https:\/\/pornuestrolaredo.com\/wp-content\/uploads\/2023\/08\/Stereo91-20230824-2-150x150.jpg",150,150,true],"medium":["https:\/\/pornuestrolaredo.com\/wp-content\/uploads\/2023\/08\/Stereo91-20230824-2-300x159.jpg",300,159,true],"medium_large":["https:\/\/pornuestrolaredo.com\/wp-content\/uploads\/2023\/08\/Stereo91-20230824-2-768x408.jpg",640,340,true],"large":["https:\/\/pornuestrolaredo.com\/wp-content\/uploads\/2023\/08\/Stereo91-20230824-2.jpg",640,340,false],"1536x1536":["https:\/\/pornuestrolaredo.com\/wp-content\/uploads\/2023\/08\/Stereo91-20230824-2.jpg",900,478,false],"2048x2048":["https:\/\/pornuestrolaredo.com\/wp-content\/uploads\/2023\/08\/Stereo91-20230824-2.jpg",900,478,false],"morenews-large":["https:\/\/pornuestrolaredo.com\/wp-content\/uploads\/2023\/08\/Stereo91-20230824-2.jpg",825,438,false],"morenews-medium":["https:\/\/pornuestrolaredo.com\/wp-content\/uploads\/2023\/08\/Stereo91-20230824-2.jpg",590,313,false]},"author_info":{"info":["Redactor"]},"category_info":"<a href=\"https:\/\/pornuestrolaredo.com\/?cat=9\" rel=\"category\">El Mundo<\/a>","tag_info":"El Mundo","comment_count":"0","jetpack_featured_media_url":"https:\/\/pornuestrolaredo.com\/wp-content\/uploads\/2023\/08\/Stereo91-20230824-2.jpg","jetpack_sharing_enabled":true,"_links":{"self":[{"href":"https:\/\/pornuestrolaredo.com\/index.php?rest_route=\/wp\/v2\/posts\/2987","targetHints":{"allow":["GET"]}}],"collection":[{"href":"https:\/\/pornuestrolaredo.com\/index.php?rest_route=\/wp\/v2\/posts"}],"about":[{"href":"https:\/\/pornuestrolaredo.com\/index.php?rest_route=\/wp\/v2\/types\/post"}],"author":[{"embeddable":true,"href":"https:\/\/pornuestrolaredo.com\/index.php?rest_route=\/wp\/v2\/users\/1"}],"replies":[{"embeddable":true,"href":"https:\/\/pornuestrolaredo.com\/index.php?rest_route=%2Fwp%2Fv2%2Fcomments&post=2987"}],"version-history":[{"count":1,"href":"https:\/\/pornuestrolaredo.com\/index.php?rest_route=\/wp\/v2\/posts\/2987\/revisions"}],"predecessor-version":[{"id":2989,"href":"https:\/\/pornuestrolaredo.com\/index.php?rest_route=\/wp\/v2\/posts\/2987\/revisions\/2989"}],"wp:featuredmedia":[{"embeddable":true,"href":"https:\/\/pornuestrolaredo.com\/index.php?rest_route=\/wp\/v2\/media\/2988"}],"wp:attachment":[{"href":"https:\/\/pornuestrolaredo.com\/index.php?rest_route=%2Fwp%2Fv2%2Fmedia&parent=2987"}],"wp:term":[{"taxonomy":"category","embeddable":true,"href":"https:\/\/pornuestrolaredo.com\/index.php?rest_route=%2Fwp%2Fv2%2Fcategories&post=2987"},{"taxonomy":"post_tag","embeddable":true,"href":"https:\/\/pornuestrolaredo.com\/index.php?rest_route=%2Fwp%2Fv2%2Ftags&post=2987"}],"curies":[{"name":"wp","href":"https:\/\/api.w.org\/{rel}","templated":true}]}}