{"id":3012,"date":"2023-08-27T05:55:42","date_gmt":"2023-08-27T05:55:42","guid":{"rendered":"https:\/\/pornuestrolaredo.com\/?p=3012"},"modified":"2023-08-27T05:55:42","modified_gmt":"2023-08-27T05:55:42","slug":"atentado-racial-en-florida-mueren-4","status":"publish","type":"post","link":"https:\/\/pornuestrolaredo.com\/?p=3012","title":{"rendered":"Atentado racial en Florida; mueren 4"},"content":{"rendered":"<p><strong>JACKSONVILLE, Florida.-\u00a0<\/strong> Un hombre blanco enmascarado mat\u00f3 a tiros el s\u00e1bado a tres personas dentro de una tienda de la cadena Dollar General de Jacksonville, Florida, en un vecindario predominantemente negro, en un ataque en que utiliz\u00f3 un arma con una esv\u00e1stica pintada, de acuerdo con las autoridades.<\/p>\n<p>El agresor, que hab\u00eda publicado en l\u00ednea mensajes racistas, se suicid\u00f3.<\/p>\n<p>El jefe policial T.K. Waters dijo en conferencia de prensa que el ataque, en que murieron dos hombres y una mujer, fue definitivamente \u201cmotivado racialmente\u201d.<\/p>\n<blockquote><p>Odiaba a los negros\u201d, destac\u00f3 Waters despu\u00e9s de haber revisado los mensajes del hombre, los cuales fueron enviados a agentes policiales federales y al menos a un medio noticioso poco antes del ataque. A\u00f1adi\u00f3 que el agresor actu\u00f3 sin ayuda y que \u201cno hay absolutamente ninguna evidencia de que el agresor forme parte de un grupo m\u00e1s grande\u201d.<\/p><\/blockquote>\n<p>Waters dijo que el agresor, que ten\u00eda entre 20 y 30 a\u00f1os, us\u00f3 una pistola Glock y un fusil semiautom\u00e1tico AR-15, y que al menos una de sus armas ten\u00eda una esv\u00e1stica pintada. Vest\u00eda un chaleco antibalas. Detall\u00f3 que el agresor estuvo una vez involucrado en un incidente de violencia dom\u00e9stica en 2016 y lleg\u00f3 a ser internado involuntariamente en un hospital psiqui\u00e1trico, donde fue examinado. Waters no proporcion\u00f3 m\u00e1s detalles sobre tales incidentes.<\/p>\n<p>De momento las autoridades no han revelado los nombres de las v\u00edctimas ni del victimario.<\/p>\n<p>El jefe policial revel\u00f3 que el agresor dej\u00f3 evidencia por escrito que llevaron a los investigadores a creer que cometi\u00f3 el ataque porque era el quinto aniversario del incidente en que otro hombre abri\u00f3 fuego durante un torneo de videojuegos en Jacksonville, matando a dos personas antes de suicidarse.<\/p>\n<p>El ataque del s\u00e1bado ocurri\u00f3 poco antes de las 2:00 de la tarde en una tienda Dollar General cerca de la Universidad Edward Waters, una peque\u00f1a universidad hist\u00f3ricamente negra.<\/p>\n<p>En un comunicado, la universidad indic\u00f3 que poco antes del tiroteo, uno de sus agentes de seguridad vio al hombre cerca de la biblioteca de la escuela y le pidi\u00f3 que se identificara. Cuando \u00e9l se neg\u00f3, se le pidi\u00f3 que se fuera. El hombre regres\u00f3 a su auto.<\/p>\n<p>Waters se\u00f1al\u00f3 que el hombre fue visto poni\u00e9ndose el chaleco y la m\u00e1scara antes de irse. Agreg\u00f3 que se desconoce si originalmente hab\u00eda planeado un ataque en la escuela.<\/p>\n<blockquote><p>No puedo decirles en qu\u00e9 pensaba cuando estuvo all\u00ed, pero estuvo all\u00ed\u201d, dijo el jefe de polic\u00eda.<\/p><\/blockquote>\n<p>Los estudiantes de la Universidad Edward Waters permanecieron encerrados en sus dormitorios durante horas tras la agresi\u00f3n, explic\u00f3 la escuela en un comunicado, que agreg\u00f3 que no se cree que alg\u00fan estudiante o profesorado est\u00e9 involucrado en el incidente.<\/p>\n<p>El agresor hab\u00eda conducido hasta Jacksonville desde el vecino condado Clay, donde viv\u00eda con sus padres, afirm\u00f3 Waters. Las autoridades realizaron una revisi\u00f3n en esa vivienda el s\u00e1bado por la noche.<\/p>\n<p>Poco antes del atentado, el hombre envi\u00f3 un mensaje de texto a su padre dici\u00e9ndole que revisara su computadora. El padre encontr\u00f3 los mensajes y la familia notific\u00f3 al 911, pero el tiroteo ya hab\u00eda comenzado, seg\u00fan el jefe policial Waters.<\/p>\n","protected":false},"excerpt":{"rendered":"<p>Un hombre blanco dispara contra personas negras en una tienda en Jacksonville, Florida,, mata a tres y se suicida<\/p>\n","protected":false},"author":1,"featured_media":3013,"comment_status":"closed","ping_status":"closed","sticky":false,"template":"","format":"standard","meta":{"_crdt_document":"","_jetpack_memberships_contains_paid_content":false,"footnotes":"","jetpack_publicize_message":"","jetpack_publicize_feature_enabled":true,"jetpack_social_post_already_shared":true,"jetpack_social_options":{"image_generator_settings":{"template":"highway","default_image_id":0,"font":"","enabled":false},"version":2},"_wpas_customize_per_network":false},"categories":[9],"tags":[],"class_list":["post-3012","post","type-post","status-publish","format-standard","has-post-thumbnail","hentry","category-el-mundo"],"magazineBlocksPostFeaturedMedia":{"thumbnail":"https:\/\/pornuestrolaredo.com\/wp-content\/uploads\/2023\/08\/PNL-20230827-2-150x150.jpg","medium":"https:\/\/pornuestrolaredo.com\/wp-content\/uploads\/2023\/08\/PNL-20230827-2-300x183.jpg","medium_large":"https:\/\/pornuestrolaredo.com\/wp-content\/uploads\/2023\/08\/PNL-20230827-2-768x469.jpg","large":"https:\/\/pornuestrolaredo.com\/wp-content\/uploads\/2023\/08\/PNL-20230827-2-1000x610.jpg","1536x1536":"https:\/\/pornuestrolaredo.com\/wp-content\/uploads\/2023\/08\/PNL-20230827-2.jpg","2048x2048":"https:\/\/pornuestrolaredo.com\/wp-content\/uploads\/2023\/08\/PNL-20230827-2.jpg","morenews-large":"https:\/\/pornuestrolaredo.com\/wp-content\/uploads\/2023\/08\/PNL-20230827-2.jpg","morenews-medium":"https:\/\/pornuestrolaredo.com\/wp-content\/uploads\/2023\/08\/PNL-20230827-2.jpg"},"magazineBlocksPostAuthor":{"name":"Redactor","avatar":"https:\/\/pornuestrolaredo.com\/wp-content\/litespeed\/avatar\/dca1d7ec750c399f025f23b0b314f4cf.jpg?ver=1777612120"},"magazineBlocksPostCommentsNumber":false,"magazineBlocksPostExcerpt":"Un hombre blanco dispara contra personas negras en una tienda en Jacksonville, Florida,, mata a tres y se suicida","magazineBlocksPostCategories":["El Mundo"],"magazineBlocksPostViewCount":149,"magazineBlocksPostReadTime":3,"magazine_blocks_featured_image_url":{"full":["https:\/\/pornuestrolaredo.com\/wp-content\/uploads\/2023\/08\/PNL-20230827-2.jpg",1440,879,false],"medium":["https:\/\/pornuestrolaredo.com\/wp-content\/uploads\/2023\/08\/PNL-20230827-2-300x183.jpg",300,183,true],"thumbnail":["https:\/\/pornuestrolaredo.com\/wp-content\/uploads\/2023\/08\/PNL-20230827-2-150x150.jpg",150,150,true]},"magazine_blocks_author":{"display_name":"Redactor","author_link":"https:\/\/pornuestrolaredo.com\/?author=1"},"magazine_blocks_comment":0,"magazine_blocks_author_image":"https:\/\/pornuestrolaredo.com\/wp-content\/litespeed\/avatar\/dca1d7ec750c399f025f23b0b314f4cf.jpg?ver=1777612120","magazine_blocks_category":"<a href=\"#\" class=\"category-link category-link-9\">El Mundo<\/a>","jetpack_publicize_connections":[],"featured_image_urls":{"full":["https:\/\/pornuestrolaredo.com\/wp-content\/uploads\/2023\/08\/PNL-20230827-2.jpg",1440,879,false],"thumbnail":["https:\/\/pornuestrolaredo.com\/wp-content\/uploads\/2023\/08\/PNL-20230827-2-150x150.jpg",150,150,true],"medium":["https:\/\/pornuestrolaredo.com\/wp-content\/uploads\/2023\/08\/PNL-20230827-2-300x183.jpg",300,183,true],"medium_large":["https:\/\/pornuestrolaredo.com\/wp-content\/uploads\/2023\/08\/PNL-20230827-2-768x469.jpg",640,391,true],"large":["https:\/\/pornuestrolaredo.com\/wp-content\/uploads\/2023\/08\/PNL-20230827-2-1000x610.jpg",640,390,true],"1536x1536":["https:\/\/pornuestrolaredo.com\/wp-content\/uploads\/2023\/08\/PNL-20230827-2.jpg",1440,879,false],"2048x2048":["https:\/\/pornuestrolaredo.com\/wp-content\/uploads\/2023\/08\/PNL-20230827-2.jpg",1440,879,false],"morenews-large":["https:\/\/pornuestrolaredo.com\/wp-content\/uploads\/2023\/08\/PNL-20230827-2.jpg",825,504,false],"morenews-medium":["https:\/\/pornuestrolaredo.com\/wp-content\/uploads\/2023\/08\/PNL-20230827-2.jpg",590,360,false]},"author_info":{"info":["Redactor"]},"category_info":"<a href=\"https:\/\/pornuestrolaredo.com\/?cat=9\" rel=\"category\">El Mundo<\/a>","tag_info":"El Mundo","comment_count":"0","jetpack_featured_media_url":"https:\/\/pornuestrolaredo.com\/wp-content\/uploads\/2023\/08\/PNL-20230827-2.jpg","jetpack_sharing_enabled":true,"_links":{"self":[{"href":"https:\/\/pornuestrolaredo.com\/index.php?rest_route=\/wp\/v2\/posts\/3012","targetHints":{"allow":["GET"]}}],"collection":[{"href":"https:\/\/pornuestrolaredo.com\/index.php?rest_route=\/wp\/v2\/posts"}],"about":[{"href":"https:\/\/pornuestrolaredo.com\/index.php?rest_route=\/wp\/v2\/types\/post"}],"author":[{"embeddable":true,"href":"https:\/\/pornuestrolaredo.com\/index.php?rest_route=\/wp\/v2\/users\/1"}],"replies":[{"embeddable":true,"href":"https:\/\/pornuestrolaredo.com\/index.php?rest_route=%2Fwp%2Fv2%2Fcomments&post=3012"}],"version-history":[{"count":1,"href":"https:\/\/pornuestrolaredo.com\/index.php?rest_route=\/wp\/v2\/posts\/3012\/revisions"}],"predecessor-version":[{"id":3014,"href":"https:\/\/pornuestrolaredo.com\/index.php?rest_route=\/wp\/v2\/posts\/3012\/revisions\/3014"}],"wp:featuredmedia":[{"embeddable":true,"href":"https:\/\/pornuestrolaredo.com\/index.php?rest_route=\/wp\/v2\/media\/3013"}],"wp:attachment":[{"href":"https:\/\/pornuestrolaredo.com\/index.php?rest_route=%2Fwp%2Fv2%2Fmedia&parent=3012"}],"wp:term":[{"taxonomy":"category","embeddable":true,"href":"https:\/\/pornuestrolaredo.com\/index.php?rest_route=%2Fwp%2Fv2%2Fcategories&post=3012"},{"taxonomy":"post_tag","embeddable":true,"href":"https:\/\/pornuestrolaredo.com\/index.php?rest_route=%2Fwp%2Fv2%2Ftags&post=3012"}],"curies":[{"name":"wp","href":"https:\/\/api.w.org\/{rel}","templated":true}]}}