{"id":3015,"date":"2023-08-27T06:06:43","date_gmt":"2023-08-27T06:06:43","guid":{"rendered":"https:\/\/pornuestrolaredo.com\/?p=3015"},"modified":"2023-08-27T06:06:43","modified_gmt":"2023-08-27T06:06:43","slug":"deja-eugenio-la-prision-eu-quiere-extraditarlo","status":"publish","type":"post","link":"https:\/\/pornuestrolaredo.com\/?p=3015","title":{"rendered":"Deja Eugenio la prisi\u00f3n; EU quiere extraditarlo"},"content":{"rendered":"<p><strong>TOLUCA.- <\/strong>A las 3:00 de la ma\u00f1ana del s\u00e1bado, el\u00a0exgobernador de Tamaulipas, Eugenio Hern\u00e1ndez Flores,\u00a0abandon\u00f3 el centro penitenciario de Tenango del Valle en el Estado de M\u00e9xico al conseguir el cambio de la medida cautelar que lo manten\u00eda preso.<\/p>\n<p>En una breve entrevista v\u00eda telef\u00f3nica con un medio regional de Tamaulipas, el exmandatario dijo estar feliz y contento.<\/p>\n<blockquote><p>Estoy muy feliz de estar libre ya habl\u00e9 con mis hijos, madre, hermanos y vengo con mis amigos y mi hijo\u201d.<\/p><\/blockquote>\n<p>Agreg\u00f3 que las\u00a0pr\u00f3ximas actividades ser\u00e1n con la familia.<\/p>\n<p>La libertad se realiz\u00f3 despu\u00e9s de cubrir una garant\u00eda econ\u00f3mica por\u00a05 millones de pesos debido a que no requer\u00eda prisi\u00f3n preventiva oficiosa.<\/p>\n<p>Desde el viernes por la ma\u00f1ana su abogado Javier L\u00f3pez Garc\u00eda, dio a conocer que los cuatro procesos que enfrentaba desde el 2017 (fecha en que fue preso, hasta ayer) fueron desechados poco a poco.<\/p>\n<p>La libertad la orden\u00f3 juez de distrito en Tamaulipas, Antonio Valerio Pinillos la cual\u00a0caus\u00f3 descontento a Fiscal\u00eda General de la Rep\u00fablica.<\/p>\n<p>Mediante un comunicado la catalog\u00f3 como una conducta judicial inadmisible al se\u00f1alar el riesgo de que Hern\u00e1ndez Flores\u00a0pueda sustraerse de la ley debido a que existe un juicio de amparo en estudio sobre su extradici\u00f3n a los Estados Unidos.<\/p>\n<p>Y es que la\u00a0corte federal del sur de Texas lo requiere por acusaciones de lavado de dinero, fraude bancario y operar un negocio de nav\u00edos sin licencia\u00a0por una cantidad equivalente en d\u00f3lares por 300 millones de pesos.<\/p>\n<p>En el 2018 un juez federal acept\u00f3 la solicitud de extradici\u00f3n, pero sus\u00a0\u00a0 abogados metieron un amparo que desde esa fecha mantiene la suspensi\u00f3n dado a que no se ha resuelto.<\/p>\n","protected":false},"excerpt":{"rendered":"<p>El exgobernador de Tamaulipas pag\u00f3 una garant\u00eda econ\u00f3mica de 5 millones de pesos para obtener su libertad <\/p>\n","protected":false},"author":1,"featured_media":3016,"comment_status":"closed","ping_status":"closed","sticky":false,"template":"","format":"standard","meta":{"_crdt_document":"","_jetpack_memberships_contains_paid_content":false,"footnotes":"","jetpack_publicize_message":"","jetpack_publicize_feature_enabled":true,"jetpack_social_post_already_shared":true,"jetpack_social_options":{"image_generator_settings":{"template":"highway","default_image_id":0,"font":"","enabled":false},"version":2},"_wpas_customize_per_network":false},"categories":[33],"tags":[],"class_list":["post-3015","post","type-post","status-publish","format-standard","has-post-thumbnail","hentry","category-mexico"],"magazineBlocksPostFeaturedMedia":{"thumbnail":"https:\/\/pornuestrolaredo.com\/wp-content\/uploads\/2023\/08\/Stereo91-20230827-3-150x150.jpg","medium":"https:\/\/pornuestrolaredo.com\/wp-content\/uploads\/2023\/08\/Stereo91-20230827-3-300x165.jpg","medium_large":"https:\/\/pornuestrolaredo.com\/wp-content\/uploads\/2023\/08\/Stereo91-20230827-3-768x422.jpg","large":"https:\/\/pornuestrolaredo.com\/wp-content\/uploads\/2023\/08\/Stereo91-20230827-3.jpg","1536x1536":"https:\/\/pornuestrolaredo.com\/wp-content\/uploads\/2023\/08\/Stereo91-20230827-3.jpg","2048x2048":"https:\/\/pornuestrolaredo.com\/wp-content\/uploads\/2023\/08\/Stereo91-20230827-3.jpg","morenews-large":"https:\/\/pornuestrolaredo.com\/wp-content\/uploads\/2023\/08\/Stereo91-20230827-3.jpg","morenews-medium":"https:\/\/pornuestrolaredo.com\/wp-content\/uploads\/2023\/08\/Stereo91-20230827-3.jpg"},"magazineBlocksPostAuthor":{"name":"Redactor","avatar":"https:\/\/pornuestrolaredo.com\/wp-content\/litespeed\/avatar\/dca1d7ec750c399f025f23b0b314f4cf.jpg?ver=1777612120"},"magazineBlocksPostCommentsNumber":false,"magazineBlocksPostExcerpt":"El exgobernador de Tamaulipas pag\u00f3 una garant\u00eda econ\u00f3mica de 5 millones de pesos para obtener su libertad ","magazineBlocksPostCategories":["Mexico"],"magazineBlocksPostViewCount":149,"magazineBlocksPostReadTime":2,"magazine_blocks_featured_image_url":{"full":["https:\/\/pornuestrolaredo.com\/wp-content\/uploads\/2023\/08\/Stereo91-20230827-3.jpg",960,528,false],"medium":["https:\/\/pornuestrolaredo.com\/wp-content\/uploads\/2023\/08\/Stereo91-20230827-3-300x165.jpg",300,165,true],"thumbnail":["https:\/\/pornuestrolaredo.com\/wp-content\/uploads\/2023\/08\/Stereo91-20230827-3-150x150.jpg",150,150,true]},"magazine_blocks_author":{"display_name":"Redactor","author_link":"https:\/\/pornuestrolaredo.com\/?author=1"},"magazine_blocks_comment":0,"magazine_blocks_author_image":"https:\/\/pornuestrolaredo.com\/wp-content\/litespeed\/avatar\/dca1d7ec750c399f025f23b0b314f4cf.jpg?ver=1777612120","magazine_blocks_category":"<a href=\"#\" class=\"category-link category-link-33\">Mexico<\/a>","jetpack_publicize_connections":[],"featured_image_urls":{"full":["https:\/\/pornuestrolaredo.com\/wp-content\/uploads\/2023\/08\/Stereo91-20230827-3.jpg",960,528,false],"thumbnail":["https:\/\/pornuestrolaredo.com\/wp-content\/uploads\/2023\/08\/Stereo91-20230827-3-150x150.jpg",150,150,true],"medium":["https:\/\/pornuestrolaredo.com\/wp-content\/uploads\/2023\/08\/Stereo91-20230827-3-300x165.jpg",300,165,true],"medium_large":["https:\/\/pornuestrolaredo.com\/wp-content\/uploads\/2023\/08\/Stereo91-20230827-3-768x422.jpg",640,352,true],"large":["https:\/\/pornuestrolaredo.com\/wp-content\/uploads\/2023\/08\/Stereo91-20230827-3.jpg",640,352,false],"1536x1536":["https:\/\/pornuestrolaredo.com\/wp-content\/uploads\/2023\/08\/Stereo91-20230827-3.jpg",960,528,false],"2048x2048":["https:\/\/pornuestrolaredo.com\/wp-content\/uploads\/2023\/08\/Stereo91-20230827-3.jpg",960,528,false],"morenews-large":["https:\/\/pornuestrolaredo.com\/wp-content\/uploads\/2023\/08\/Stereo91-20230827-3.jpg",825,454,false],"morenews-medium":["https:\/\/pornuestrolaredo.com\/wp-content\/uploads\/2023\/08\/Stereo91-20230827-3.jpg",590,325,false]},"author_info":{"info":["Redactor"]},"category_info":"<a href=\"https:\/\/pornuestrolaredo.com\/?cat=33\" rel=\"category\">Mexico<\/a>","tag_info":"Mexico","comment_count":"0","jetpack_featured_media_url":"https:\/\/pornuestrolaredo.com\/wp-content\/uploads\/2023\/08\/Stereo91-20230827-3.jpg","jetpack_sharing_enabled":true,"_links":{"self":[{"href":"https:\/\/pornuestrolaredo.com\/index.php?rest_route=\/wp\/v2\/posts\/3015","targetHints":{"allow":["GET"]}}],"collection":[{"href":"https:\/\/pornuestrolaredo.com\/index.php?rest_route=\/wp\/v2\/posts"}],"about":[{"href":"https:\/\/pornuestrolaredo.com\/index.php?rest_route=\/wp\/v2\/types\/post"}],"author":[{"embeddable":true,"href":"https:\/\/pornuestrolaredo.com\/index.php?rest_route=\/wp\/v2\/users\/1"}],"replies":[{"embeddable":true,"href":"https:\/\/pornuestrolaredo.com\/index.php?rest_route=%2Fwp%2Fv2%2Fcomments&post=3015"}],"version-history":[{"count":1,"href":"https:\/\/pornuestrolaredo.com\/index.php?rest_route=\/wp\/v2\/posts\/3015\/revisions"}],"predecessor-version":[{"id":3017,"href":"https:\/\/pornuestrolaredo.com\/index.php?rest_route=\/wp\/v2\/posts\/3015\/revisions\/3017"}],"wp:featuredmedia":[{"embeddable":true,"href":"https:\/\/pornuestrolaredo.com\/index.php?rest_route=\/wp\/v2\/media\/3016"}],"wp:attachment":[{"href":"https:\/\/pornuestrolaredo.com\/index.php?rest_route=%2Fwp%2Fv2%2Fmedia&parent=3015"}],"wp:term":[{"taxonomy":"category","embeddable":true,"href":"https:\/\/pornuestrolaredo.com\/index.php?rest_route=%2Fwp%2Fv2%2Fcategories&post=3015"},{"taxonomy":"post_tag","embeddable":true,"href":"https:\/\/pornuestrolaredo.com\/index.php?rest_route=%2Fwp%2Fv2%2Ftags&post=3015"}],"curies":[{"name":"wp","href":"https:\/\/api.w.org\/{rel}","templated":true}]}}