{"id":3018,"date":"2023-08-29T04:13:37","date_gmt":"2023-08-29T04:13:37","guid":{"rendered":"https:\/\/pornuestrolaredo.com\/?p=3018"},"modified":"2023-08-29T04:13:37","modified_gmt":"2023-08-29T04:13:37","slug":"choca-pipa-y-explota-mueren-ocho","status":"publish","type":"post","link":"https:\/\/pornuestrolaredo.com\/?p=3018","title":{"rendered":"Choca pipa y explota; mueren ocho"},"content":{"rendered":"<p><strong><em>IGUALA, Guerrero.-<\/em><\/strong> Una pipa cargada de combustible choc\u00f3 contra un cami\u00f3n tipo torton y un taxi, estall\u00f3 en llamas y caus\u00f3 la muerte de al menos ocho personas sobre la carretera Iguala-Chilpancingo, en Guerrero, dijeron autoridades locales.<\/p>\n<p>Protecci\u00f3n Civil estatal inform\u00f3 que el choque ocurri\u00f3 alrededor de las 3:20 de la tarde del lunes y la pipa explot\u00f3 despu\u00e9s de volcarse en el punto conocido como El Platanal, ubicado en el Municipio de Eduardo Neri, cercano a Chilpancingo capital.<\/p>\n<blockquote><p>Reportes preliminares refieren que en dicho incidente se vieron involucrados tres veh\u00edculos con el saldo de ocho personas muertas&#8221;, se precis\u00f3 oficialmente.<\/p><\/blockquote>\n<p>Casi dos horas despu\u00e9s, los bomberos continuaban trabajando en la escena.<\/p>\n<blockquote><p>Los bomberos contin\u00faan en la zona realizando labores de enfriamiento, por lo que se mantiene cerrada la circulaci\u00f3n vehicular sobre dicha v\u00eda de comunicaci\u00f3n&#8221;.<\/p><\/blockquote>\n<p>De acuerdo con reportes locales, seis de los muertos iban en el taxi que viajaba sobre el tramo Zumpango-Mezcala, dijo Neri.<\/p>\n<p>Se report\u00f3 que un hombre sufri\u00f3 quemaduras y fue trasladado a un hospital de la regi\u00f3n. <\/p>\n<p>Elementos de la Fiscal\u00eda General del Estado (FGE) ordenaron el levantamiento de cuerpos, que fueron trasladados al Servicio M\u00e9dico Forense (Semefo) de Chilpancingo.<\/p>\n","protected":false},"excerpt":{"rendered":"<p>La tragedia ocurri\u00f3 la tarde de este lunes, sobre la carretera Iguala-Chilpancingo, en Guerrero<\/p>\n","protected":false},"author":1,"featured_media":3019,"comment_status":"closed","ping_status":"closed","sticky":false,"template":"","format":"standard","meta":{"_crdt_document":"","_jetpack_memberships_contains_paid_content":false,"footnotes":"","jetpack_publicize_message":"","jetpack_publicize_feature_enabled":true,"jetpack_social_post_already_shared":true,"jetpack_social_options":{"image_generator_settings":{"template":"highway","default_image_id":0,"font":"","enabled":false},"version":2},"_wpas_customize_per_network":false},"categories":[33],"tags":[],"class_list":["post-3018","post","type-post","status-publish","format-standard","has-post-thumbnail","hentry","category-mexico"],"magazineBlocksPostFeaturedMedia":{"thumbnail":"https:\/\/pornuestrolaredo.com\/wp-content\/uploads\/2023\/08\/Pipa-150x150.jpg","medium":"https:\/\/pornuestrolaredo.com\/wp-content\/uploads\/2023\/08\/Pipa-300x200.jpg","medium_large":"https:\/\/pornuestrolaredo.com\/wp-content\/uploads\/2023\/08\/Pipa-768x512.jpg","large":"https:\/\/pornuestrolaredo.com\/wp-content\/uploads\/2023\/08\/Pipa.jpg","1536x1536":"https:\/\/pornuestrolaredo.com\/wp-content\/uploads\/2023\/08\/Pipa.jpg","2048x2048":"https:\/\/pornuestrolaredo.com\/wp-content\/uploads\/2023\/08\/Pipa.jpg","morenews-large":"https:\/\/pornuestrolaredo.com\/wp-content\/uploads\/2023\/08\/Pipa.jpg","morenews-medium":"https:\/\/pornuestrolaredo.com\/wp-content\/uploads\/2023\/08\/Pipa.jpg"},"magazineBlocksPostAuthor":{"name":"Redactor","avatar":"https:\/\/pornuestrolaredo.com\/wp-content\/litespeed\/avatar\/dca1d7ec750c399f025f23b0b314f4cf.jpg?ver=1777612120"},"magazineBlocksPostCommentsNumber":false,"magazineBlocksPostExcerpt":"La tragedia ocurri\u00f3 la tarde de este lunes, sobre la carretera Iguala-Chilpancingo, en Guerrero\r\n","magazineBlocksPostCategories":["Mexico"],"magazineBlocksPostViewCount":168,"magazineBlocksPostReadTime":2,"magazine_blocks_featured_image_url":{"full":["https:\/\/pornuestrolaredo.com\/wp-content\/uploads\/2023\/08\/Pipa.jpg",960,640,false],"medium":["https:\/\/pornuestrolaredo.com\/wp-content\/uploads\/2023\/08\/Pipa-300x200.jpg",300,200,true],"thumbnail":["https:\/\/pornuestrolaredo.com\/wp-content\/uploads\/2023\/08\/Pipa-150x150.jpg",150,150,true]},"magazine_blocks_author":{"display_name":"Redactor","author_link":"https:\/\/pornuestrolaredo.com\/?author=1"},"magazine_blocks_comment":0,"magazine_blocks_author_image":"https:\/\/pornuestrolaredo.com\/wp-content\/litespeed\/avatar\/dca1d7ec750c399f025f23b0b314f4cf.jpg?ver=1777612120","magazine_blocks_category":"<a href=\"#\" class=\"category-link category-link-33\">Mexico<\/a>","jetpack_publicize_connections":[],"featured_image_urls":{"full":["https:\/\/pornuestrolaredo.com\/wp-content\/uploads\/2023\/08\/Pipa.jpg",960,640,false],"thumbnail":["https:\/\/pornuestrolaredo.com\/wp-content\/uploads\/2023\/08\/Pipa-150x150.jpg",150,150,true],"medium":["https:\/\/pornuestrolaredo.com\/wp-content\/uploads\/2023\/08\/Pipa-300x200.jpg",300,200,true],"medium_large":["https:\/\/pornuestrolaredo.com\/wp-content\/uploads\/2023\/08\/Pipa-768x512.jpg",640,427,true],"large":["https:\/\/pornuestrolaredo.com\/wp-content\/uploads\/2023\/08\/Pipa.jpg",640,427,false],"1536x1536":["https:\/\/pornuestrolaredo.com\/wp-content\/uploads\/2023\/08\/Pipa.jpg",960,640,false],"2048x2048":["https:\/\/pornuestrolaredo.com\/wp-content\/uploads\/2023\/08\/Pipa.jpg",960,640,false],"morenews-large":["https:\/\/pornuestrolaredo.com\/wp-content\/uploads\/2023\/08\/Pipa.jpg",825,550,false],"morenews-medium":["https:\/\/pornuestrolaredo.com\/wp-content\/uploads\/2023\/08\/Pipa.jpg",590,393,false]},"author_info":{"info":["Redactor"]},"category_info":"<a href=\"https:\/\/pornuestrolaredo.com\/?cat=33\" rel=\"category\">Mexico<\/a>","tag_info":"Mexico","comment_count":"0","jetpack_featured_media_url":"https:\/\/pornuestrolaredo.com\/wp-content\/uploads\/2023\/08\/Pipa.jpg","jetpack_sharing_enabled":true,"_links":{"self":[{"href":"https:\/\/pornuestrolaredo.com\/index.php?rest_route=\/wp\/v2\/posts\/3018","targetHints":{"allow":["GET"]}}],"collection":[{"href":"https:\/\/pornuestrolaredo.com\/index.php?rest_route=\/wp\/v2\/posts"}],"about":[{"href":"https:\/\/pornuestrolaredo.com\/index.php?rest_route=\/wp\/v2\/types\/post"}],"author":[{"embeddable":true,"href":"https:\/\/pornuestrolaredo.com\/index.php?rest_route=\/wp\/v2\/users\/1"}],"replies":[{"embeddable":true,"href":"https:\/\/pornuestrolaredo.com\/index.php?rest_route=%2Fwp%2Fv2%2Fcomments&post=3018"}],"version-history":[{"count":1,"href":"https:\/\/pornuestrolaredo.com\/index.php?rest_route=\/wp\/v2\/posts\/3018\/revisions"}],"predecessor-version":[{"id":3020,"href":"https:\/\/pornuestrolaredo.com\/index.php?rest_route=\/wp\/v2\/posts\/3018\/revisions\/3020"}],"wp:featuredmedia":[{"embeddable":true,"href":"https:\/\/pornuestrolaredo.com\/index.php?rest_route=\/wp\/v2\/media\/3019"}],"wp:attachment":[{"href":"https:\/\/pornuestrolaredo.com\/index.php?rest_route=%2Fwp%2Fv2%2Fmedia&parent=3018"}],"wp:term":[{"taxonomy":"category","embeddable":true,"href":"https:\/\/pornuestrolaredo.com\/index.php?rest_route=%2Fwp%2Fv2%2Fcategories&post=3018"},{"taxonomy":"post_tag","embeddable":true,"href":"https:\/\/pornuestrolaredo.com\/index.php?rest_route=%2Fwp%2Fv2%2Ftags&post=3018"}],"curies":[{"name":"wp","href":"https:\/\/api.w.org\/{rel}","templated":true}]}}