{"id":3028,"date":"2023-08-29T16:48:21","date_gmt":"2023-08-29T16:48:21","guid":{"rendered":"https:\/\/pornuestrolaredo.com\/?p=3028"},"modified":"2023-08-29T16:48:21","modified_gmt":"2023-08-29T16:48:21","slug":"idalia-se-convierte-en-huracan-va-hacia-florida","status":"publish","type":"post","link":"https:\/\/pornuestrolaredo.com\/?p=3028","title":{"rendered":"Idalia se convierte en hurac\u00e1n; va hacia Florida"},"content":{"rendered":"<p><strong><em>TAMPA, Florida.-<\/em><\/strong> Buena parte de Florida tomaba medidas para prevenir un desastre el martes antes de los embates de Idalia, que seg\u00fan los pron\u00f3sticos adquirir\u00eda fuerza de \u201cun gran hurac\u00e1n extremadamente peligroso\u201d antes de abatirse sobre la costa del Golfo de M\u00e9xico el mi\u00e9rcoles.<\/p>\n<p>En la v\u00edspera, residentes de Florida se abastecieron de costales de arena y evacuaron viviendas en zonas bajas a lo largo de la costa del Golfo de M\u00e9xico para prepararse para una tormenta que, seg\u00fan el Centro Nacional de Huracanes (NHC, por sus siglas en ingl\u00e9s), podr\u00eda tener vientos sostenidos de hasta 193 kil\u00f3metros\/hora (120 millas por hora). Esto convertir\u00eda al meteoro en un hurac\u00e1n de categor\u00eda 3, lo que podr\u00eda suponer un duro golpe para un estado que sigue lidiando con los da\u00f1os causados por el hurac\u00e1n Ian el a\u00f1o pasado.<\/p>\n<blockquote><p>Ustedes todav\u00eda tienen tiempo esta ma\u00f1ana para los preparativos finales\u2026 pero tienen que hacerlo ahora\u201d, dijo el gobernador Ron DeSantis desde el centro de operaciones de emergencia. Se han suspendido los peajes en las autopistas de salida de la zona de peligro, se han habilitado refugios, los hoteles est\u00e1n preparados para recibir refugiados y m\u00e1s de 30 mil trabajadores de los servicios p\u00fablicos est\u00e1n preparados para efectuar reparaciones inmediatamente despu\u00e9s del paso de la tormenta, a\u00f1adi\u00f3.<\/p><\/blockquote>\n<p>A las 8 de la ma\u00f1ana hora del este (1200 GMT) el hurac\u00e1n Idalia se encontraba 515 kil\u00f3metros (320 millas) al sursuroeste de Tamp, con vientos sostenidos m\u00e1ximos de 130 km\/h (80 mph), dijo el centro de huracanes. Se desplazaba hacia el norte a 22 km\/h (14 mph).<\/p>\n<p>El v\u00f3rtice de Idalia probablemente llegar\u00e1 a una zona escasamente poblada de la costa del Golfo conocida como Big Bend antes de cruzar la pen\u00ednsula y anegar el sur de Georgia y las Carolinas el jueves, seg\u00fan los meteor\u00f3logos.<\/p>\n<blockquote><p>Ahora mismo, el mayor peligro son las marejadas cicl\u00f3nicas\u201d, indic\u00f3 Robbie Berg, especialista en huracanes del NHC en Miami, el martes en la ma\u00f1ana. \u201cEsperamos una marejada de hasta entre 2.4 y 3.6 metros (entre 8 y 12 pies) por encima del nivel normal de la marea en la zona de Big Bend en Florida\u201d.<\/p><\/blockquote>\n<p>Idalia azot\u00f3 Cuba con fuertes lluvias, en particular en el extremo occidental de la isla, donde la provincia de Pinar del R\u00edo, productora de tabaco, sigue recuper\u00e1ndose de la devastaci\u00f3n que dej\u00f3 el hurac\u00e1n Ian hace casi un a\u00f1o.<\/p>\n<p>Las autoridades provinciales activaron el estado de alerta y los habitantes se resguardaron en casas de familiares y amigos, mientras las autoridades monitoreaban el nivel del r\u00edo Cuyaguateje por un posible desbordamiento. El domingo se registraron hasta 10 cent\u00edmetros (4 pulgadas) de lluvias en la isla, de acuerdo con estaciones meteorol\u00f3gicas.<\/p>\n<p>Idalia es el m\u00e1s reciente de los desastres naturales que se han registrado este verano, incluyendo los incendios en Hawai, Canad\u00e1 y Grecia; la primera tormenta tropical que azota California en 84 a\u00f1os y las devastadoras inundaciones en Vermont.<\/p>\n<p>DeSantis declar\u00f3 estado de emergencia para 46 condados, en una amplia franja en la mitad norte del estado, desde la costa del Golfo de M\u00e9xico hasta la del Atl\u00e1ntico. La entidad ha desplegado mil 100 elementos de la Guardia Nacional, con 2 mil 400 veh\u00edculos elevados y 12 aeronaves para labores de rescate y recuperaci\u00f3n.<\/p>\n<p>El Aeropuerto Internacional de Tampa y el Aeropuerto Internacional St.Pete-Clearwater informaron que cerrar\u00e1n el martes, adem\u00e1s de que se suspender\u00e1 el servicio del tren de cercan\u00edas Sunrail en Orlando.<br \/>\nEl presidente Joe Biden dijo a DeSantis que aprob\u00f3 una declaraci\u00f3n de emergencia para el estado, dijo la Casa Blanca en un comunicado de prensa.<\/p>\n","protected":false},"excerpt":{"rendered":"<p>Se espera que el fen\u00f3meno alcance la categor\u00eda 3 antes de tocar tierra en una zona escasamente poblada<\/p>\n","protected":false},"author":1,"featured_media":3029,"comment_status":"closed","ping_status":"closed","sticky":false,"template":"","format":"standard","meta":{"_crdt_document":"","_jetpack_memberships_contains_paid_content":false,"footnotes":"","jetpack_publicize_message":"","jetpack_publicize_feature_enabled":true,"jetpack_social_post_already_shared":true,"jetpack_social_options":{"image_generator_settings":{"template":"highway","default_image_id":0,"font":"","enabled":false},"version":2},"_wpas_customize_per_network":false},"categories":[9],"tags":[],"class_list":["post-3028","post","type-post","status-publish","format-standard","has-post-thumbnail","hentry","category-el-mundo"],"magazineBlocksPostFeaturedMedia":{"thumbnail":"https:\/\/pornuestrolaredo.com\/wp-content\/uploads\/2023\/08\/Stereo91-20230829-2-150x150.jpeg","medium":"https:\/\/pornuestrolaredo.com\/wp-content\/uploads\/2023\/08\/Stereo91-20230829-2-300x200.jpeg","medium_large":"https:\/\/pornuestrolaredo.com\/wp-content\/uploads\/2023\/08\/Stereo91-20230829-2-768x512.jpeg","large":"https:\/\/pornuestrolaredo.com\/wp-content\/uploads\/2023\/08\/Stereo91-20230829-2.jpeg","1536x1536":"https:\/\/pornuestrolaredo.com\/wp-content\/uploads\/2023\/08\/Stereo91-20230829-2.jpeg","2048x2048":"https:\/\/pornuestrolaredo.com\/wp-content\/uploads\/2023\/08\/Stereo91-20230829-2.jpeg","morenews-large":"https:\/\/pornuestrolaredo.com\/wp-content\/uploads\/2023\/08\/Stereo91-20230829-2.jpeg","morenews-medium":"https:\/\/pornuestrolaredo.com\/wp-content\/uploads\/2023\/08\/Stereo91-20230829-2.jpeg"},"magazineBlocksPostAuthor":{"name":"Redactor","avatar":"https:\/\/pornuestrolaredo.com\/wp-content\/litespeed\/avatar\/dca1d7ec750c399f025f23b0b314f4cf.jpg?ver=1777612120"},"magazineBlocksPostCommentsNumber":false,"magazineBlocksPostExcerpt":"Se espera que el fen\u00f3meno alcance la categor\u00eda 3 antes de tocar tierra en una zona escasamente poblada","magazineBlocksPostCategories":["El Mundo"],"magazineBlocksPostViewCount":145,"magazineBlocksPostReadTime":4,"magazine_blocks_featured_image_url":{"full":["https:\/\/pornuestrolaredo.com\/wp-content\/uploads\/2023\/08\/Stereo91-20230829-2.jpeg",980,653,false],"medium":["https:\/\/pornuestrolaredo.com\/wp-content\/uploads\/2023\/08\/Stereo91-20230829-2-300x200.jpeg",300,200,true],"thumbnail":["https:\/\/pornuestrolaredo.com\/wp-content\/uploads\/2023\/08\/Stereo91-20230829-2-150x150.jpeg",150,150,true]},"magazine_blocks_author":{"display_name":"Redactor","author_link":"https:\/\/pornuestrolaredo.com\/?author=1"},"magazine_blocks_comment":0,"magazine_blocks_author_image":"https:\/\/pornuestrolaredo.com\/wp-content\/litespeed\/avatar\/dca1d7ec750c399f025f23b0b314f4cf.jpg?ver=1777612120","magazine_blocks_category":"<a href=\"#\" class=\"category-link category-link-9\">El Mundo<\/a>","jetpack_publicize_connections":[],"featured_image_urls":{"full":["https:\/\/pornuestrolaredo.com\/wp-content\/uploads\/2023\/08\/Stereo91-20230829-2.jpeg",980,653,false],"thumbnail":["https:\/\/pornuestrolaredo.com\/wp-content\/uploads\/2023\/08\/Stereo91-20230829-2-150x150.jpeg",150,150,true],"medium":["https:\/\/pornuestrolaredo.com\/wp-content\/uploads\/2023\/08\/Stereo91-20230829-2-300x200.jpeg",300,200,true],"medium_large":["https:\/\/pornuestrolaredo.com\/wp-content\/uploads\/2023\/08\/Stereo91-20230829-2-768x512.jpeg",640,427,true],"large":["https:\/\/pornuestrolaredo.com\/wp-content\/uploads\/2023\/08\/Stereo91-20230829-2.jpeg",640,426,false],"1536x1536":["https:\/\/pornuestrolaredo.com\/wp-content\/uploads\/2023\/08\/Stereo91-20230829-2.jpeg",980,653,false],"2048x2048":["https:\/\/pornuestrolaredo.com\/wp-content\/uploads\/2023\/08\/Stereo91-20230829-2.jpeg",980,653,false],"morenews-large":["https:\/\/pornuestrolaredo.com\/wp-content\/uploads\/2023\/08\/Stereo91-20230829-2.jpeg",825,550,false],"morenews-medium":["https:\/\/pornuestrolaredo.com\/wp-content\/uploads\/2023\/08\/Stereo91-20230829-2.jpeg",590,393,false]},"author_info":{"info":["Redactor"]},"category_info":"<a href=\"https:\/\/pornuestrolaredo.com\/?cat=9\" rel=\"category\">El Mundo<\/a>","tag_info":"El Mundo","comment_count":"0","jetpack_featured_media_url":"https:\/\/pornuestrolaredo.com\/wp-content\/uploads\/2023\/08\/Stereo91-20230829-2.jpeg","jetpack_sharing_enabled":true,"_links":{"self":[{"href":"https:\/\/pornuestrolaredo.com\/index.php?rest_route=\/wp\/v2\/posts\/3028","targetHints":{"allow":["GET"]}}],"collection":[{"href":"https:\/\/pornuestrolaredo.com\/index.php?rest_route=\/wp\/v2\/posts"}],"about":[{"href":"https:\/\/pornuestrolaredo.com\/index.php?rest_route=\/wp\/v2\/types\/post"}],"author":[{"embeddable":true,"href":"https:\/\/pornuestrolaredo.com\/index.php?rest_route=\/wp\/v2\/users\/1"}],"replies":[{"embeddable":true,"href":"https:\/\/pornuestrolaredo.com\/index.php?rest_route=%2Fwp%2Fv2%2Fcomments&post=3028"}],"version-history":[{"count":1,"href":"https:\/\/pornuestrolaredo.com\/index.php?rest_route=\/wp\/v2\/posts\/3028\/revisions"}],"predecessor-version":[{"id":3030,"href":"https:\/\/pornuestrolaredo.com\/index.php?rest_route=\/wp\/v2\/posts\/3028\/revisions\/3030"}],"wp:featuredmedia":[{"embeddable":true,"href":"https:\/\/pornuestrolaredo.com\/index.php?rest_route=\/wp\/v2\/media\/3029"}],"wp:attachment":[{"href":"https:\/\/pornuestrolaredo.com\/index.php?rest_route=%2Fwp%2Fv2%2Fmedia&parent=3028"}],"wp:term":[{"taxonomy":"category","embeddable":true,"href":"https:\/\/pornuestrolaredo.com\/index.php?rest_route=%2Fwp%2Fv2%2Fcategories&post=3028"},{"taxonomy":"post_tag","embeddable":true,"href":"https:\/\/pornuestrolaredo.com\/index.php?rest_route=%2Fwp%2Fv2%2Ftags&post=3028"}],"curies":[{"name":"wp","href":"https:\/\/api.w.org\/{rel}","templated":true}]}}