{"id":3031,"date":"2023-08-29T18:31:08","date_gmt":"2023-08-29T18:31:08","guid":{"rendered":"https:\/\/pornuestrolaredo.com\/?p=3031"},"modified":"2023-08-29T18:31:08","modified_gmt":"2023-08-29T18:31:08","slug":"se-inunda-el-metro-de-nueva-york","status":"publish","type":"post","link":"https:\/\/pornuestrolaredo.com\/?p=3031","title":{"rendered":"Se inunda el metro de Nueva York"},"content":{"rendered":"<p><strong>NUEVA YORK.- <\/strong>Una tuber\u00eda de agua de 127 a\u00f1os de antig\u00fcedad situada bajo Times Square en la ciudad de Nueva York se rompi\u00f3 el martes temprano, causando inundaciones en las calles del centro y en la estaci\u00f3n de metro m\u00e1s concurrida de la ciudad.<\/p>\n<p>La tuber\u00eda de medio metro (20 pulgadas) de ancho se rompi\u00f3 bajo la 40th Street y la S\u00e9ptima Avenida a las 3 de la madrugada, inform\u00f3 Rohit Aggarwala, comisionado del Departamento de Protecci\u00f3n Ambiental de la ciudad de Nueva York.<\/p>\n<p>El agua s\u00f3lo ten\u00eda unos cent\u00edmetros de profundidad en la calle, pero los videos publicados en las redes sociales mostraban c\u00f3mo la inundaci\u00f3n se precipitaba en cascada en la estaci\u00f3n de metro de Times Square por las escaleras y a trav\u00e9s de las rejillas de ventilaci\u00f3n. El agua convirti\u00f3 las zanjas por las que pasan las v\u00edas del metro en peque\u00f1os r\u00edos y empap\u00f3 los andenes.<\/p>\n<p>Los equipos del Departamento de Protecci\u00f3n Ambiental tardaron cerca de una hora en encontrar el origen de la fuga y cortar el agua, se\u00f1al\u00f3 Aggarwala.<\/p>\n<p>La excavaci\u00f3n dej\u00f3 un gran hoyo en la intersecci\u00f3n de la 40th Street y la S\u00e9ptima Avenida, donde los trabajadores excavaban con maquinaria pesada para llegar al tramo de tuber\u00eda roto.<\/p>\n<p>Aunque esa intersecci\u00f3n permaneci\u00f3 cerrada al tr\u00e1fico, las calles circundantes se abrieron a la hora pico.<\/p>\n<p>Sin embargo, el servicio de metro se suspendi\u00f3 en gran parte de Manhattan en las l\u00edneas 1, 2 y 3, que pasan directamente por debajo de la tuber\u00eda rota. Para el mediod\u00eda el servicio fue restablecido, inform\u00f3 el CEO de New York City Transit, Richard Davey.<\/p>\n<p>Aggarwala dijo que, al parecer, s\u00f3lo dos negocios locales se quedaron sin agua al inicio de la jornada laboral.<\/p>\n","protected":false},"excerpt":{"rendered":"<p>Se revienta una tuber\u00eda de agua de 127 a\u00f1os de antig\u00fcedad<\/p>\n","protected":false},"author":1,"featured_media":3033,"comment_status":"closed","ping_status":"closed","sticky":false,"template":"","format":"standard","meta":{"_crdt_document":"","_jetpack_memberships_contains_paid_content":false,"footnotes":"","jetpack_publicize_message":"","jetpack_publicize_feature_enabled":true,"jetpack_social_post_already_shared":true,"jetpack_social_options":{"image_generator_settings":{"template":"highway","default_image_id":0,"font":"","enabled":false},"version":2},"_wpas_customize_per_network":false},"categories":[9],"tags":[],"class_list":["post-3031","post","type-post","status-publish","format-standard","has-post-thumbnail","hentry","category-el-mundo"],"magazineBlocksPostFeaturedMedia":{"thumbnail":"https:\/\/pornuestrolaredo.com\/wp-content\/uploads\/2023\/08\/Stereo91-20230829-3-150x150.jpg","medium":"https:\/\/pornuestrolaredo.com\/wp-content\/uploads\/2023\/08\/Stereo91-20230829-3-300x200.jpg","medium_large":"https:\/\/pornuestrolaredo.com\/wp-content\/uploads\/2023\/08\/Stereo91-20230829-3-768x512.jpg","large":"https:\/\/pornuestrolaredo.com\/wp-content\/uploads\/2023\/08\/Stereo91-20230829-3-1000x667.jpg","1536x1536":"https:\/\/pornuestrolaredo.com\/wp-content\/uploads\/2023\/08\/Stereo91-20230829-3.jpg","2048x2048":"https:\/\/pornuestrolaredo.com\/wp-content\/uploads\/2023\/08\/Stereo91-20230829-3.jpg","morenews-large":"https:\/\/pornuestrolaredo.com\/wp-content\/uploads\/2023\/08\/Stereo91-20230829-3.jpg","morenews-medium":"https:\/\/pornuestrolaredo.com\/wp-content\/uploads\/2023\/08\/Stereo91-20230829-3.jpg"},"magazineBlocksPostAuthor":{"name":"Redactor","avatar":"https:\/\/pornuestrolaredo.com\/wp-content\/litespeed\/avatar\/dca1d7ec750c399f025f23b0b314f4cf.jpg?ver=1777612120"},"magazineBlocksPostCommentsNumber":false,"magazineBlocksPostExcerpt":"Se revienta una tuber\u00eda de agua de 127 a\u00f1os de antig\u00fcedad","magazineBlocksPostCategories":["El Mundo"],"magazineBlocksPostViewCount":139,"magazineBlocksPostReadTime":2,"magazine_blocks_featured_image_url":{"full":["https:\/\/pornuestrolaredo.com\/wp-content\/uploads\/2023\/08\/Stereo91-20230829-3.jpg",1440,960,false],"medium":["https:\/\/pornuestrolaredo.com\/wp-content\/uploads\/2023\/08\/Stereo91-20230829-3-300x200.jpg",300,200,true],"thumbnail":["https:\/\/pornuestrolaredo.com\/wp-content\/uploads\/2023\/08\/Stereo91-20230829-3-150x150.jpg",150,150,true]},"magazine_blocks_author":{"display_name":"Redactor","author_link":"https:\/\/pornuestrolaredo.com\/?author=1"},"magazine_blocks_comment":0,"magazine_blocks_author_image":"https:\/\/pornuestrolaredo.com\/wp-content\/litespeed\/avatar\/dca1d7ec750c399f025f23b0b314f4cf.jpg?ver=1777612120","magazine_blocks_category":"<a href=\"#\" class=\"category-link category-link-9\">El Mundo<\/a>","jetpack_publicize_connections":[],"featured_image_urls":{"full":["https:\/\/pornuestrolaredo.com\/wp-content\/uploads\/2023\/08\/Stereo91-20230829-3.jpg",1440,960,false],"thumbnail":["https:\/\/pornuestrolaredo.com\/wp-content\/uploads\/2023\/08\/Stereo91-20230829-3-150x150.jpg",150,150,true],"medium":["https:\/\/pornuestrolaredo.com\/wp-content\/uploads\/2023\/08\/Stereo91-20230829-3-300x200.jpg",300,200,true],"medium_large":["https:\/\/pornuestrolaredo.com\/wp-content\/uploads\/2023\/08\/Stereo91-20230829-3-768x512.jpg",640,427,true],"large":["https:\/\/pornuestrolaredo.com\/wp-content\/uploads\/2023\/08\/Stereo91-20230829-3-1000x667.jpg",640,427,true],"1536x1536":["https:\/\/pornuestrolaredo.com\/wp-content\/uploads\/2023\/08\/Stereo91-20230829-3.jpg",1440,960,false],"2048x2048":["https:\/\/pornuestrolaredo.com\/wp-content\/uploads\/2023\/08\/Stereo91-20230829-3.jpg",1440,960,false],"morenews-large":["https:\/\/pornuestrolaredo.com\/wp-content\/uploads\/2023\/08\/Stereo91-20230829-3.jpg",825,550,false],"morenews-medium":["https:\/\/pornuestrolaredo.com\/wp-content\/uploads\/2023\/08\/Stereo91-20230829-3.jpg",590,393,false]},"author_info":{"info":["Redactor"]},"category_info":"<a href=\"https:\/\/pornuestrolaredo.com\/?cat=9\" rel=\"category\">El Mundo<\/a>","tag_info":"El Mundo","comment_count":"0","jetpack_featured_media_url":"https:\/\/pornuestrolaredo.com\/wp-content\/uploads\/2023\/08\/Stereo91-20230829-3.jpg","jetpack_sharing_enabled":true,"_links":{"self":[{"href":"https:\/\/pornuestrolaredo.com\/index.php?rest_route=\/wp\/v2\/posts\/3031","targetHints":{"allow":["GET"]}}],"collection":[{"href":"https:\/\/pornuestrolaredo.com\/index.php?rest_route=\/wp\/v2\/posts"}],"about":[{"href":"https:\/\/pornuestrolaredo.com\/index.php?rest_route=\/wp\/v2\/types\/post"}],"author":[{"embeddable":true,"href":"https:\/\/pornuestrolaredo.com\/index.php?rest_route=\/wp\/v2\/users\/1"}],"replies":[{"embeddable":true,"href":"https:\/\/pornuestrolaredo.com\/index.php?rest_route=%2Fwp%2Fv2%2Fcomments&post=3031"}],"version-history":[{"count":1,"href":"https:\/\/pornuestrolaredo.com\/index.php?rest_route=\/wp\/v2\/posts\/3031\/revisions"}],"predecessor-version":[{"id":3034,"href":"https:\/\/pornuestrolaredo.com\/index.php?rest_route=\/wp\/v2\/posts\/3031\/revisions\/3034"}],"wp:featuredmedia":[{"embeddable":true,"href":"https:\/\/pornuestrolaredo.com\/index.php?rest_route=\/wp\/v2\/media\/3033"}],"wp:attachment":[{"href":"https:\/\/pornuestrolaredo.com\/index.php?rest_route=%2Fwp%2Fv2%2Fmedia&parent=3031"}],"wp:term":[{"taxonomy":"category","embeddable":true,"href":"https:\/\/pornuestrolaredo.com\/index.php?rest_route=%2Fwp%2Fv2%2Fcategories&post=3031"},{"taxonomy":"post_tag","embeddable":true,"href":"https:\/\/pornuestrolaredo.com\/index.php?rest_route=%2Fwp%2Fv2%2Ftags&post=3031"}],"curies":[{"name":"wp","href":"https:\/\/api.w.org\/{rel}","templated":true}]}}