{"id":3065,"date":"2023-09-05T22:54:20","date_gmt":"2023-09-05T22:54:20","guid":{"rendered":"https:\/\/pornuestrolaredo.com\/?p=3065"},"modified":"2023-09-05T22:54:20","modified_gmt":"2023-09-05T22:54:20","slug":"inicia-juicio-politico-contra-fiscal-de-texas","status":"publish","type":"post","link":"https:\/\/pornuestrolaredo.com\/?p=3065","title":{"rendered":"Inicia juicio pol\u00edtico contra fiscal de Texas"},"content":{"rendered":"<p><strong><em>AUSTIN, Texas.- <\/em><\/strong>El fiscal general de Texas Ken Paxton enfrenta el martes la m\u00e1s grave amenaza a su accidentada carrera, cuando el Senado estatal empiece a debatir un juicio pol\u00edtico que podr\u00eda excluir al veterano republicano de la pol\u00edtica tras a\u00f1os de acusaciones de corrupci\u00f3n.<\/p>\n<p>La suerte de Paxton, de 60 a\u00f1os, est\u00e1 en manos de los republicanos del Senado estatal, con quienes sirvi\u00f3 antes de ganar las elecciones para fiscal general en 2015.<\/p>\n<p>Un pu\u00f1ado de partidarios de Paxton en camisetas rojas hicieron fila en la madrugada a las puertas del Capitolio, esperando a que la polic\u00eda abriera las puertas para poder entrar y presenciar el primer juicio pol\u00edtico en Texas en casi medio siglo.<\/p>\n<blockquote><p>Se trata de un pantanal pol\u00edtico\u201d, expres\u00f3 Kaci Sisk, l\u00edder de un grupo de activistas cerca de San Antonio que se dedican a buscar candidatos a que compitan en las primarias contra los republicanos favorezcan el juicio a Paxton. \u201cTodo esto ha sido un fraude desde el comienzo\u201d.<\/p><\/blockquote>\n<p>En esta era de polarizaci\u00f3n pol\u00edtica, el proceso contra Paxton es un caso inusual de un partido tratando de disciplinar a uno de los suyos por acusaciones de corrupci\u00f3n. El juicio de hecho es un repentino reproche a Paxton, quien se ha vuelto c\u00e9lebre al librar batallas legales de alto perfil, incluso al tratar de revertir las elecciones presidenciales de 2020, y quien obtuvo un tercer per\u00edodo en 2022 a pesar de que pesaban sobre \u00e9l cargos estatales y una investigaci\u00f3n del FBI.<\/p>\n<p>La C\u00e1mara de Representantes estatal, dominada por los republicanos, vot\u00f3 abrumadoramente para iniciar el proceso a Paxton en mayo, en gran parte debido a denuncias de que us\u00f3 su poder para ayudar a un acaudalado contribuyente a cambio de favores, incluyendo contratar a una mujer con quien Paxton tuvo una relaci\u00f3n extramarital. Los 20 art\u00edculos de juicio pol\u00edtico incluyen abuso de confianza p\u00fablica, ineptitud para ejercer el cargo y sobornos.<\/p>\n<p>La votaci\u00f3n de 121 contra 23 inmediatamente suspendi\u00f3 a Paxton de sus funciones y lo convirti\u00f3 en apenas el tercer funcionario en la historia de Texas en ser sometido a juicio pol\u00edtico.<\/p>\n","protected":false},"excerpt":{"rendered":"<p>Ken Paxton ser\u00e1 el primer caso de enjuiciamiento en el Congreso en medio siglo<\/p>\n","protected":false},"author":1,"featured_media":3066,"comment_status":"closed","ping_status":"closed","sticky":false,"template":"","format":"standard","meta":{"_crdt_document":"","_jetpack_memberships_contains_paid_content":false,"footnotes":"","jetpack_publicize_message":"","jetpack_publicize_feature_enabled":true,"jetpack_social_post_already_shared":true,"jetpack_social_options":{"image_generator_settings":{"template":"highway","default_image_id":0,"font":"","enabled":false},"version":2},"_wpas_customize_per_network":false},"categories":[9],"tags":[],"class_list":["post-3065","post","type-post","status-publish","format-standard","has-post-thumbnail","hentry","category-el-mundo"],"magazineBlocksPostFeaturedMedia":{"thumbnail":"https:\/\/pornuestrolaredo.com\/wp-content\/uploads\/2023\/09\/Paxton-150x150.jpg","medium":"https:\/\/pornuestrolaredo.com\/wp-content\/uploads\/2023\/09\/Paxton-300x182.jpg","medium_large":"https:\/\/pornuestrolaredo.com\/wp-content\/uploads\/2023\/09\/Paxton-768x466.jpg","large":"https:\/\/pornuestrolaredo.com\/wp-content\/uploads\/2023\/09\/Paxton.jpg","1536x1536":"https:\/\/pornuestrolaredo.com\/wp-content\/uploads\/2023\/09\/Paxton.jpg","2048x2048":"https:\/\/pornuestrolaredo.com\/wp-content\/uploads\/2023\/09\/Paxton.jpg","morenews-large":"https:\/\/pornuestrolaredo.com\/wp-content\/uploads\/2023\/09\/Paxton.jpg","morenews-medium":"https:\/\/pornuestrolaredo.com\/wp-content\/uploads\/2023\/09\/Paxton.jpg"},"magazineBlocksPostAuthor":{"name":"Redactor","avatar":"https:\/\/pornuestrolaredo.com\/wp-content\/litespeed\/avatar\/dca1d7ec750c399f025f23b0b314f4cf.jpg?ver=1777612120"},"magazineBlocksPostCommentsNumber":false,"magazineBlocksPostExcerpt":"Ken Paxton ser\u00e1 el primer caso de enjuiciamiento en el Congreso en medio siglo","magazineBlocksPostCategories":["El Mundo"],"magazineBlocksPostViewCount":118,"magazineBlocksPostReadTime":2,"magazine_blocks_featured_image_url":{"full":["https:\/\/pornuestrolaredo.com\/wp-content\/uploads\/2023\/09\/Paxton.jpg",967,587,false],"medium":["https:\/\/pornuestrolaredo.com\/wp-content\/uploads\/2023\/09\/Paxton-300x182.jpg",300,182,true],"thumbnail":["https:\/\/pornuestrolaredo.com\/wp-content\/uploads\/2023\/09\/Paxton-150x150.jpg",150,150,true]},"magazine_blocks_author":{"display_name":"Redactor","author_link":"https:\/\/pornuestrolaredo.com\/?author=1"},"magazine_blocks_comment":0,"magazine_blocks_author_image":"https:\/\/pornuestrolaredo.com\/wp-content\/litespeed\/avatar\/dca1d7ec750c399f025f23b0b314f4cf.jpg?ver=1777612120","magazine_blocks_category":"<a href=\"#\" class=\"category-link category-link-9\">El Mundo<\/a>","jetpack_publicize_connections":[],"featured_image_urls":{"full":["https:\/\/pornuestrolaredo.com\/wp-content\/uploads\/2023\/09\/Paxton.jpg",967,587,false],"thumbnail":["https:\/\/pornuestrolaredo.com\/wp-content\/uploads\/2023\/09\/Paxton-150x150.jpg",150,150,true],"medium":["https:\/\/pornuestrolaredo.com\/wp-content\/uploads\/2023\/09\/Paxton-300x182.jpg",300,182,true],"medium_large":["https:\/\/pornuestrolaredo.com\/wp-content\/uploads\/2023\/09\/Paxton-768x466.jpg",640,388,true],"large":["https:\/\/pornuestrolaredo.com\/wp-content\/uploads\/2023\/09\/Paxton.jpg",640,389,false],"1536x1536":["https:\/\/pornuestrolaredo.com\/wp-content\/uploads\/2023\/09\/Paxton.jpg",967,587,false],"2048x2048":["https:\/\/pornuestrolaredo.com\/wp-content\/uploads\/2023\/09\/Paxton.jpg",967,587,false],"morenews-large":["https:\/\/pornuestrolaredo.com\/wp-content\/uploads\/2023\/09\/Paxton.jpg",825,501,false],"morenews-medium":["https:\/\/pornuestrolaredo.com\/wp-content\/uploads\/2023\/09\/Paxton.jpg",590,358,false]},"author_info":{"info":["Redactor"]},"category_info":"<a href=\"https:\/\/pornuestrolaredo.com\/?cat=9\" rel=\"category\">El Mundo<\/a>","tag_info":"El Mundo","comment_count":"0","jetpack_featured_media_url":"https:\/\/pornuestrolaredo.com\/wp-content\/uploads\/2023\/09\/Paxton.jpg","jetpack_sharing_enabled":true,"_links":{"self":[{"href":"https:\/\/pornuestrolaredo.com\/index.php?rest_route=\/wp\/v2\/posts\/3065","targetHints":{"allow":["GET"]}}],"collection":[{"href":"https:\/\/pornuestrolaredo.com\/index.php?rest_route=\/wp\/v2\/posts"}],"about":[{"href":"https:\/\/pornuestrolaredo.com\/index.php?rest_route=\/wp\/v2\/types\/post"}],"author":[{"embeddable":true,"href":"https:\/\/pornuestrolaredo.com\/index.php?rest_route=\/wp\/v2\/users\/1"}],"replies":[{"embeddable":true,"href":"https:\/\/pornuestrolaredo.com\/index.php?rest_route=%2Fwp%2Fv2%2Fcomments&post=3065"}],"version-history":[{"count":1,"href":"https:\/\/pornuestrolaredo.com\/index.php?rest_route=\/wp\/v2\/posts\/3065\/revisions"}],"predecessor-version":[{"id":3067,"href":"https:\/\/pornuestrolaredo.com\/index.php?rest_route=\/wp\/v2\/posts\/3065\/revisions\/3067"}],"wp:featuredmedia":[{"embeddable":true,"href":"https:\/\/pornuestrolaredo.com\/index.php?rest_route=\/wp\/v2\/media\/3066"}],"wp:attachment":[{"href":"https:\/\/pornuestrolaredo.com\/index.php?rest_route=%2Fwp%2Fv2%2Fmedia&parent=3065"}],"wp:term":[{"taxonomy":"category","embeddable":true,"href":"https:\/\/pornuestrolaredo.com\/index.php?rest_route=%2Fwp%2Fv2%2Fcategories&post=3065"},{"taxonomy":"post_tag","embeddable":true,"href":"https:\/\/pornuestrolaredo.com\/index.php?rest_route=%2Fwp%2Fv2%2Ftags&post=3065"}],"curies":[{"name":"wp","href":"https:\/\/api.w.org\/{rel}","templated":true}]}}