{"id":3076,"date":"2023-09-07T06:46:42","date_gmt":"2023-09-07T06:46:42","guid":{"rendered":"https:\/\/pornuestrolaredo.com\/?p=3076"},"modified":"2023-09-07T06:46:42","modified_gmt":"2023-09-07T06:46:42","slug":"gana-claudia-encuestas-de-morena","status":"publish","type":"post","link":"https:\/\/pornuestrolaredo.com\/?p=3076","title":{"rendered":"Gana Claudia encuestas de Morena"},"content":{"rendered":"<p><strong>CIUDAD DE M\u00c9XICO.- <\/strong>Es oficial: #EsClaudia.<\/p>\n<p>La afirmaci\u00f3n que predomin\u00f3 antes de arrancar el proceso interno se confirm\u00f3 hoy con el resultado de cinco casas encuestadoras: Claudia Sheinbaum ser\u00e1 la candidata a la Presidencia de la Rep\u00fablica de Morena, PVEM y PT.<\/p>\n<p>Mario Delgado, presidente de Morena, destac\u00f3 la trascendencia del proceso democr\u00e1tico reci\u00e9n concluido durante su intervenci\u00f3n. Hizo hincapi\u00e9 en el compromiso de miles de militantes y simpatizantes que han respaldado el movimiento, resaltando dos momentos fundamentales en todo gobierno: la victoria electoral y la toma del control del gobierno, as\u00ed como la transici\u00f3n del poder.<\/p>\n<p>En su discurso, enfatiz\u00f3 que la unidad y el inter\u00e9s del partido prevalecen por encima de consideraciones individuales. Claudia Sheinbaum, quien sonri\u00f3 y asinti\u00f3 mientras Delgado hablaba, fue objeto de un gesto amistoso por parte del presidente de Morena antes de ceder la palabra a Alfonso Durazo.<\/p>\n<p>Durazo destac\u00f3 la singularidad del procedimiento, que confi\u00f3 en la voluntad del pueblo para tomar decisiones, y su importancia en el avance democr\u00e1tico de M\u00e9xico. Afirm\u00f3 que este proceso es un hito que perdurar\u00e1 en la historia pol\u00edtica del Pa\u00eds.<\/p>\n<p>El l\u00edder de Morena asegur\u00f3 que se cumplieron todas las etapas previstas en el acuerdo del Consejo Nacional y que el proceso se ajust\u00f3 a las reglas y objetivos de la convocatoria, subrayando su naturaleza democr\u00e1tica.<\/p>\n<p>Durazo tambi\u00e9n reconoci\u00f3 la participaci\u00f3n de Marcelo Ebrard y de los dem\u00e1s aspirantes, se\u00f1alando que, aunque hubo eventualidades, ninguna de ellas tuvo la intenci\u00f3n de manipular o influir en el resultado final.<\/p>\n<p>Finalmente, el Gobernador de Sonora anunci\u00f3 los resultados de las encuestas, que reflejaron la preferencia de los militantes y simpatizantes de Morena en este proceso de selecci\u00f3n. Claudia Sheinbaum obtuvo un s\u00f3lido respaldo en todas las encuestas, consolidando su posici\u00f3n como la candidata con mayor apoyo.<\/p>\n<p>Previamente, el resultado se dio en un encuentro privado a los cinco aspirantes presidenciales.<\/p>\n<p>En diversos puntos del pa\u00eds, a los ciudadanos se les pregunto: &#8220;Morena y sus aliados del Partido del Trabajo y del Partido Verde, van a elegir a su candidata o candidato a la Presidencia de M\u00e9xico, que incluye la coordinaci\u00f3n de los comit\u00e9s de defensa de la Cuarta Transformaci\u00f3n de Morena. De las opciones que se incluyen en esta papeleta: \u00bfUsted a qui\u00e9n preferir\u00eda? \u00bfPodr\u00eda marcar su respuesta de manera secreta y depositarla en la urna?.<\/p>\n<p>\u00c9sta represent\u00f3 el 75 por ciento de las cinco preguntas que se efectuaron. Las otras cuatro, que valieron 25 por ciento, fueron sobre el conocimiento de los aspirantes, su opini\u00f3n sobre ellos, su honestidad, credibilidad y conocimiento sobre los problemas del pa\u00eds.<\/p>\n<p>EL ROMPIMIENTO ANUNCIADO<\/p>\n<p>Apenas iniciaba el conteo, alrededor de las 14:00 horas, cuando Marcelo Ebrard rechaz\u00f3 el resultado, y su equipo abandon\u00f3 el World Trade Center.<\/p>\n<p>El ex Canciller se qued\u00f3 solo en su denuncia sobre irregularidades, pues los representantes de los otros cinco aspirantes, los l\u00edderes del partido, e incluso los Gobernadores morenistas, calificaron el proceso de limpio y con inconsistencias menores.<\/p>\n<p>Luego de que Marcelo dio un mensaje en el que exigi\u00f3 reponer el proceso ante lo que consider\u00f3 un c\u00famulo irreversible de irregularidades, Mario Delgado lo llam\u00f3, pero el Canciller no le respondi\u00f3.<\/p>\n<p>Incluso intent\u00f3 llamarlo de otros tel\u00e9fonos, pero fue infructuoso su intento.<\/p>\n<p>Alfonso Durazo, tambi\u00e9n lo busc\u00f3. Sin embargo, tuvo que responder a las quejas de Ebrard por videos publicados en su cuenta de X.<\/p>\n<blockquote><p>Creo que hay que concederle a todo el mundo la presunci\u00f3n de inocencia antes de hacer un se\u00f1alamiento, salvo que haya pruebas concluyentes, que hasta ahora no es el caso.<\/p><\/blockquote>\n<blockquote><p>Por eso ratifico: no hay absolutamente nada en este momento, en esta etapa del proceso que modifique de fondo los resultados. No compartimos, de manera tajante y definitiva, que haya alguna incidencia, irregularidades sistem\u00e1ticas o de otra naturaleza que pudieran afectar el resultado final&#8221;, apunt\u00f3.<\/p><\/blockquote>\n<p>Incluso, apareci\u00f3 en otro video con los notarios que dieron fe de los conteos, quienes afirmaron que el conteo, tras la salida de los representantes continu\u00f3. Antes de que Ebrard diera su mensaje, representantes de los otros tres aspirantes morenistas le pidieron reflexionar y anteponer la unidad del movimiento.<\/p>\n","protected":false},"excerpt":{"rendered":"<p>La exjefa de gobierno de la Ciudad de M\u00e9xico ser\u00e1 la candidata a la Presidencia de la Rep\u00fablica de Morena, PVEM y PT<\/p>\n","protected":false},"author":1,"featured_media":3077,"comment_status":"closed","ping_status":"closed","sticky":false,"template":"","format":"standard","meta":{"_crdt_document":"","_jetpack_memberships_contains_paid_content":false,"footnotes":"","jetpack_publicize_message":"","jetpack_publicize_feature_enabled":true,"jetpack_social_post_already_shared":true,"jetpack_social_options":{"image_generator_settings":{"template":"highway","default_image_id":0,"font":"","enabled":false},"version":2},"_wpas_customize_per_network":false},"categories":[33],"tags":[],"class_list":["post-3076","post","type-post","status-publish","format-standard","has-post-thumbnail","hentry","category-mexico"],"magazineBlocksPostFeaturedMedia":{"thumbnail":"https:\/\/pornuestrolaredo.com\/wp-content\/uploads\/2023\/09\/Stereo91-20230907-1-150x150.jpeg","medium":"https:\/\/pornuestrolaredo.com\/wp-content\/uploads\/2023\/09\/Stereo91-20230907-1-300x200.jpeg","medium_large":"https:\/\/pornuestrolaredo.com\/wp-content\/uploads\/2023\/09\/Stereo91-20230907-1-768x512.jpeg","large":"https:\/\/pornuestrolaredo.com\/wp-content\/uploads\/2023\/09\/Stereo91-20230907-1.jpeg","1536x1536":"https:\/\/pornuestrolaredo.com\/wp-content\/uploads\/2023\/09\/Stereo91-20230907-1.jpeg","2048x2048":"https:\/\/pornuestrolaredo.com\/wp-content\/uploads\/2023\/09\/Stereo91-20230907-1.jpeg","morenews-large":"https:\/\/pornuestrolaredo.com\/wp-content\/uploads\/2023\/09\/Stereo91-20230907-1.jpeg","morenews-medium":"https:\/\/pornuestrolaredo.com\/wp-content\/uploads\/2023\/09\/Stereo91-20230907-1.jpeg"},"magazineBlocksPostAuthor":{"name":"Redactor","avatar":"https:\/\/pornuestrolaredo.com\/wp-content\/litespeed\/avatar\/dca1d7ec750c399f025f23b0b314f4cf.jpg?ver=1777612120"},"magazineBlocksPostCommentsNumber":false,"magazineBlocksPostExcerpt":"La exjefa de gobierno de la Ciudad de M\u00e9xico ser\u00e1 la candidata a la Presidencia de la Rep\u00fablica de Morena, PVEM y PT","magazineBlocksPostCategories":["Mexico"],"magazineBlocksPostViewCount":143,"magazineBlocksPostReadTime":4,"magazine_blocks_featured_image_url":{"full":["https:\/\/pornuestrolaredo.com\/wp-content\/uploads\/2023\/09\/Stereo91-20230907-1.jpeg",960,640,false],"medium":["https:\/\/pornuestrolaredo.com\/wp-content\/uploads\/2023\/09\/Stereo91-20230907-1-300x200.jpeg",300,200,true],"thumbnail":["https:\/\/pornuestrolaredo.com\/wp-content\/uploads\/2023\/09\/Stereo91-20230907-1-150x150.jpeg",150,150,true]},"magazine_blocks_author":{"display_name":"Redactor","author_link":"https:\/\/pornuestrolaredo.com\/?author=1"},"magazine_blocks_comment":0,"magazine_blocks_author_image":"https:\/\/pornuestrolaredo.com\/wp-content\/litespeed\/avatar\/dca1d7ec750c399f025f23b0b314f4cf.jpg?ver=1777612120","magazine_blocks_category":"<a href=\"#\" class=\"category-link category-link-33\">Mexico<\/a>","jetpack_publicize_connections":[],"featured_image_urls":{"full":["https:\/\/pornuestrolaredo.com\/wp-content\/uploads\/2023\/09\/Stereo91-20230907-1.jpeg",960,640,false],"thumbnail":["https:\/\/pornuestrolaredo.com\/wp-content\/uploads\/2023\/09\/Stereo91-20230907-1-150x150.jpeg",150,150,true],"medium":["https:\/\/pornuestrolaredo.com\/wp-content\/uploads\/2023\/09\/Stereo91-20230907-1-300x200.jpeg",300,200,true],"medium_large":["https:\/\/pornuestrolaredo.com\/wp-content\/uploads\/2023\/09\/Stereo91-20230907-1-768x512.jpeg",640,427,true],"large":["https:\/\/pornuestrolaredo.com\/wp-content\/uploads\/2023\/09\/Stereo91-20230907-1.jpeg",640,427,false],"1536x1536":["https:\/\/pornuestrolaredo.com\/wp-content\/uploads\/2023\/09\/Stereo91-20230907-1.jpeg",960,640,false],"2048x2048":["https:\/\/pornuestrolaredo.com\/wp-content\/uploads\/2023\/09\/Stereo91-20230907-1.jpeg",960,640,false],"morenews-large":["https:\/\/pornuestrolaredo.com\/wp-content\/uploads\/2023\/09\/Stereo91-20230907-1.jpeg",825,550,false],"morenews-medium":["https:\/\/pornuestrolaredo.com\/wp-content\/uploads\/2023\/09\/Stereo91-20230907-1.jpeg",590,393,false]},"author_info":{"info":["Redactor"]},"category_info":"<a href=\"https:\/\/pornuestrolaredo.com\/?cat=33\" rel=\"category\">Mexico<\/a>","tag_info":"Mexico","comment_count":"0","jetpack_featured_media_url":"https:\/\/pornuestrolaredo.com\/wp-content\/uploads\/2023\/09\/Stereo91-20230907-1.jpeg","jetpack_sharing_enabled":true,"_links":{"self":[{"href":"https:\/\/pornuestrolaredo.com\/index.php?rest_route=\/wp\/v2\/posts\/3076","targetHints":{"allow":["GET"]}}],"collection":[{"href":"https:\/\/pornuestrolaredo.com\/index.php?rest_route=\/wp\/v2\/posts"}],"about":[{"href":"https:\/\/pornuestrolaredo.com\/index.php?rest_route=\/wp\/v2\/types\/post"}],"author":[{"embeddable":true,"href":"https:\/\/pornuestrolaredo.com\/index.php?rest_route=\/wp\/v2\/users\/1"}],"replies":[{"embeddable":true,"href":"https:\/\/pornuestrolaredo.com\/index.php?rest_route=%2Fwp%2Fv2%2Fcomments&post=3076"}],"version-history":[{"count":1,"href":"https:\/\/pornuestrolaredo.com\/index.php?rest_route=\/wp\/v2\/posts\/3076\/revisions"}],"predecessor-version":[{"id":3078,"href":"https:\/\/pornuestrolaredo.com\/index.php?rest_route=\/wp\/v2\/posts\/3076\/revisions\/3078"}],"wp:featuredmedia":[{"embeddable":true,"href":"https:\/\/pornuestrolaredo.com\/index.php?rest_route=\/wp\/v2\/media\/3077"}],"wp:attachment":[{"href":"https:\/\/pornuestrolaredo.com\/index.php?rest_route=%2Fwp%2Fv2%2Fmedia&parent=3076"}],"wp:term":[{"taxonomy":"category","embeddable":true,"href":"https:\/\/pornuestrolaredo.com\/index.php?rest_route=%2Fwp%2Fv2%2Fcategories&post=3076"},{"taxonomy":"post_tag","embeddable":true,"href":"https:\/\/pornuestrolaredo.com\/index.php?rest_route=%2Fwp%2Fv2%2Ftags&post=3076"}],"curies":[{"name":"wp","href":"https:\/\/api.w.org\/{rel}","templated":true}]}}