{"id":3100,"date":"2023-09-08T06:16:36","date_gmt":"2023-09-08T06:16:36","guid":{"rendered":"https:\/\/pornuestrolaredo.com\/?p=3100"},"modified":"2023-09-08T06:16:36","modified_gmt":"2023-09-08T06:16:36","slug":"entrega-amlo-baston-de-mando-de-4t-a-claudia","status":"publish","type":"post","link":"https:\/\/pornuestrolaredo.com\/?p=3100","title":{"rendered":"Entrega AMLO bast\u00f3n de mando de 4T a Claudia"},"content":{"rendered":"<p><strong>CIUDAD DE M\u00c9XICO.- <\/strong>Claudia Sheinbaum Pardo recibi\u00f3 esta noche del presidente Andr\u00e9s Manuel L\u00f3pez Obrador el bast\u00f3n de mando del movimiento de transformaci\u00f3n, en el primer encuentro entre ambos despu\u00e9s de que result\u00f3 ganadora de la encuesta de Morena.<\/p>\n<p>En las puertas de la librer\u00eda Porr\u00faa, de Justo Sierra y Argentina, en el Centro Hist\u00f3rico, junto con los gobernadores y las otras corcholatas, el presidente le levant\u00f3 el brazo, lo que gener\u00f3 el grito de \u201c\u00a1presidenta, presidenta!\u201d<\/p>\n<p>Sheinbaum Pardo expres\u00f3: \u201cTomo este bast\u00f3n de mando, representaci\u00f3n de los valores m\u00e1s profundos de nuestra historia viva de los pueblos ind\u00edgenas, lo tomo con orgullo y compromiso, con humildad pero con la plena responsabilidad de continuar el rumbo trazado por nuestro pueblo, el de la transformaci\u00f3n que ha iniciado el presidente Andr\u00e9s Manuel L\u00f3pez Obrador\u201d.<\/p>\n<p>A los cientos de simpatizantes que se congregaron a un costado del Templo Mayor, la coordinadora de los comit\u00e9s de defensa a\u00f1adi\u00f3:<\/p>\n<blockquote><p>Tengan la certeza que voy a estar a la altura de las circunstancias, que vamos caminar juntos en unidad y que jam\u00e1s traicionar\u00e9 el anhelo de seguir construyendo un mexico a\u00fan m\u00e1s justo, fraterno, soberano, libre y democr\u00e1tico\u201d.<\/p><\/blockquote>\n<p>La ex jefa de gobierno capitalino hizo un amplio reconocimiento de la lucha hist\u00f3rica de L\u00f3pez Obrador y un abundante recuento del v\u00ednculo pol\u00edtico de ambos.<\/p>\n<p>Record\u00f3 entonces que caminaron juntos cuando \u00e9l fue jefe de gobierno, en el desafuero de 2005, \u201ccuando hicieron el fraude de 2006, con el gobierno leg\u00edtimo, cuando luchamos por la defensa del petr\u00f3leo con las Adelitas, cuando se form\u00f3 Morena como asociaci\u00f3n civil, cuando se form\u00f3 como partido pol\u00edtico, cuando la reforma energ\u00e9tica en 2013, en el triunfo de 2018, como jefe de gobierno y usted como presidente\u201d.<\/p>\n<p>Adem\u00e1s, dijo que todos en el movimiento est\u00e1n orgullosos de caminar \u201cjunto al liderazgo incansable\u201d del mandatario y agreg\u00f3: \u201c\u00a1Lo digo fuerte para que se oiga lejos, es un honor estar con Obrador!\u201d<\/p>\n<p>Abund\u00f3 que \u201custed, querido presidente, por muchos a\u00f1os ha representado y representa el anhelo de justicia del pueblo de M\u00e9xico. Con su energ\u00eda y empuje ha cambiado para bien la historia de nuestro pa\u00eds.<\/p>\n<blockquote><p>Usted, querido presidente, es un referente \u00e9tico y moral, que nos ha ense\u00f1ado a no caernos frente a ninguna adversidad, a no arrodillarnos frente al poder del dinero, a confiar en el pueblo y su dignidad y a que cuando hay revoluci\u00f3n de las conciencias y un pueblo se empodere y reconoce su fuerza y su historia no hay nada que lo detenga\u201d.<\/p><\/blockquote>\n<p>Adem\u00e1s, expuso que \u00e9l siempre tendr\u00e1 el apoyo de ella y el movimiento y que cuidar\u00e1 su gran legado.<\/p>\n<blockquote><p>Sepa que el cierre de su gobierno ser\u00e1 espectacular, porque una vez m\u00e1s el pueblo de M\u00e9xico estaremos haciendo historia. M\u00e9xico ya no es un pa\u00eds de unos cuantos\u201d, dijo.<\/p><\/blockquote>\n<p>Entre los asistentes, surgieron gritos de \u201c\u00a1eres el mejor, Andr\u00e9s Manuel! \u00a1Te amo!\u201d <\/p>\n<p>Ahora, abund\u00f3 Sheinbaum, M\u00e9xico es un pa\u00eds de todos, pero sobre todo de los m\u00e1s de ocho millones de personas mayores que reciben su pensi\u00f3n cada bimestre; los cientos de miles que reciben apoyo por discapacidad; el de millones de j\u00f3venes que escriben y construyen futuro; de los ingenieros y obreros que construyen trenes, aeropuertos, refiner\u00edas, plantas solares, puertos, presas, carreteras; y de los maestros que ense\u00f1an con los nuevos libros de texto y que son reconocidos.<\/p>\n","protected":false},"excerpt":{"rendered":"<p>La Coordinadora del movimiento se dice honrada y orgullosa de tomarlo<\/p>\n","protected":false},"author":1,"featured_media":3101,"comment_status":"closed","ping_status":"closed","sticky":false,"template":"","format":"standard","meta":{"_crdt_document":"","_jetpack_memberships_contains_paid_content":false,"footnotes":"","jetpack_publicize_message":"","jetpack_publicize_feature_enabled":true,"jetpack_social_post_already_shared":true,"jetpack_social_options":{"image_generator_settings":{"template":"highway","default_image_id":0,"font":"","enabled":false},"version":2},"_wpas_customize_per_network":false},"categories":[33],"tags":[],"class_list":["post-3100","post","type-post","status-publish","format-standard","has-post-thumbnail","hentry","category-mexico"],"magazineBlocksPostFeaturedMedia":{"thumbnail":"https:\/\/pornuestrolaredo.com\/wp-content\/uploads\/2023\/09\/Stereo91-20230908-1-150x150.jpg","medium":"https:\/\/pornuestrolaredo.com\/wp-content\/uploads\/2023\/09\/Stereo91-20230908-1-300x190.jpg","medium_large":"https:\/\/pornuestrolaredo.com\/wp-content\/uploads\/2023\/09\/Stereo91-20230908-1-768x487.jpg","large":"https:\/\/pornuestrolaredo.com\/wp-content\/uploads\/2023\/09\/Stereo91-20230908-1.jpg","1536x1536":"https:\/\/pornuestrolaredo.com\/wp-content\/uploads\/2023\/09\/Stereo91-20230908-1.jpg","2048x2048":"https:\/\/pornuestrolaredo.com\/wp-content\/uploads\/2023\/09\/Stereo91-20230908-1.jpg","morenews-large":"https:\/\/pornuestrolaredo.com\/wp-content\/uploads\/2023\/09\/Stereo91-20230908-1.jpg","morenews-medium":"https:\/\/pornuestrolaredo.com\/wp-content\/uploads\/2023\/09\/Stereo91-20230908-1.jpg"},"magazineBlocksPostAuthor":{"name":"Redactor","avatar":"https:\/\/pornuestrolaredo.com\/wp-content\/litespeed\/avatar\/dca1d7ec750c399f025f23b0b314f4cf.jpg?ver=1777612120"},"magazineBlocksPostCommentsNumber":false,"magazineBlocksPostExcerpt":"La Coordinadora del movimiento se dice honrada y orgullosa de tomarlo","magazineBlocksPostCategories":["Mexico"],"magazineBlocksPostViewCount":116,"magazineBlocksPostReadTime":4,"magazine_blocks_featured_image_url":{"full":["https:\/\/pornuestrolaredo.com\/wp-content\/uploads\/2023\/09\/Stereo91-20230908-1.jpg",900,571,false],"medium":["https:\/\/pornuestrolaredo.com\/wp-content\/uploads\/2023\/09\/Stereo91-20230908-1-300x190.jpg",300,190,true],"thumbnail":["https:\/\/pornuestrolaredo.com\/wp-content\/uploads\/2023\/09\/Stereo91-20230908-1-150x150.jpg",150,150,true]},"magazine_blocks_author":{"display_name":"Redactor","author_link":"https:\/\/pornuestrolaredo.com\/?author=1"},"magazine_blocks_comment":0,"magazine_blocks_author_image":"https:\/\/pornuestrolaredo.com\/wp-content\/litespeed\/avatar\/dca1d7ec750c399f025f23b0b314f4cf.jpg?ver=1777612120","magazine_blocks_category":"<a href=\"#\" class=\"category-link category-link-33\">Mexico<\/a>","jetpack_publicize_connections":[],"featured_image_urls":{"full":["https:\/\/pornuestrolaredo.com\/wp-content\/uploads\/2023\/09\/Stereo91-20230908-1.jpg",900,571,false],"thumbnail":["https:\/\/pornuestrolaredo.com\/wp-content\/uploads\/2023\/09\/Stereo91-20230908-1-150x150.jpg",150,150,true],"medium":["https:\/\/pornuestrolaredo.com\/wp-content\/uploads\/2023\/09\/Stereo91-20230908-1-300x190.jpg",300,190,true],"medium_large":["https:\/\/pornuestrolaredo.com\/wp-content\/uploads\/2023\/09\/Stereo91-20230908-1-768x487.jpg",640,406,true],"large":["https:\/\/pornuestrolaredo.com\/wp-content\/uploads\/2023\/09\/Stereo91-20230908-1.jpg",640,406,false],"1536x1536":["https:\/\/pornuestrolaredo.com\/wp-content\/uploads\/2023\/09\/Stereo91-20230908-1.jpg",900,571,false],"2048x2048":["https:\/\/pornuestrolaredo.com\/wp-content\/uploads\/2023\/09\/Stereo91-20230908-1.jpg",900,571,false],"morenews-large":["https:\/\/pornuestrolaredo.com\/wp-content\/uploads\/2023\/09\/Stereo91-20230908-1.jpg",825,523,false],"morenews-medium":["https:\/\/pornuestrolaredo.com\/wp-content\/uploads\/2023\/09\/Stereo91-20230908-1.jpg",590,374,false]},"author_info":{"info":["Redactor"]},"category_info":"<a href=\"https:\/\/pornuestrolaredo.com\/?cat=33\" rel=\"category\">Mexico<\/a>","tag_info":"Mexico","comment_count":"0","jetpack_featured_media_url":"https:\/\/pornuestrolaredo.com\/wp-content\/uploads\/2023\/09\/Stereo91-20230908-1.jpg","jetpack_sharing_enabled":true,"_links":{"self":[{"href":"https:\/\/pornuestrolaredo.com\/index.php?rest_route=\/wp\/v2\/posts\/3100","targetHints":{"allow":["GET"]}}],"collection":[{"href":"https:\/\/pornuestrolaredo.com\/index.php?rest_route=\/wp\/v2\/posts"}],"about":[{"href":"https:\/\/pornuestrolaredo.com\/index.php?rest_route=\/wp\/v2\/types\/post"}],"author":[{"embeddable":true,"href":"https:\/\/pornuestrolaredo.com\/index.php?rest_route=\/wp\/v2\/users\/1"}],"replies":[{"embeddable":true,"href":"https:\/\/pornuestrolaredo.com\/index.php?rest_route=%2Fwp%2Fv2%2Fcomments&post=3100"}],"version-history":[{"count":1,"href":"https:\/\/pornuestrolaredo.com\/index.php?rest_route=\/wp\/v2\/posts\/3100\/revisions"}],"predecessor-version":[{"id":3102,"href":"https:\/\/pornuestrolaredo.com\/index.php?rest_route=\/wp\/v2\/posts\/3100\/revisions\/3102"}],"wp:featuredmedia":[{"embeddable":true,"href":"https:\/\/pornuestrolaredo.com\/index.php?rest_route=\/wp\/v2\/media\/3101"}],"wp:attachment":[{"href":"https:\/\/pornuestrolaredo.com\/index.php?rest_route=%2Fwp%2Fv2%2Fmedia&parent=3100"}],"wp:term":[{"taxonomy":"category","embeddable":true,"href":"https:\/\/pornuestrolaredo.com\/index.php?rest_route=%2Fwp%2Fv2%2Fcategories&post=3100"},{"taxonomy":"post_tag","embeddable":true,"href":"https:\/\/pornuestrolaredo.com\/index.php?rest_route=%2Fwp%2Fv2%2Ftags&post=3100"}],"curies":[{"name":"wp","href":"https:\/\/api.w.org\/{rel}","templated":true}]}}