{"id":3109,"date":"2023-09-08T06:50:12","date_gmt":"2023-09-08T06:50:12","guid":{"rendered":"https:\/\/pornuestrolaredo.com\/?p=3109"},"modified":"2023-09-08T06:50:12","modified_gmt":"2023-09-08T06:50:12","slug":"se-registra-eduardo-verastegui-para-buscar-la-presidencia","status":"publish","type":"post","link":"https:\/\/pornuestrolaredo.com\/?p=3109","title":{"rendered":"Se registra Eduardo Ver\u00e1stegui para buscar la Presidencia"},"content":{"rendered":"<p><strong>CIUDAD DE M\u00c9XICO.-<\/strong> El actor Eduardo Ver\u00e1stegui acudi\u00f3 esta tarde a la sede del INE para registrarse como aspirante a candidato independiente a la Presidencia de M\u00e9xico.<\/p>\n<p>El pol\u00e9mico productor asegur\u00f3 que est\u00e1 preocupado por la situaci\u00f3n que vive el Pa\u00eds, y consider\u00f3 que ni Claudia Sheiunbaum ni X\u00f3chitl G\u00e1lvez representan una opci\u00f3n real para resolver los problemas de los mexicanos<\/p>\n<blockquote><p>Vengo a solicitar una inscripci\u00f3n como aspirante a candidato independiente para la Presidencia de M\u00e9xico porque es la \u00fanica manera de cambiar a M\u00e9xico, esto es una lucha por la libertad de M\u00e9xico y estoy convencido que no va a ser por la v\u00eda de siempre, por la brecha de siempre, los mismos partidos de siempre, los mismos pol\u00edticos de siempre&#8221;, dijo tras presentar su documentaci\u00f3n en la Oficial\u00eda del INE.<\/p><\/blockquote>\n<blockquote><p>Tenemos a dos candidatas que son exactamente lo mismo, se visten diferente, tal vez coman diferente, edades diferentes, pero son igualitas, no nos podemos dejar manipular, el pueblo de M\u00e9xico no es tonto&#8221;.<\/p><\/blockquote>\n<p>Hoy vence el plazo para registrarse como aspirantes a la candidatura presidencial, y este viernes, el organismo electoral entregar\u00e1 la constancia de aceptaci\u00f3n a quienes hayan cumplido con los requisitos.<\/p>\n<p>A partir de la pr\u00f3xima semana podr\u00e1n comenzar a recabar los aproximadamente 960 mil firmas, en 17 estados, para registrarse como candidatos.<\/p>\n<p>Esto lo har\u00e1n a trav\u00e9s de una aplicaci\u00f3n telef\u00f3nica que les proporcionar\u00e1 el Instituto, y tendr\u00e1n hasta el 6 de enero para hacerlo.<\/p>\n<blockquote><p>No soy pol\u00edtico, yo soy actor, soy productor, pero estoy harto de ver a M\u00e9xico como ha sido violado por d\u00e9cadas, y es por eso que decid\u00ed hoy registrarme, solicitar la inscripci\u00f3n, y espero que el INE nos d\u00e9 la constancia&#8221;, indic\u00f3.<\/p><\/blockquote>\n<p>El actor, a quien lo han calificado de &#8220;ultraderecha&#8221;, asegur\u00f3 que lo es si as\u00ed se le nombra a quien defiende la vida, no la muerte, y otras causas que no est\u00e1n en la agenda de los pol\u00edticos.<\/p>\n<blockquote><p>Ultraderecha si significa defender la vida de los mexicanos, la vida de todos, no solamente la de algunos, la vida de los ni\u00f1os en situaci\u00f3n de calle, la vida de los que fueron falsamente acusados y est\u00e1n en la c\u00e1rcel, la vida de los beb\u00e9s que est\u00e1n dentro del vientre de su mam\u00e1 y corren el riesgo de ser asesinados por medio del aborto&#8221;, manifest\u00f3.-\u00bfSi es candidato propondr\u00e1 prohibir el aborto?, se le pregunt\u00f3.<\/p><\/blockquote>\n<blockquote><p>Proteger la vida. Tenemos que prohibir la muerte, claro. Imag\u00ednate, nadie tiene el derecho de quitar la vida a un ser humano&#8221;, afirm\u00f3.<\/p><\/blockquote>\n<p>Al cuestionarle c\u00f3mo financiar\u00e1 su campa\u00f1a, asegur\u00f3 que ya se ver\u00e1 cuando le den la constancia y arme su equipo, pero confi\u00f3 que su activismo le ayudar\u00e1 a conseguir m\u00e1s de un mill\u00f3n sin muchos recursos.<\/p>\n<p>Hasta las 16:00 horas de este jueves, se hab\u00edan registrado una veintena de aspirantes, entre ellos el ex Gobernador priista, Ulises Ruiz, y el ex l\u00edder de Encuentro Social, Hugo Eric Flores.<\/p>\n<p>Hoy acudi\u00f3 Porfirio Moreno Jim\u00e9nez, quien en el 2018 tambi\u00e9n se registr\u00f3, y alcanz\u00f3 600 mil firmas.\u00a0<\/p>\n<p>El empresario hidalguense asegur\u00f3 que aunque todav\u00eda est\u00e1 &#8220;endeudado&#8221; por los gastos que generaron la recopilaci\u00f3n de apoyos en esa elecci\u00f3n, lo volver\u00e1 a intentar. &#8220;Estamos hartos de los partidos, no nos han representado, nos han defraudado, y cada d\u00eda estamos en una situaci\u00f3n m\u00e1s grave. El dinero saldr\u00e1 de un fondo que se organizar\u00e1 con los ciudadanos que quieran cambiar las cosas en el pa\u00eds&#8221;, dijo C\u00e9sar Asiain, quien tambi\u00e9n se registr\u00f3.<\/p>\n","protected":false},"excerpt":{"rendered":"<p>El actor acudi\u00f3 al INE para tramitar su registro y buscar la candidatura independiente<\/p>\n","protected":false},"author":1,"featured_media":3110,"comment_status":"closed","ping_status":"closed","sticky":false,"template":"","format":"standard","meta":{"_crdt_document":"","_jetpack_memberships_contains_paid_content":false,"footnotes":"","jetpack_publicize_message":"","jetpack_publicize_feature_enabled":true,"jetpack_social_post_already_shared":true,"jetpack_social_options":{"image_generator_settings":{"template":"highway","default_image_id":0,"font":"","enabled":false},"version":2},"_wpas_customize_per_network":false},"categories":[33],"tags":[],"class_list":["post-3109","post","type-post","status-publish","format-standard","has-post-thumbnail","hentry","category-mexico"],"magazineBlocksPostFeaturedMedia":{"thumbnail":"https:\/\/pornuestrolaredo.com\/wp-content\/uploads\/2023\/09\/Stereo91-20230908-4-150x150.jpg","medium":"https:\/\/pornuestrolaredo.com\/wp-content\/uploads\/2023\/09\/Stereo91-20230908-4-300x200.jpg","medium_large":"https:\/\/pornuestrolaredo.com\/wp-content\/uploads\/2023\/09\/Stereo91-20230908-4-768x512.jpg","large":"https:\/\/pornuestrolaredo.com\/wp-content\/uploads\/2023\/09\/Stereo91-20230908-4.jpg","1536x1536":"https:\/\/pornuestrolaredo.com\/wp-content\/uploads\/2023\/09\/Stereo91-20230908-4.jpg","2048x2048":"https:\/\/pornuestrolaredo.com\/wp-content\/uploads\/2023\/09\/Stereo91-20230908-4.jpg","morenews-large":"https:\/\/pornuestrolaredo.com\/wp-content\/uploads\/2023\/09\/Stereo91-20230908-4.jpg","morenews-medium":"https:\/\/pornuestrolaredo.com\/wp-content\/uploads\/2023\/09\/Stereo91-20230908-4.jpg"},"magazineBlocksPostAuthor":{"name":"Redactor","avatar":"https:\/\/pornuestrolaredo.com\/wp-content\/litespeed\/avatar\/dca1d7ec750c399f025f23b0b314f4cf.jpg?ver=1777612120"},"magazineBlocksPostCommentsNumber":false,"magazineBlocksPostExcerpt":"El actor acudi\u00f3 al INE para tramitar su registro y buscar la candidatura independiente","magazineBlocksPostCategories":["Mexico"],"magazineBlocksPostViewCount":139,"magazineBlocksPostReadTime":4,"magazine_blocks_featured_image_url":{"full":["https:\/\/pornuestrolaredo.com\/wp-content\/uploads\/2023\/09\/Stereo91-20230908-4.jpg",900,600,false],"medium":["https:\/\/pornuestrolaredo.com\/wp-content\/uploads\/2023\/09\/Stereo91-20230908-4-300x200.jpg",300,200,true],"thumbnail":["https:\/\/pornuestrolaredo.com\/wp-content\/uploads\/2023\/09\/Stereo91-20230908-4-150x150.jpg",150,150,true]},"magazine_blocks_author":{"display_name":"Redactor","author_link":"https:\/\/pornuestrolaredo.com\/?author=1"},"magazine_blocks_comment":0,"magazine_blocks_author_image":"https:\/\/pornuestrolaredo.com\/wp-content\/litespeed\/avatar\/dca1d7ec750c399f025f23b0b314f4cf.jpg?ver=1777612120","magazine_blocks_category":"<a href=\"#\" class=\"category-link category-link-33\">Mexico<\/a>","jetpack_publicize_connections":[],"featured_image_urls":{"full":["https:\/\/pornuestrolaredo.com\/wp-content\/uploads\/2023\/09\/Stereo91-20230908-4.jpg",900,600,false],"thumbnail":["https:\/\/pornuestrolaredo.com\/wp-content\/uploads\/2023\/09\/Stereo91-20230908-4-150x150.jpg",150,150,true],"medium":["https:\/\/pornuestrolaredo.com\/wp-content\/uploads\/2023\/09\/Stereo91-20230908-4-300x200.jpg",300,200,true],"medium_large":["https:\/\/pornuestrolaredo.com\/wp-content\/uploads\/2023\/09\/Stereo91-20230908-4-768x512.jpg",640,427,true],"large":["https:\/\/pornuestrolaredo.com\/wp-content\/uploads\/2023\/09\/Stereo91-20230908-4.jpg",640,427,false],"1536x1536":["https:\/\/pornuestrolaredo.com\/wp-content\/uploads\/2023\/09\/Stereo91-20230908-4.jpg",900,600,false],"2048x2048":["https:\/\/pornuestrolaredo.com\/wp-content\/uploads\/2023\/09\/Stereo91-20230908-4.jpg",900,600,false],"morenews-large":["https:\/\/pornuestrolaredo.com\/wp-content\/uploads\/2023\/09\/Stereo91-20230908-4.jpg",825,550,false],"morenews-medium":["https:\/\/pornuestrolaredo.com\/wp-content\/uploads\/2023\/09\/Stereo91-20230908-4.jpg",590,393,false]},"author_info":{"info":["Redactor"]},"category_info":"<a href=\"https:\/\/pornuestrolaredo.com\/?cat=33\" rel=\"category\">Mexico<\/a>","tag_info":"Mexico","comment_count":"0","jetpack_featured_media_url":"https:\/\/pornuestrolaredo.com\/wp-content\/uploads\/2023\/09\/Stereo91-20230908-4.jpg","jetpack_sharing_enabled":true,"_links":{"self":[{"href":"https:\/\/pornuestrolaredo.com\/index.php?rest_route=\/wp\/v2\/posts\/3109","targetHints":{"allow":["GET"]}}],"collection":[{"href":"https:\/\/pornuestrolaredo.com\/index.php?rest_route=\/wp\/v2\/posts"}],"about":[{"href":"https:\/\/pornuestrolaredo.com\/index.php?rest_route=\/wp\/v2\/types\/post"}],"author":[{"embeddable":true,"href":"https:\/\/pornuestrolaredo.com\/index.php?rest_route=\/wp\/v2\/users\/1"}],"replies":[{"embeddable":true,"href":"https:\/\/pornuestrolaredo.com\/index.php?rest_route=%2Fwp%2Fv2%2Fcomments&post=3109"}],"version-history":[{"count":1,"href":"https:\/\/pornuestrolaredo.com\/index.php?rest_route=\/wp\/v2\/posts\/3109\/revisions"}],"predecessor-version":[{"id":3111,"href":"https:\/\/pornuestrolaredo.com\/index.php?rest_route=\/wp\/v2\/posts\/3109\/revisions\/3111"}],"wp:featuredmedia":[{"embeddable":true,"href":"https:\/\/pornuestrolaredo.com\/index.php?rest_route=\/wp\/v2\/media\/3110"}],"wp:attachment":[{"href":"https:\/\/pornuestrolaredo.com\/index.php?rest_route=%2Fwp%2Fv2%2Fmedia&parent=3109"}],"wp:term":[{"taxonomy":"category","embeddable":true,"href":"https:\/\/pornuestrolaredo.com\/index.php?rest_route=%2Fwp%2Fv2%2Fcategories&post=3109"},{"taxonomy":"post_tag","embeddable":true,"href":"https:\/\/pornuestrolaredo.com\/index.php?rest_route=%2Fwp%2Fv2%2Ftags&post=3109"}],"curies":[{"name":"wp","href":"https:\/\/api.w.org\/{rel}","templated":true}]}}