{"id":313,"date":"2022-09-17T23:14:56","date_gmt":"2022-09-17T23:14:56","guid":{"rendered":"https:\/\/pornuestrolaredo.com\/?p=313"},"modified":"2022-09-17T23:14:56","modified_gmt":"2022-09-17T23:14:56","slug":"gestiones-de-carmen-lilia-agilizan-regularizacion-de-autos-extranjeros","status":"publish","type":"post","link":"https:\/\/pornuestrolaredo.com\/?p=313","title":{"rendered":"Gestiones de Carmen Lilia agilizan regularizaci\u00f3n de autos extranjeros"},"content":{"rendered":"\n<p class=\"wp-block-paragraph\"><strong><em>NUEVO LAREDO.-<\/em><\/strong> La alcaldesa de Nuevo Laredo, Carmen Lilia Canturosas Villarreal, gestion\u00f3 un m\u00f3dulo de 12 carriles del Registro Nacional de Veh\u00edculos (REPUVE) que agilizan la regularizaci\u00f3n de los veh\u00edculos de procedencia extranjera en esta frontera.<\/p>\n\n\n\n<p class=\"wp-block-paragraph\">Estos carriles est\u00e1n instalados en la sala Sergio Pe\u00f1a, con horario\nde servicio de las 8:00 de la ma\u00f1ana a las 4:00 de la tarde, hasta el 20 de\nseptiembre y son operados por 40 servidores p\u00fablicos y recursos del gobierno\nmunicipal con el objetivo de tener una capacidad de hasta 384 veh\u00edculos\nregularizados por d\u00eda.<\/p>\n\n\n\n<blockquote class=\"wp-block-quote is-layout-flow wp-block-quote-is-layout-flow\"><p>Hicimos el compromiso de trabajar de la mano con el Gobierno Federal para traer beneficios a los neolaredenses y estamos cumpliendo porque sabemos lo que representa para el ciudadano y para nosotros como gobierno el que cada vez haya m\u00e1s autos legales en la ciudad\u201d, indic\u00f3 la presidenta municipal.<\/p><\/blockquote>\n\n\n\n<p class=\"wp-block-paragraph\">El programa federal REPUVE no hab\u00eda iniciado operaciones en\nla localidad debido a que el Gobierno del Estado retras\u00f3 su instalaci\u00f3n,\nposteriormente s\u00f3lo abrieron un m\u00f3dulo de&nbsp;\ndos carriles, los cuales son insuficiente para atender a la ciudadan\u00eda\ninteresada.<\/p>\n\n\n\n<p class=\"wp-block-paragraph\">Los solicitantes previamente tienen que generar una cita en\nla p\u00e1gina del Gobierno Federal https:\/\/www.regularizaauto.sspc.gob.mx\/<\/p>\n\n\n\n<p class=\"wp-block-paragraph\">El tr\u00e1mite de regularizaci\u00f3n es solamente para los\nautom\u00f3viles 2016 o anteriores, haber estado en el pa\u00eds antes del 19 de octubre\nde 2021.\n\nAdem\u00e1s, presentar el veh\u00edculo, t\u00edtulo de\npropiedad, factura del veh\u00edculo, identificaci\u00f3n oficial vigente, comprobante de\ndomicilio no mayor a 3 meses, manifiesto bajo protesta llenado y firmado por el\nsolicitante, comprobante de pago de 2 mil 500 pesos, comprobante impreso de\ncita de REPUVE.\n\n\n\n<\/p>\n","protected":false},"excerpt":{"rendered":"<p>NUEVO LAREDO.- La alcaldesa de Nuevo Laredo, Carmen Lilia Canturosas Villarreal, gestion\u00f3 un m\u00f3dulo de 12 carriles del<\/p>\n","protected":false},"author":1,"featured_media":315,"comment_status":"open","ping_status":"open","sticky":false,"template":"","format":"standard","meta":{"_crdt_document":"","_jetpack_memberships_contains_paid_content":false,"footnotes":"","jetpack_publicize_message":"Instalan 12 m\u00f3dulos en la Sala Sergio Pe\u00f1a con capacidad para 384 veh\u00edculos por d\u00eda","jetpack_publicize_feature_enabled":true,"jetpack_social_post_already_shared":true,"jetpack_social_options":{"image_generator_settings":{"template":"highway","default_image_id":0,"font":"","enabled":false},"version":2},"_wpas_customize_per_network":false},"categories":[5],"tags":[],"class_list":["post-313","post","type-post","status-publish","format-standard","has-post-thumbnail","hentry","category-dos-laredos"],"magazineBlocksPostFeaturedMedia":{"thumbnail":"https:\/\/pornuestrolaredo.com\/wp-content\/uploads\/2022\/09\/Gestiones-3-150x150.jpeg","medium":"https:\/\/pornuestrolaredo.com\/wp-content\/uploads\/2022\/09\/Gestiones-3-300x200.jpeg","medium_large":"https:\/\/pornuestrolaredo.com\/wp-content\/uploads\/2022\/09\/Gestiones-3-768x512.jpeg","large":"https:\/\/pornuestrolaredo.com\/wp-content\/uploads\/2022\/09\/Gestiones-3-1024x682.jpeg","1536x1536":"https:\/\/pornuestrolaredo.com\/wp-content\/uploads\/2022\/09\/Gestiones-3.jpeg","2048x2048":"https:\/\/pornuestrolaredo.com\/wp-content\/uploads\/2022\/09\/Gestiones-3.jpeg","morenews-large":"https:\/\/pornuestrolaredo.com\/wp-content\/uploads\/2022\/09\/Gestiones-3.jpeg","morenews-medium":"https:\/\/pornuestrolaredo.com\/wp-content\/uploads\/2022\/09\/Gestiones-3.jpeg"},"magazineBlocksPostAuthor":{"name":"Redactor","avatar":"https:\/\/pornuestrolaredo.com\/wp-content\/litespeed\/avatar\/dca1d7ec750c399f025f23b0b314f4cf.jpg?ver=1777612120"},"magazineBlocksPostCommentsNumber":false,"magazineBlocksPostExcerpt":"NUEVO LAREDO.- La alcaldesa de Nuevo Laredo, Carmen Lilia Canturosas Villarreal, gestion\u00f3 un m\u00f3dulo de 12 carriles del","magazineBlocksPostCategories":["Dos Laredos"],"magazineBlocksPostViewCount":135,"magazineBlocksPostReadTime":2,"magazine_blocks_featured_image_url":{"full":["https:\/\/pornuestrolaredo.com\/wp-content\/uploads\/2022\/09\/Gestiones-3.jpeg",1280,853,false],"medium":["https:\/\/pornuestrolaredo.com\/wp-content\/uploads\/2022\/09\/Gestiones-3-300x200.jpeg",300,200,true],"thumbnail":["https:\/\/pornuestrolaredo.com\/wp-content\/uploads\/2022\/09\/Gestiones-3-150x150.jpeg",150,150,true]},"magazine_blocks_author":{"display_name":"Redactor","author_link":"https:\/\/pornuestrolaredo.com\/?author=1"},"magazine_blocks_comment":0,"magazine_blocks_author_image":"https:\/\/pornuestrolaredo.com\/wp-content\/litespeed\/avatar\/dca1d7ec750c399f025f23b0b314f4cf.jpg?ver=1777612120","magazine_blocks_category":"<a href=\"#\" class=\"category-link category-link-5\">Dos Laredos<\/a>","jetpack_publicize_connections":[],"featured_image_urls":{"full":["https:\/\/pornuestrolaredo.com\/wp-content\/uploads\/2022\/09\/Gestiones-3.jpeg",1280,853,false],"thumbnail":["https:\/\/pornuestrolaredo.com\/wp-content\/uploads\/2022\/09\/Gestiones-3-150x150.jpeg",150,150,true],"medium":["https:\/\/pornuestrolaredo.com\/wp-content\/uploads\/2022\/09\/Gestiones-3-300x200.jpeg",300,200,true],"medium_large":["https:\/\/pornuestrolaredo.com\/wp-content\/uploads\/2022\/09\/Gestiones-3-768x512.jpeg",640,427,true],"large":["https:\/\/pornuestrolaredo.com\/wp-content\/uploads\/2022\/09\/Gestiones-3-1024x682.jpeg",640,426,true],"1536x1536":["https:\/\/pornuestrolaredo.com\/wp-content\/uploads\/2022\/09\/Gestiones-3.jpeg",1280,853,false],"2048x2048":["https:\/\/pornuestrolaredo.com\/wp-content\/uploads\/2022\/09\/Gestiones-3.jpeg",1280,853,false],"morenews-large":["https:\/\/pornuestrolaredo.com\/wp-content\/uploads\/2022\/09\/Gestiones-3.jpeg",825,550,false],"morenews-medium":["https:\/\/pornuestrolaredo.com\/wp-content\/uploads\/2022\/09\/Gestiones-3.jpeg",590,393,false]},"author_info":{"info":["Redactor"]},"category_info":"<a href=\"https:\/\/pornuestrolaredo.com\/?cat=5\" rel=\"category\">Dos Laredos<\/a>","tag_info":"Dos Laredos","comment_count":"0","jetpack_featured_media_url":"https:\/\/pornuestrolaredo.com\/wp-content\/uploads\/2022\/09\/Gestiones-3.jpeg","jetpack_sharing_enabled":true,"_links":{"self":[{"href":"https:\/\/pornuestrolaredo.com\/index.php?rest_route=\/wp\/v2\/posts\/313","targetHints":{"allow":["GET"]}}],"collection":[{"href":"https:\/\/pornuestrolaredo.com\/index.php?rest_route=\/wp\/v2\/posts"}],"about":[{"href":"https:\/\/pornuestrolaredo.com\/index.php?rest_route=\/wp\/v2\/types\/post"}],"author":[{"embeddable":true,"href":"https:\/\/pornuestrolaredo.com\/index.php?rest_route=\/wp\/v2\/users\/1"}],"replies":[{"embeddable":true,"href":"https:\/\/pornuestrolaredo.com\/index.php?rest_route=%2Fwp%2Fv2%2Fcomments&post=313"}],"version-history":[{"count":1,"href":"https:\/\/pornuestrolaredo.com\/index.php?rest_route=\/wp\/v2\/posts\/313\/revisions"}],"predecessor-version":[{"id":316,"href":"https:\/\/pornuestrolaredo.com\/index.php?rest_route=\/wp\/v2\/posts\/313\/revisions\/316"}],"wp:featuredmedia":[{"embeddable":true,"href":"https:\/\/pornuestrolaredo.com\/index.php?rest_route=\/wp\/v2\/media\/315"}],"wp:attachment":[{"href":"https:\/\/pornuestrolaredo.com\/index.php?rest_route=%2Fwp%2Fv2%2Fmedia&parent=313"}],"wp:term":[{"taxonomy":"category","embeddable":true,"href":"https:\/\/pornuestrolaredo.com\/index.php?rest_route=%2Fwp%2Fv2%2Fcategories&post=313"},{"taxonomy":"post_tag","embeddable":true,"href":"https:\/\/pornuestrolaredo.com\/index.php?rest_route=%2Fwp%2Fv2%2Ftags&post=313"}],"curies":[{"name":"wp","href":"https:\/\/api.w.org\/{rel}","templated":true}]}}