{"id":3178,"date":"2023-09-25T01:00:48","date_gmt":"2023-09-25T01:00:48","guid":{"rendered":"https:\/\/pornuestrolaredo.com\/?p=3178"},"modified":"2023-09-25T01:00:48","modified_gmt":"2023-09-25T01:00:48","slug":"mejorara-gobierno-municipal-gimnasio-de-maquila-creativa","status":"publish","type":"post","link":"https:\/\/pornuestrolaredo.com\/?p=3178","title":{"rendered":"Mejorar\u00e1 Gobierno Municipal gimnasio de Maquila Creativa"},"content":{"rendered":"<p>NUEVO LAREDO.- En un recorrido por diversos espacios de recreaci\u00f3n y esparcimiento  para la poblaci\u00f3n, la alcaldesa Carmen Lilia Canturosas Villarreal visit\u00f3 las instalaciones de Maquila Creativa en la cual se llevar\u00e1n a cabo trabajos de mejoramiento que ser\u00e1n de gran beneficio para los cientos de ni\u00f1os y j\u00f3venes que visitan diariamente el lugar.<\/p>\n<p>La presidenta municipal antes los ni\u00f1os y j\u00f3venes que se comprometi\u00f3 a garantizar que los lugares utilizados para el deporte y otras actividades sean seguros y est\u00e9n en \u00f3ptimas condiciones.<\/p>\n<blockquote><p>Nos comprometemos a trabajar incansablemente para mejorar las condiciones de este lugar que desempe\u00f1a un papel fundamental en la vida de tantos j\u00f3venes\u201d, se\u00f1al\u00f3 Canturosas, presidenta municipal.<\/p><\/blockquote>\n<p>Enfatiz\u00f3 en la importancia de proporcionar servicios de calidad y de crear un ambiente favorable para el desarrollo personal y la formaci\u00f3n en diversas disciplinas deportivas y culturales.<\/p>\n<blockquote><p>Nuestro objetivo es garantizar que los j\u00f3venes que vienen a aqu\u00ed tengan acceso a instalaciones de primer nivel, queremos fomentar su crecimiento, tanto en habilidades espec\u00edficas como en su desarrollo personal\u201d, mencion\u00f3.<\/p><\/blockquote>\n<p>De primera instancia se dar\u00e1 mantenimiento del \u00e1rea como limpieza, aplicaci\u00f3n de pintura, instalaci\u00f3n de malla cicl\u00f3nica en porter\u00edas entre otras acciones, y en el 2024 entrar\u00e1 en el presupuesto del Plan de Obra.<\/p>\n<p>La presidenta municipal inform\u00f3 que tambi\u00e9n se lleva a cabo la recuperaci\u00f3n de la Nueva Unidad Deportiva que se encuentra al poniente de la ciudad la cual ser\u00e1 remodelada en su totalidad.<\/p>\n<p>En Maquila Creativa se llevan a cabo pr\u00e1cticas de basquetbol, voleibol, karate entre otras disciplinas.<\/p>\n","protected":false},"excerpt":{"rendered":"<p>Alcaldesa se compromete a proporcionar servicios de calidad y de crear un ambiente favorable para el desarrollo personal y la formaci\u00f3n en diversas disciplinas<\/p>\n","protected":false},"author":1,"featured_media":3179,"comment_status":"closed","ping_status":"closed","sticky":false,"template":"","format":"standard","meta":{"_crdt_document":"","_jetpack_memberships_contains_paid_content":false,"footnotes":"","jetpack_publicize_message":"","jetpack_publicize_feature_enabled":true,"jetpack_social_post_already_shared":true,"jetpack_social_options":{"image_generator_settings":{"template":"highway","default_image_id":0,"font":"","enabled":false},"version":2},"_wpas_customize_per_network":false},"categories":[4],"tags":[],"class_list":["post-3178","post","type-post","status-publish","format-standard","has-post-thumbnail","hentry","category-los-dos-laredos"],"magazineBlocksPostFeaturedMedia":{"thumbnail":"https:\/\/pornuestrolaredo.com\/wp-content\/uploads\/2023\/09\/WhatsApp-Image-2023-09-24-at-1.05.28-PM-1-150x150.jpeg","medium":"https:\/\/pornuestrolaredo.com\/wp-content\/uploads\/2023\/09\/WhatsApp-Image-2023-09-24-at-1.05.28-PM-1-300x200.jpeg","medium_large":"https:\/\/pornuestrolaredo.com\/wp-content\/uploads\/2023\/09\/WhatsApp-Image-2023-09-24-at-1.05.28-PM-1-768x512.jpeg","large":"https:\/\/pornuestrolaredo.com\/wp-content\/uploads\/2023\/09\/WhatsApp-Image-2023-09-24-at-1.05.28-PM-1-1000x666.jpeg","1536x1536":"https:\/\/pornuestrolaredo.com\/wp-content\/uploads\/2023\/09\/WhatsApp-Image-2023-09-24-at-1.05.28-PM-1.jpeg","2048x2048":"https:\/\/pornuestrolaredo.com\/wp-content\/uploads\/2023\/09\/WhatsApp-Image-2023-09-24-at-1.05.28-PM-1.jpeg","morenews-large":"https:\/\/pornuestrolaredo.com\/wp-content\/uploads\/2023\/09\/WhatsApp-Image-2023-09-24-at-1.05.28-PM-1.jpeg","morenews-medium":"https:\/\/pornuestrolaredo.com\/wp-content\/uploads\/2023\/09\/WhatsApp-Image-2023-09-24-at-1.05.28-PM-1.jpeg"},"magazineBlocksPostAuthor":{"name":"Redactor","avatar":"https:\/\/pornuestrolaredo.com\/wp-content\/litespeed\/avatar\/dca1d7ec750c399f025f23b0b314f4cf.jpg?ver=1777612120"},"magazineBlocksPostCommentsNumber":false,"magazineBlocksPostExcerpt":"Alcaldesa se compromete a proporcionar servicios de calidad y de crear un ambiente favorable para el desarrollo personal y la formaci\u00f3n en diversas disciplinas","magazineBlocksPostCategories":["Los dos Laredos"],"magazineBlocksPostViewCount":144,"magazineBlocksPostReadTime":2,"magazine_blocks_featured_image_url":{"full":["https:\/\/pornuestrolaredo.com\/wp-content\/uploads\/2023\/09\/WhatsApp-Image-2023-09-24-at-1.05.28-PM-1.jpeg",1280,853,false],"medium":["https:\/\/pornuestrolaredo.com\/wp-content\/uploads\/2023\/09\/WhatsApp-Image-2023-09-24-at-1.05.28-PM-1-300x200.jpeg",300,200,true],"thumbnail":["https:\/\/pornuestrolaredo.com\/wp-content\/uploads\/2023\/09\/WhatsApp-Image-2023-09-24-at-1.05.28-PM-1-150x150.jpeg",150,150,true]},"magazine_blocks_author":{"display_name":"Redactor","author_link":"https:\/\/pornuestrolaredo.com\/?author=1"},"magazine_blocks_comment":0,"magazine_blocks_author_image":"https:\/\/pornuestrolaredo.com\/wp-content\/litespeed\/avatar\/dca1d7ec750c399f025f23b0b314f4cf.jpg?ver=1777612120","magazine_blocks_category":"<a href=\"#\" class=\"category-link category-link-4\">Los dos Laredos<\/a>","jetpack_publicize_connections":[],"featured_image_urls":{"full":["https:\/\/pornuestrolaredo.com\/wp-content\/uploads\/2023\/09\/WhatsApp-Image-2023-09-24-at-1.05.28-PM-1.jpeg",1280,853,false],"thumbnail":["https:\/\/pornuestrolaredo.com\/wp-content\/uploads\/2023\/09\/WhatsApp-Image-2023-09-24-at-1.05.28-PM-1-150x150.jpeg",150,150,true],"medium":["https:\/\/pornuestrolaredo.com\/wp-content\/uploads\/2023\/09\/WhatsApp-Image-2023-09-24-at-1.05.28-PM-1-300x200.jpeg",300,200,true],"medium_large":["https:\/\/pornuestrolaredo.com\/wp-content\/uploads\/2023\/09\/WhatsApp-Image-2023-09-24-at-1.05.28-PM-1-768x512.jpeg",640,427,true],"large":["https:\/\/pornuestrolaredo.com\/wp-content\/uploads\/2023\/09\/WhatsApp-Image-2023-09-24-at-1.05.28-PM-1-1000x666.jpeg",640,426,true],"1536x1536":["https:\/\/pornuestrolaredo.com\/wp-content\/uploads\/2023\/09\/WhatsApp-Image-2023-09-24-at-1.05.28-PM-1.jpeg",1280,853,false],"2048x2048":["https:\/\/pornuestrolaredo.com\/wp-content\/uploads\/2023\/09\/WhatsApp-Image-2023-09-24-at-1.05.28-PM-1.jpeg",1280,853,false],"morenews-large":["https:\/\/pornuestrolaredo.com\/wp-content\/uploads\/2023\/09\/WhatsApp-Image-2023-09-24-at-1.05.28-PM-1.jpeg",825,550,false],"morenews-medium":["https:\/\/pornuestrolaredo.com\/wp-content\/uploads\/2023\/09\/WhatsApp-Image-2023-09-24-at-1.05.28-PM-1.jpeg",590,393,false]},"author_info":{"info":["Redactor"]},"category_info":"<a href=\"https:\/\/pornuestrolaredo.com\/?cat=4\" rel=\"category\">Los dos Laredos<\/a>","tag_info":"Los dos Laredos","comment_count":"0","jetpack_featured_media_url":"https:\/\/pornuestrolaredo.com\/wp-content\/uploads\/2023\/09\/WhatsApp-Image-2023-09-24-at-1.05.28-PM-1.jpeg","jetpack_sharing_enabled":true,"_links":{"self":[{"href":"https:\/\/pornuestrolaredo.com\/index.php?rest_route=\/wp\/v2\/posts\/3178","targetHints":{"allow":["GET"]}}],"collection":[{"href":"https:\/\/pornuestrolaredo.com\/index.php?rest_route=\/wp\/v2\/posts"}],"about":[{"href":"https:\/\/pornuestrolaredo.com\/index.php?rest_route=\/wp\/v2\/types\/post"}],"author":[{"embeddable":true,"href":"https:\/\/pornuestrolaredo.com\/index.php?rest_route=\/wp\/v2\/users\/1"}],"replies":[{"embeddable":true,"href":"https:\/\/pornuestrolaredo.com\/index.php?rest_route=%2Fwp%2Fv2%2Fcomments&post=3178"}],"version-history":[{"count":1,"href":"https:\/\/pornuestrolaredo.com\/index.php?rest_route=\/wp\/v2\/posts\/3178\/revisions"}],"predecessor-version":[{"id":3180,"href":"https:\/\/pornuestrolaredo.com\/index.php?rest_route=\/wp\/v2\/posts\/3178\/revisions\/3180"}],"wp:featuredmedia":[{"embeddable":true,"href":"https:\/\/pornuestrolaredo.com\/index.php?rest_route=\/wp\/v2\/media\/3179"}],"wp:attachment":[{"href":"https:\/\/pornuestrolaredo.com\/index.php?rest_route=%2Fwp%2Fv2%2Fmedia&parent=3178"}],"wp:term":[{"taxonomy":"category","embeddable":true,"href":"https:\/\/pornuestrolaredo.com\/index.php?rest_route=%2Fwp%2Fv2%2Fcategories&post=3178"},{"taxonomy":"post_tag","embeddable":true,"href":"https:\/\/pornuestrolaredo.com\/index.php?rest_route=%2Fwp%2Fv2%2Ftags&post=3178"}],"curies":[{"name":"wp","href":"https:\/\/api.w.org\/{rel}","templated":true}]}}