{"id":3201,"date":"2023-09-29T18:37:57","date_gmt":"2023-09-29T18:37:57","guid":{"rendered":"https:\/\/pornuestrolaredo.com\/?p=3201"},"modified":"2023-09-29T18:37:57","modified_gmt":"2023-09-29T18:37:57","slug":"estalla-bomba-en-celebracion-y-mata-a-52-en-pakistan","status":"publish","type":"post","link":"https:\/\/pornuestrolaredo.com\/?p=3201","title":{"rendered":"Estalla bomba en celebraci\u00f3n y mata a 52 en Pakist\u00e1n"},"content":{"rendered":"<p><strong>QUETTA, Pakist\u00e1n\u2014 <\/strong>Una poderosa bomba explot\u00f3 el viernes cerca de una mezquita en el suroeste de Pakist\u00e1n durante un acto masivo para celebrar el natalicio del profeta Mahoma, matando al menos a 52 personas e hiriendo a casi 70, dijeron autoridades.<\/p>\n<p>El atentado se produjo en Mastung, un distrito de la provincia de Baluchist\u00e1n, donde unas 500 personas se hab\u00edan reunido para una procesi\u00f3n para celebrar el natalicio del profeta. Los musulmanes organizan m\u00edtines y distribuyen comidas gratuitas a la gente en la ocasi\u00f3n, conocida como Mawlid an-Nabi.<\/p>\n<p>Im\u00e1genes de televisi\u00f3n y v\u00eddeos en las redes sociales mostraron un \u00e1rea abierta cerca de una mezquita cubierta con los zapatos de los muertos y heridos despu\u00e9s del atentado. Algunos de los cuerpos estaban cubiertos con s\u00e1banas, y se vio a residentes y rescatistas llevando a los heridos a los hospitales.<\/p>\n<p>Baluchist\u00e1n ha sido testigo de decenas de ataques por parte de insurgentes y milicianos, pero por lo general tienen como objetivo a las fuerzas de seguridad. Los talibanes de Pakist\u00e1n tambi\u00e9n han dicho repetidamente que no atacan lugares de culto ni civiles.<\/p>\n<p>Los heridos en la explosi\u00f3n fueron trasladados a hospitales cercanos y algunos se encontraban en estado cr\u00edtico, dijo el administrador gubernamental Atta Ullah.<\/p>\n<p>El atentado del viernes se produjo d\u00edas despu\u00e9s de que las autoridades pidieran a la polic\u00eda que permaneciera en alerta m\u00e1xima, diciendo que los milicianos podr\u00edan atacar manifestaciones con motivo de las festividades del profeta del Islam.<\/p>\n<p>Tambi\u00e9n el viernes, una explosi\u00f3n arras\u00f3 una mezquita ubicada en las instalaciones de una comisar\u00eda en Hangu, hiriendo a siete personas, dijo Shah Raz Khan, un oficial de polic\u00eda local.<\/p>\n<p>El presidente Arif Alvi conden\u00f3 el ataque y pidi\u00f3 a las autoridades que brinden toda la asistencia posible a las v\u00edctimas.<\/p>\n<p>En una declaraci\u00f3n, el ministro interino del Interior, Sarfraz Bugti, denunci\u00f3 el atentado y expres\u00f3 su pesar por la p\u00e9rdida de vidas. Dijo que era un \u201cacto atroz\u201d atacar a las personas en la procesi\u00f3n de Mawlid an-Nabi.<\/p>\n<p>El gobierno hab\u00eda declarado un feriado nacional para el aniversario del nacimiento del profeta Mahoma, y el presidente Alvi y el primer ministro interino Anwaarul-haq-Kakar hab\u00edan llamado en mensajes separados a la unidad y a que la gente se adhiriera a las ense\u00f1anzas del profeta del Islam.<\/p>\n<p>Nadie se atribuy\u00f3 de inmediato la responsabilidad del atentado del viernes, pero los talibanes paquistan\u00edes r\u00e1pidamente se distanciaron del mismo. Los talibanes paquistan\u00edes, conocidos como Tehreek-e-Taliban Pakistan (TTP), son un grupo separado pero un aliado cercano de los talibanes afganos.<\/p>\n","protected":false},"excerpt":{"rendered":"<p>El atentado ocurri\u00f3 durante un durante un acto masivo para celebrar el natalicio del profeta Mahoma<\/p>\n","protected":false},"author":1,"featured_media":3202,"comment_status":"closed","ping_status":"closed","sticky":false,"template":"","format":"standard","meta":{"_crdt_document":"","_jetpack_memberships_contains_paid_content":false,"footnotes":"","jetpack_publicize_message":"","jetpack_publicize_feature_enabled":true,"jetpack_social_post_already_shared":true,"jetpack_social_options":{"image_generator_settings":{"template":"highway","default_image_id":0,"font":"","enabled":false},"version":2},"_wpas_customize_per_network":false},"categories":[9],"tags":[],"class_list":["post-3201","post","type-post","status-publish","format-standard","has-post-thumbnail","hentry","category-el-mundo"],"magazineBlocksPostFeaturedMedia":{"thumbnail":"https:\/\/pornuestrolaredo.com\/wp-content\/uploads\/2023\/09\/Stereo91-20230929-1-150x150.jpg","medium":"https:\/\/pornuestrolaredo.com\/wp-content\/uploads\/2023\/09\/Stereo91-20230929-1-300x200.jpg","medium_large":"https:\/\/pornuestrolaredo.com\/wp-content\/uploads\/2023\/09\/Stereo91-20230929-1-768x512.jpg","large":"https:\/\/pornuestrolaredo.com\/wp-content\/uploads\/2023\/09\/Stereo91-20230929-1-1000x667.jpg","1536x1536":"https:\/\/pornuestrolaredo.com\/wp-content\/uploads\/2023\/09\/Stereo91-20230929-1.jpg","2048x2048":"https:\/\/pornuestrolaredo.com\/wp-content\/uploads\/2023\/09\/Stereo91-20230929-1.jpg","morenews-large":"https:\/\/pornuestrolaredo.com\/wp-content\/uploads\/2023\/09\/Stereo91-20230929-1.jpg","morenews-medium":"https:\/\/pornuestrolaredo.com\/wp-content\/uploads\/2023\/09\/Stereo91-20230929-1.jpg"},"magazineBlocksPostAuthor":{"name":"Redactor","avatar":"https:\/\/pornuestrolaredo.com\/wp-content\/litespeed\/avatar\/dca1d7ec750c399f025f23b0b314f4cf.jpg?ver=1777612120"},"magazineBlocksPostCommentsNumber":false,"magazineBlocksPostExcerpt":"El atentado ocurri\u00f3 durante un durante un acto masivo para celebrar el natalicio del profeta Mahoma","magazineBlocksPostCategories":["El Mundo"],"magazineBlocksPostViewCount":136,"magazineBlocksPostReadTime":3,"magazine_blocks_featured_image_url":{"full":["https:\/\/pornuestrolaredo.com\/wp-content\/uploads\/2023\/09\/Stereo91-20230929-1.jpg",1440,960,false],"medium":["https:\/\/pornuestrolaredo.com\/wp-content\/uploads\/2023\/09\/Stereo91-20230929-1-300x200.jpg",300,200,true],"thumbnail":["https:\/\/pornuestrolaredo.com\/wp-content\/uploads\/2023\/09\/Stereo91-20230929-1-150x150.jpg",150,150,true]},"magazine_blocks_author":{"display_name":"Redactor","author_link":"https:\/\/pornuestrolaredo.com\/?author=1"},"magazine_blocks_comment":0,"magazine_blocks_author_image":"https:\/\/pornuestrolaredo.com\/wp-content\/litespeed\/avatar\/dca1d7ec750c399f025f23b0b314f4cf.jpg?ver=1777612120","magazine_blocks_category":"<a href=\"#\" class=\"category-link category-link-9\">El Mundo<\/a>","jetpack_publicize_connections":[],"featured_image_urls":{"full":["https:\/\/pornuestrolaredo.com\/wp-content\/uploads\/2023\/09\/Stereo91-20230929-1.jpg",1440,960,false],"thumbnail":["https:\/\/pornuestrolaredo.com\/wp-content\/uploads\/2023\/09\/Stereo91-20230929-1-150x150.jpg",150,150,true],"medium":["https:\/\/pornuestrolaredo.com\/wp-content\/uploads\/2023\/09\/Stereo91-20230929-1-300x200.jpg",300,200,true],"medium_large":["https:\/\/pornuestrolaredo.com\/wp-content\/uploads\/2023\/09\/Stereo91-20230929-1-768x512.jpg",640,427,true],"large":["https:\/\/pornuestrolaredo.com\/wp-content\/uploads\/2023\/09\/Stereo91-20230929-1-1000x667.jpg",640,427,true],"1536x1536":["https:\/\/pornuestrolaredo.com\/wp-content\/uploads\/2023\/09\/Stereo91-20230929-1.jpg",1440,960,false],"2048x2048":["https:\/\/pornuestrolaredo.com\/wp-content\/uploads\/2023\/09\/Stereo91-20230929-1.jpg",1440,960,false],"morenews-large":["https:\/\/pornuestrolaredo.com\/wp-content\/uploads\/2023\/09\/Stereo91-20230929-1.jpg",825,550,false],"morenews-medium":["https:\/\/pornuestrolaredo.com\/wp-content\/uploads\/2023\/09\/Stereo91-20230929-1.jpg",590,393,false]},"author_info":{"info":["Redactor"]},"category_info":"<a href=\"https:\/\/pornuestrolaredo.com\/?cat=9\" rel=\"category\">El Mundo<\/a>","tag_info":"El Mundo","comment_count":"0","jetpack_featured_media_url":"https:\/\/pornuestrolaredo.com\/wp-content\/uploads\/2023\/09\/Stereo91-20230929-1.jpg","jetpack_sharing_enabled":true,"_links":{"self":[{"href":"https:\/\/pornuestrolaredo.com\/index.php?rest_route=\/wp\/v2\/posts\/3201","targetHints":{"allow":["GET"]}}],"collection":[{"href":"https:\/\/pornuestrolaredo.com\/index.php?rest_route=\/wp\/v2\/posts"}],"about":[{"href":"https:\/\/pornuestrolaredo.com\/index.php?rest_route=\/wp\/v2\/types\/post"}],"author":[{"embeddable":true,"href":"https:\/\/pornuestrolaredo.com\/index.php?rest_route=\/wp\/v2\/users\/1"}],"replies":[{"embeddable":true,"href":"https:\/\/pornuestrolaredo.com\/index.php?rest_route=%2Fwp%2Fv2%2Fcomments&post=3201"}],"version-history":[{"count":1,"href":"https:\/\/pornuestrolaredo.com\/index.php?rest_route=\/wp\/v2\/posts\/3201\/revisions"}],"predecessor-version":[{"id":3203,"href":"https:\/\/pornuestrolaredo.com\/index.php?rest_route=\/wp\/v2\/posts\/3201\/revisions\/3203"}],"wp:featuredmedia":[{"embeddable":true,"href":"https:\/\/pornuestrolaredo.com\/index.php?rest_route=\/wp\/v2\/media\/3202"}],"wp:attachment":[{"href":"https:\/\/pornuestrolaredo.com\/index.php?rest_route=%2Fwp%2Fv2%2Fmedia&parent=3201"}],"wp:term":[{"taxonomy":"category","embeddable":true,"href":"https:\/\/pornuestrolaredo.com\/index.php?rest_route=%2Fwp%2Fv2%2Fcategories&post=3201"},{"taxonomy":"post_tag","embeddable":true,"href":"https:\/\/pornuestrolaredo.com\/index.php?rest_route=%2Fwp%2Fv2%2Ftags&post=3201"}],"curies":[{"name":"wp","href":"https:\/\/api.w.org\/{rel}","templated":true}]}}