{"id":3208,"date":"2023-09-29T19:36:50","date_gmt":"2023-09-29T19:36:50","guid":{"rendered":"https:\/\/pornuestrolaredo.com\/?p=3208"},"modified":"2023-09-29T19:36:50","modified_gmt":"2023-09-29T19:36:50","slug":"amplian-decreto-de-regularizacion-de-vehiculos-chocolate","status":"publish","type":"post","link":"https:\/\/pornuestrolaredo.com\/?p=3208","title":{"rendered":"Ampl\u00edan decreto de regularizaci\u00f3n de veh\u00edculos \u2018chocolate\u2019"},"content":{"rendered":"<p><strong>NUEVO LAREDO.-  <\/strong>El Gobierno Federal anunci\u00f3 una nueva extensi\u00f3n del decreto para la regularizaci\u00f3n de autos de procedencia extranjera a trav\u00e9s del Registro P\u00fablico Vehicular (REPUVE) que tendr\u00e1 vigencia hasta el 31 de diciembre.<\/p>\n<p>La alcaldesa Carmen Lilia Canturosas Villarreal manifest\u00f3 que es una excelente noticia para los ciudadanos que no han tenido la oportunidad de legalizar sus autom\u00f3viles.<\/p>\n<blockquote><p>Es una gran noticia para todos los neolaredenses que se haya extendido este beneficio con el que se obtiene certeza patrimonial y m\u00e1s seguridad, hacemos la invitaci\u00f3n para que realicen el tr\u00e1mite que es a bajo costo\u201d, indic\u00f3 la presidenta municipal.<\/p><\/blockquote>\n<p>Destac\u00f3 que con este programa, adem\u00e1s de promover la legalidad, con lo recaudado se llevan a cabo obras de infraestructura urbana como pavimentaciones, repavimentaciones, construcci\u00f3n de drenaje, entre otras y se mejora la calidad de vida de los neolaredenses.<\/p>\n<p>Hasta ahora se han regularizado m\u00e1s de 40 mil veh\u00edculos mediante el m\u00f3dulo municipal en el que existen 26 carriles de operaci\u00f3n para atender de mejor manera a la poblaci\u00f3n.<\/p>\n<p>La presidenta municipal agreg\u00f3 que con el recurso obtenido mediante el REPUVE, se realizan obras de infraestructura para mejorar la imagen urbana de Nuevo Laredo.<\/p>\n<blockquote><p>Todo lo obtenido se queda en nuestra ciudad, como bien saben estamos mejorando vialidades de avenidas importantes y todo esto es crecimiento para el municipio\u201d, mencion\u00f3 la alcaldesa Carmen Lilia.<\/p><\/blockquote>\n<p>El m\u00f3dulo municipal se encuentra ubicado en Arteaga 3900, Sector Centro (Antigua Aduana) y el horario es de lunes a viernes de 8:00 de la ma\u00f1ana a 4:00 de la tarde.<\/p>\n","protected":false},"excerpt":{"rendered":"<p>Alcaldesa invita a la ciudadan\u00eda a que aprovechen los beneficios y utilicen el m\u00f3dulo de 26 carriles en la Antigua Aduana<\/p>\n","protected":false},"author":1,"featured_media":3209,"comment_status":"closed","ping_status":"closed","sticky":false,"template":"","format":"standard","meta":{"_crdt_document":"","_jetpack_memberships_contains_paid_content":false,"footnotes":"","jetpack_publicize_message":"","jetpack_publicize_feature_enabled":true,"jetpack_social_post_already_shared":true,"jetpack_social_options":{"image_generator_settings":{"template":"highway","default_image_id":0,"font":"","enabled":false},"version":2},"_wpas_customize_per_network":false},"categories":[4],"tags":[],"class_list":["post-3208","post","type-post","status-publish","format-standard","has-post-thumbnail","hentry","category-los-dos-laredos"],"magazineBlocksPostFeaturedMedia":{"thumbnail":"https:\/\/pornuestrolaredo.com\/wp-content\/uploads\/2023\/09\/Stereo91-20230929-3-150x150.jpg","medium":"https:\/\/pornuestrolaredo.com\/wp-content\/uploads\/2023\/09\/Stereo91-20230929-3-300x187.jpg","medium_large":"https:\/\/pornuestrolaredo.com\/wp-content\/uploads\/2023\/09\/Stereo91-20230929-3-768x479.jpg","large":"https:\/\/pornuestrolaredo.com\/wp-content\/uploads\/2023\/09\/Stereo91-20230929-3.jpg","1536x1536":"https:\/\/pornuestrolaredo.com\/wp-content\/uploads\/2023\/09\/Stereo91-20230929-3.jpg","2048x2048":"https:\/\/pornuestrolaredo.com\/wp-content\/uploads\/2023\/09\/Stereo91-20230929-3.jpg","morenews-large":"https:\/\/pornuestrolaredo.com\/wp-content\/uploads\/2023\/09\/Stereo91-20230929-3.jpg","morenews-medium":"https:\/\/pornuestrolaredo.com\/wp-content\/uploads\/2023\/09\/Stereo91-20230929-3.jpg"},"magazineBlocksPostAuthor":{"name":"Redactor","avatar":"https:\/\/pornuestrolaredo.com\/wp-content\/litespeed\/avatar\/dca1d7ec750c399f025f23b0b314f4cf.jpg?ver=1777612120"},"magazineBlocksPostCommentsNumber":false,"magazineBlocksPostExcerpt":"Alcaldesa invita a la ciudadan\u00eda a que aprovechen los beneficios y utilicen el m\u00f3dulo de 26 carriles en la Antigua Aduana","magazineBlocksPostCategories":["Los dos Laredos"],"magazineBlocksPostViewCount":148,"magazineBlocksPostReadTime":2,"magazine_blocks_featured_image_url":{"full":["https:\/\/pornuestrolaredo.com\/wp-content\/uploads\/2023\/09\/Stereo91-20230929-3.jpg",960,599,false],"medium":["https:\/\/pornuestrolaredo.com\/wp-content\/uploads\/2023\/09\/Stereo91-20230929-3-300x187.jpg",300,187,true],"thumbnail":["https:\/\/pornuestrolaredo.com\/wp-content\/uploads\/2023\/09\/Stereo91-20230929-3-150x150.jpg",150,150,true]},"magazine_blocks_author":{"display_name":"Redactor","author_link":"https:\/\/pornuestrolaredo.com\/?author=1"},"magazine_blocks_comment":0,"magazine_blocks_author_image":"https:\/\/pornuestrolaredo.com\/wp-content\/litespeed\/avatar\/dca1d7ec750c399f025f23b0b314f4cf.jpg?ver=1777612120","magazine_blocks_category":"<a href=\"#\" class=\"category-link category-link-4\">Los dos Laredos<\/a>","jetpack_publicize_connections":[],"featured_image_urls":{"full":["https:\/\/pornuestrolaredo.com\/wp-content\/uploads\/2023\/09\/Stereo91-20230929-3.jpg",960,599,false],"thumbnail":["https:\/\/pornuestrolaredo.com\/wp-content\/uploads\/2023\/09\/Stereo91-20230929-3-150x150.jpg",150,150,true],"medium":["https:\/\/pornuestrolaredo.com\/wp-content\/uploads\/2023\/09\/Stereo91-20230929-3-300x187.jpg",300,187,true],"medium_large":["https:\/\/pornuestrolaredo.com\/wp-content\/uploads\/2023\/09\/Stereo91-20230929-3-768x479.jpg",640,399,true],"large":["https:\/\/pornuestrolaredo.com\/wp-content\/uploads\/2023\/09\/Stereo91-20230929-3.jpg",640,399,false],"1536x1536":["https:\/\/pornuestrolaredo.com\/wp-content\/uploads\/2023\/09\/Stereo91-20230929-3.jpg",960,599,false],"2048x2048":["https:\/\/pornuestrolaredo.com\/wp-content\/uploads\/2023\/09\/Stereo91-20230929-3.jpg",960,599,false],"morenews-large":["https:\/\/pornuestrolaredo.com\/wp-content\/uploads\/2023\/09\/Stereo91-20230929-3.jpg",825,515,false],"morenews-medium":["https:\/\/pornuestrolaredo.com\/wp-content\/uploads\/2023\/09\/Stereo91-20230929-3.jpg",590,368,false]},"author_info":{"info":["Redactor"]},"category_info":"<a href=\"https:\/\/pornuestrolaredo.com\/?cat=4\" rel=\"category\">Los dos Laredos<\/a>","tag_info":"Los dos Laredos","comment_count":"0","jetpack_featured_media_url":"https:\/\/pornuestrolaredo.com\/wp-content\/uploads\/2023\/09\/Stereo91-20230929-3.jpg","jetpack_sharing_enabled":true,"_links":{"self":[{"href":"https:\/\/pornuestrolaredo.com\/index.php?rest_route=\/wp\/v2\/posts\/3208","targetHints":{"allow":["GET"]}}],"collection":[{"href":"https:\/\/pornuestrolaredo.com\/index.php?rest_route=\/wp\/v2\/posts"}],"about":[{"href":"https:\/\/pornuestrolaredo.com\/index.php?rest_route=\/wp\/v2\/types\/post"}],"author":[{"embeddable":true,"href":"https:\/\/pornuestrolaredo.com\/index.php?rest_route=\/wp\/v2\/users\/1"}],"replies":[{"embeddable":true,"href":"https:\/\/pornuestrolaredo.com\/index.php?rest_route=%2Fwp%2Fv2%2Fcomments&post=3208"}],"version-history":[{"count":1,"href":"https:\/\/pornuestrolaredo.com\/index.php?rest_route=\/wp\/v2\/posts\/3208\/revisions"}],"predecessor-version":[{"id":3210,"href":"https:\/\/pornuestrolaredo.com\/index.php?rest_route=\/wp\/v2\/posts\/3208\/revisions\/3210"}],"wp:featuredmedia":[{"embeddable":true,"href":"https:\/\/pornuestrolaredo.com\/index.php?rest_route=\/wp\/v2\/media\/3209"}],"wp:attachment":[{"href":"https:\/\/pornuestrolaredo.com\/index.php?rest_route=%2Fwp%2Fv2%2Fmedia&parent=3208"}],"wp:term":[{"taxonomy":"category","embeddable":true,"href":"https:\/\/pornuestrolaredo.com\/index.php?rest_route=%2Fwp%2Fv2%2Fcategories&post=3208"},{"taxonomy":"post_tag","embeddable":true,"href":"https:\/\/pornuestrolaredo.com\/index.php?rest_route=%2Fwp%2Fv2%2Ftags&post=3208"}],"curies":[{"name":"wp","href":"https:\/\/api.w.org\/{rel}","templated":true}]}}