{"id":3211,"date":"2023-09-29T19:50:32","date_gmt":"2023-09-29T19:50:32","guid":{"rendered":"https:\/\/pornuestrolaredo.com\/?p=3211"},"modified":"2023-09-29T19:50:32","modified_gmt":"2023-09-29T19:50:32","slug":"analizan-fragmentos-de-asteoride-en-la-tierra","status":"publish","type":"post","link":"https:\/\/pornuestrolaredo.com\/?p=3211","title":{"rendered":"Analizan fragmentos de asteoride en la Tierra"},"content":{"rendered":"<p>HOUSTON.- La NASA abri\u00f3 el martes la sonda de la misi\u00f3n Osiris-Rex que recolect\u00f3 fragmentos de un asteroide y anunci\u00f3 que hall\u00f3 &#8220;polvo negro y restos&#8221; en su interior, aunque a\u00fan no ha examinado el grueso de la muestra.<\/p>\n<p>Siete a\u00f1os despu\u00e9s de su despegue, la sonda aterriz\u00f3 el domingo en el desierto estadounidense en Utah, tras una maniobra de alto riesgo. <\/p>\n<p>La muestra, tomada en 2020 del asteroide Bennu, contiene alrededor de 250 gramos de material, seg\u00fan estimaciones de la agencia espacial estadunidense.<\/p>\n<p>Durante aquella operaci\u00f3n, la NASA se percat\u00f3 de que la tapa del recipiente colector no pod\u00eda cerrarse. Pero finalmente se logr\u00f3 asegurar la muestra y transferir a la sonda de acuerdo con lo previsto. <\/p>\n<p>Sin embargo, debido a este fallo, los cient\u00edficos esperaban encontrar restos de la muestra fuera del compartimento de recolecci\u00f3n, en la caja donde estaba colocado. <\/p>\n<p>El martes se abri\u00f3 una primera tapa en una c\u00e1mara herm\u00e9tica del Centro Espacial Johnson en Houston, Texas. <\/p>\n<p>Los equipos de la NASA inmediatamente &#8220;encontraron polvo negro y restos&#8221;, anunci\u00f3 la agencia espacial, sin precisar si se trataba de fragmentos de asteroide. <\/p>\n<p>Este material ser\u00e1 analizado y se llevar\u00e1 a cabo un &#8220;cuidadoso proceso de desmontaje&#8221; del compartimento de recogida, &#8220;para poder acceder a la muestra principal que se encuentra en su interior&#8221;, escribi\u00f3 la agencia espacial. <\/p>\n<p>Est\u00e1 prevista una conferencia de prensa para el 11 de octubre para &#8220;dar a conocer la muestra&#8221;. <\/p>\n<p>El an\u00e1lisis de la composici\u00f3n del asteroide Bennu permitir\u00e1 a los cient\u00edficos comprender mejor c\u00f3mo se form\u00f3 el Sistema Solar y c\u00f3mo se volvi\u00f3 habitable la Tierra.<\/p>\n<p>Los cient\u00edficos creen que ese cuerpo espacial (de 500 metros de di\u00e1metro) es rico en carbono y contiene mol\u00e9culas de agua encerradas en minerales.<\/p>\n<p>Existe un peque\u00f1o riesgo (una probabilidad en 2 mil 700) de que Bennu golpee la Tierra en 2182, lo cual ser\u00eda catastr\u00f3fico. En 2022, la NASA logr\u00f3 desviar la trayectoria de un asteroide impact\u00e1ndolo.<\/p>\n","protected":false},"excerpt":{"rendered":"<p>Se trata de polvo negro que la sonda de la misi\u00f3n Osiris-Rex recolect\u00f3 de Bennu y que trajo al planeta antes de reiniciar su viaje por el espacio<\/p>\n","protected":false},"author":1,"featured_media":3212,"comment_status":"closed","ping_status":"closed","sticky":false,"template":"","format":"standard","meta":{"_crdt_document":"","_jetpack_memberships_contains_paid_content":false,"footnotes":"","jetpack_publicize_message":"","jetpack_publicize_feature_enabled":true,"jetpack_social_post_already_shared":true,"jetpack_social_options":{"image_generator_settings":{"template":"highway","default_image_id":0,"font":"","enabled":false},"version":2},"_wpas_customize_per_network":false},"categories":[9],"tags":[],"class_list":["post-3211","post","type-post","status-publish","format-standard","has-post-thumbnail","hentry","category-el-mundo"],"magazineBlocksPostFeaturedMedia":{"thumbnail":"https:\/\/pornuestrolaredo.com\/wp-content\/uploads\/2023\/09\/Stereo91-20230929-5-150x150.jpg","medium":"https:\/\/pornuestrolaredo.com\/wp-content\/uploads\/2023\/09\/Stereo91-20230929-5-300x194.jpg","medium_large":"https:\/\/pornuestrolaredo.com\/wp-content\/uploads\/2023\/09\/Stereo91-20230929-5-768x496.jpg","large":"https:\/\/pornuestrolaredo.com\/wp-content\/uploads\/2023\/09\/Stereo91-20230929-5.jpg","1536x1536":"https:\/\/pornuestrolaredo.com\/wp-content\/uploads\/2023\/09\/Stereo91-20230929-5.jpg","2048x2048":"https:\/\/pornuestrolaredo.com\/wp-content\/uploads\/2023\/09\/Stereo91-20230929-5.jpg","morenews-large":"https:\/\/pornuestrolaredo.com\/wp-content\/uploads\/2023\/09\/Stereo91-20230929-5.jpg","morenews-medium":"https:\/\/pornuestrolaredo.com\/wp-content\/uploads\/2023\/09\/Stereo91-20230929-5.jpg"},"magazineBlocksPostAuthor":{"name":"Redactor","avatar":"https:\/\/pornuestrolaredo.com\/wp-content\/litespeed\/avatar\/dca1d7ec750c399f025f23b0b314f4cf.jpg?ver=1777612120"},"magazineBlocksPostCommentsNumber":false,"magazineBlocksPostExcerpt":"Se trata de polvo negro que la sonda de la misi\u00f3n Osiris-Rex recolect\u00f3 de Bennu y que trajo al planeta antes de reiniciar su viaje por el espacio","magazineBlocksPostCategories":["El Mundo"],"magazineBlocksPostViewCount":136,"magazineBlocksPostReadTime":2,"magazine_blocks_featured_image_url":{"full":["https:\/\/pornuestrolaredo.com\/wp-content\/uploads\/2023\/09\/Stereo91-20230929-5.jpg",800,517,false],"medium":["https:\/\/pornuestrolaredo.com\/wp-content\/uploads\/2023\/09\/Stereo91-20230929-5-300x194.jpg",300,194,true],"thumbnail":["https:\/\/pornuestrolaredo.com\/wp-content\/uploads\/2023\/09\/Stereo91-20230929-5-150x150.jpg",150,150,true]},"magazine_blocks_author":{"display_name":"Redactor","author_link":"https:\/\/pornuestrolaredo.com\/?author=1"},"magazine_blocks_comment":0,"magazine_blocks_author_image":"https:\/\/pornuestrolaredo.com\/wp-content\/litespeed\/avatar\/dca1d7ec750c399f025f23b0b314f4cf.jpg?ver=1777612120","magazine_blocks_category":"<a href=\"#\" class=\"category-link category-link-9\">El Mundo<\/a>","jetpack_publicize_connections":[],"featured_image_urls":{"full":["https:\/\/pornuestrolaredo.com\/wp-content\/uploads\/2023\/09\/Stereo91-20230929-5.jpg",800,517,false],"thumbnail":["https:\/\/pornuestrolaredo.com\/wp-content\/uploads\/2023\/09\/Stereo91-20230929-5-150x150.jpg",150,150,true],"medium":["https:\/\/pornuestrolaredo.com\/wp-content\/uploads\/2023\/09\/Stereo91-20230929-5-300x194.jpg",300,194,true],"medium_large":["https:\/\/pornuestrolaredo.com\/wp-content\/uploads\/2023\/09\/Stereo91-20230929-5-768x496.jpg",640,413,true],"large":["https:\/\/pornuestrolaredo.com\/wp-content\/uploads\/2023\/09\/Stereo91-20230929-5.jpg",640,414,false],"1536x1536":["https:\/\/pornuestrolaredo.com\/wp-content\/uploads\/2023\/09\/Stereo91-20230929-5.jpg",800,517,false],"2048x2048":["https:\/\/pornuestrolaredo.com\/wp-content\/uploads\/2023\/09\/Stereo91-20230929-5.jpg",800,517,false],"morenews-large":["https:\/\/pornuestrolaredo.com\/wp-content\/uploads\/2023\/09\/Stereo91-20230929-5.jpg",800,517,false],"morenews-medium":["https:\/\/pornuestrolaredo.com\/wp-content\/uploads\/2023\/09\/Stereo91-20230929-5.jpg",590,381,false]},"author_info":{"info":["Redactor"]},"category_info":"<a href=\"https:\/\/pornuestrolaredo.com\/?cat=9\" rel=\"category\">El Mundo<\/a>","tag_info":"El Mundo","comment_count":"0","jetpack_featured_media_url":"https:\/\/pornuestrolaredo.com\/wp-content\/uploads\/2023\/09\/Stereo91-20230929-5.jpg","jetpack_sharing_enabled":true,"_links":{"self":[{"href":"https:\/\/pornuestrolaredo.com\/index.php?rest_route=\/wp\/v2\/posts\/3211","targetHints":{"allow":["GET"]}}],"collection":[{"href":"https:\/\/pornuestrolaredo.com\/index.php?rest_route=\/wp\/v2\/posts"}],"about":[{"href":"https:\/\/pornuestrolaredo.com\/index.php?rest_route=\/wp\/v2\/types\/post"}],"author":[{"embeddable":true,"href":"https:\/\/pornuestrolaredo.com\/index.php?rest_route=\/wp\/v2\/users\/1"}],"replies":[{"embeddable":true,"href":"https:\/\/pornuestrolaredo.com\/index.php?rest_route=%2Fwp%2Fv2%2Fcomments&post=3211"}],"version-history":[{"count":1,"href":"https:\/\/pornuestrolaredo.com\/index.php?rest_route=\/wp\/v2\/posts\/3211\/revisions"}],"predecessor-version":[{"id":3213,"href":"https:\/\/pornuestrolaredo.com\/index.php?rest_route=\/wp\/v2\/posts\/3211\/revisions\/3213"}],"wp:featuredmedia":[{"embeddable":true,"href":"https:\/\/pornuestrolaredo.com\/index.php?rest_route=\/wp\/v2\/media\/3212"}],"wp:attachment":[{"href":"https:\/\/pornuestrolaredo.com\/index.php?rest_route=%2Fwp%2Fv2%2Fmedia&parent=3211"}],"wp:term":[{"taxonomy":"category","embeddable":true,"href":"https:\/\/pornuestrolaredo.com\/index.php?rest_route=%2Fwp%2Fv2%2Fcategories&post=3211"},{"taxonomy":"post_tag","embeddable":true,"href":"https:\/\/pornuestrolaredo.com\/index.php?rest_route=%2Fwp%2Fv2%2Ftags&post=3211"}],"curies":[{"name":"wp","href":"https:\/\/api.w.org\/{rel}","templated":true}]}}