{"id":3215,"date":"2023-10-01T06:30:24","date_gmt":"2023-10-01T06:30:24","guid":{"rendered":"https:\/\/pornuestrolaredo.com\/?p=3215"},"modified":"2023-10-01T06:39:17","modified_gmt":"2023-10-01T06:39:17","slug":"domina-caneloy-vence-a-charlo-decision-unanime","status":"publish","type":"post","link":"https:\/\/pornuestrolaredo.com\/?p=3215","title":{"rendered":"Domina \u2018Canelo\u2019y vence a Charlo por decisi\u00f3n un\u00e1nime"},"content":{"rendered":"<p><strong><em>LAS VEGAS.-<\/em> <\/strong>Sa\u00fal \u201cCanelo\u201d Alvarez, el campe\u00f3n unificado de los supermedianos, domin\u00f3 el s\u00e1bado a Jermell Charlo, se impuso por decisi\u00f3n un\u00e1nime y acall\u00f3 quiz\u00e1s las cr\u00edticas que anticipaban su declive como p\u00fagil.<\/p>\n<p>El mexicano se impuso por anotaciones de 119-108, 118-109 y 118-109. Charlo, monarca unificado de los superwelter, subi\u00f3 dos categor\u00edas para enfrentar al \u201cCanelo\u201d.<\/p>\n<p>Pese a que fue el estadounidense quien ascendi\u00f3 dos divisiones, es cuatro pulgadas (10 cent\u00edmetros) m\u00e1s alto que \u00c1lvarez, que mide 5 pies y 8 pulgadas (1,72 metros). Charlo (35-2-1) tiene adem\u00e1s ventaja de dos pulgadas y media (m\u00e1s de 6 cent\u00edmetros) en el alcance.<\/p>\n<p>Nada de eso import\u00f3.<\/p>\n<p>Recientemente, hab\u00edan surgido comentarios seg\u00fan los cuales \u00c1lvarez (60-2-2) comenzaba su decadencia. Qued\u00f3 claro que la opini\u00f3n del \u201cCanelo\u201d es distinta. Luci\u00f3 como en sus mejores combates.<\/p>\n<p>Antes de este compromiso, hab\u00eda perdido por decisi\u00f3n un\u00e1nime ante Dmitry Bivol en mayo de 2022, gan\u00f3 por decisi\u00f3n un\u00e1nime hace un a\u00f1o ante un Gennady Golovkin lejos de su plenitud, y en mayo hab\u00eda doblegado por fallo un\u00e1nime a John Ryder.<\/p>\n<p>Ahora, el peleador de Guadalajara puede mirar al futuro. El presidente del Consejo Mundial de Boxeo, Mauricio Sulaim\u00e1n, ha declarado que el m\u00e9xico-estadounidense David Benav\u00eddez ser\u00e1 el retador obligatorio por el cintur\u00f3n de los supermedianos.<\/p>\n<p>Pero \u00c1lvarez no se ha comprometido a enfrentar a Benav\u00eddez, de 26 a\u00f1os y quien tiene un registro de 27-0 con 23 nocauts. Si el \u201cCanelo\u201d vence a Charlo y se niega a pelear con Benav\u00eddez, el CMB podr\u00eda declarar vacante su campeonato.<\/p>\n","protected":false},"excerpt":{"rendered":"<p>El mexicano se impuso por anotaciones de 119-108, 118-109 y 118-109<\/p>\n","protected":false},"author":1,"featured_media":3216,"comment_status":"closed","ping_status":"closed","sticky":false,"template":"","format":"standard","meta":{"_crdt_document":"","_jetpack_memberships_contains_paid_content":false,"footnotes":"","jetpack_publicize_message":"","jetpack_publicize_feature_enabled":true,"jetpack_social_post_already_shared":true,"jetpack_social_options":{"image_generator_settings":{"template":"highway","default_image_id":0,"font":"","enabled":false},"version":2},"_wpas_customize_per_network":false},"categories":[10],"tags":[],"class_list":["post-3215","post","type-post","status-publish","format-standard","has-post-thumbnail","hentry","category-deportes"],"magazineBlocksPostFeaturedMedia":{"thumbnail":"https:\/\/pornuestrolaredo.com\/wp-content\/uploads\/2023\/10\/Stereo91-20230930-1-150x150.jpg","medium":"https:\/\/pornuestrolaredo.com\/wp-content\/uploads\/2023\/10\/Stereo91-20230930-1-300x200.jpg","medium_large":"https:\/\/pornuestrolaredo.com\/wp-content\/uploads\/2023\/10\/Stereo91-20230930-1-768x512.jpg","large":"https:\/\/pornuestrolaredo.com\/wp-content\/uploads\/2023\/10\/Stereo91-20230930-1.jpg","1536x1536":"https:\/\/pornuestrolaredo.com\/wp-content\/uploads\/2023\/10\/Stereo91-20230930-1.jpg","2048x2048":"https:\/\/pornuestrolaredo.com\/wp-content\/uploads\/2023\/10\/Stereo91-20230930-1.jpg","morenews-large":"https:\/\/pornuestrolaredo.com\/wp-content\/uploads\/2023\/10\/Stereo91-20230930-1.jpg","morenews-medium":"https:\/\/pornuestrolaredo.com\/wp-content\/uploads\/2023\/10\/Stereo91-20230930-1.jpg"},"magazineBlocksPostAuthor":{"name":"Redactor","avatar":"https:\/\/pornuestrolaredo.com\/wp-content\/litespeed\/avatar\/dca1d7ec750c399f025f23b0b314f4cf.jpg?ver=1777612120"},"magazineBlocksPostCommentsNumber":false,"magazineBlocksPostExcerpt":"El mexicano se impuso por anotaciones de 119-108, 118-109 y 118-109","magazineBlocksPostCategories":["Deportes"],"magazineBlocksPostViewCount":119,"magazineBlocksPostReadTime":2,"magazine_blocks_featured_image_url":{"full":["https:\/\/pornuestrolaredo.com\/wp-content\/uploads\/2023\/10\/Stereo91-20230930-1.jpg",850,567,false],"medium":["https:\/\/pornuestrolaredo.com\/wp-content\/uploads\/2023\/10\/Stereo91-20230930-1-300x200.jpg",300,200,true],"thumbnail":["https:\/\/pornuestrolaredo.com\/wp-content\/uploads\/2023\/10\/Stereo91-20230930-1-150x150.jpg",150,150,true]},"magazine_blocks_author":{"display_name":"Redactor","author_link":"https:\/\/pornuestrolaredo.com\/?author=1"},"magazine_blocks_comment":0,"magazine_blocks_author_image":"https:\/\/pornuestrolaredo.com\/wp-content\/litespeed\/avatar\/dca1d7ec750c399f025f23b0b314f4cf.jpg?ver=1777612120","magazine_blocks_category":"<a href=\"#\" class=\"category-link category-link-10\">Deportes<\/a>","jetpack_publicize_connections":[],"featured_image_urls":{"full":["https:\/\/pornuestrolaredo.com\/wp-content\/uploads\/2023\/10\/Stereo91-20230930-1.jpg",850,567,false],"thumbnail":["https:\/\/pornuestrolaredo.com\/wp-content\/uploads\/2023\/10\/Stereo91-20230930-1-150x150.jpg",150,150,true],"medium":["https:\/\/pornuestrolaredo.com\/wp-content\/uploads\/2023\/10\/Stereo91-20230930-1-300x200.jpg",300,200,true],"medium_large":["https:\/\/pornuestrolaredo.com\/wp-content\/uploads\/2023\/10\/Stereo91-20230930-1-768x512.jpg",640,427,true],"large":["https:\/\/pornuestrolaredo.com\/wp-content\/uploads\/2023\/10\/Stereo91-20230930-1.jpg",640,427,false],"1536x1536":["https:\/\/pornuestrolaredo.com\/wp-content\/uploads\/2023\/10\/Stereo91-20230930-1.jpg",850,567,false],"2048x2048":["https:\/\/pornuestrolaredo.com\/wp-content\/uploads\/2023\/10\/Stereo91-20230930-1.jpg",850,567,false],"morenews-large":["https:\/\/pornuestrolaredo.com\/wp-content\/uploads\/2023\/10\/Stereo91-20230930-1.jpg",825,550,false],"morenews-medium":["https:\/\/pornuestrolaredo.com\/wp-content\/uploads\/2023\/10\/Stereo91-20230930-1.jpg",590,394,false]},"author_info":{"info":["Redactor"]},"category_info":"<a href=\"https:\/\/pornuestrolaredo.com\/?cat=10\" rel=\"category\">Deportes<\/a>","tag_info":"Deportes","comment_count":"0","jetpack_featured_media_url":"https:\/\/pornuestrolaredo.com\/wp-content\/uploads\/2023\/10\/Stereo91-20230930-1.jpg","jetpack_sharing_enabled":true,"_links":{"self":[{"href":"https:\/\/pornuestrolaredo.com\/index.php?rest_route=\/wp\/v2\/posts\/3215","targetHints":{"allow":["GET"]}}],"collection":[{"href":"https:\/\/pornuestrolaredo.com\/index.php?rest_route=\/wp\/v2\/posts"}],"about":[{"href":"https:\/\/pornuestrolaredo.com\/index.php?rest_route=\/wp\/v2\/types\/post"}],"author":[{"embeddable":true,"href":"https:\/\/pornuestrolaredo.com\/index.php?rest_route=\/wp\/v2\/users\/1"}],"replies":[{"embeddable":true,"href":"https:\/\/pornuestrolaredo.com\/index.php?rest_route=%2Fwp%2Fv2%2Fcomments&post=3215"}],"version-history":[{"count":3,"href":"https:\/\/pornuestrolaredo.com\/index.php?rest_route=\/wp\/v2\/posts\/3215\/revisions"}],"predecessor-version":[{"id":3219,"href":"https:\/\/pornuestrolaredo.com\/index.php?rest_route=\/wp\/v2\/posts\/3215\/revisions\/3219"}],"wp:featuredmedia":[{"embeddable":true,"href":"https:\/\/pornuestrolaredo.com\/index.php?rest_route=\/wp\/v2\/media\/3216"}],"wp:attachment":[{"href":"https:\/\/pornuestrolaredo.com\/index.php?rest_route=%2Fwp%2Fv2%2Fmedia&parent=3215"}],"wp:term":[{"taxonomy":"category","embeddable":true,"href":"https:\/\/pornuestrolaredo.com\/index.php?rest_route=%2Fwp%2Fv2%2Fcategories&post=3215"},{"taxonomy":"post_tag","embeddable":true,"href":"https:\/\/pornuestrolaredo.com\/index.php?rest_route=%2Fwp%2Fv2%2Ftags&post=3215"}],"curies":[{"name":"wp","href":"https:\/\/api.w.org\/{rel}","templated":true}]}}