{"id":3230,"date":"2023-10-05T05:10:13","date_gmt":"2023-10-05T05:10:13","guid":{"rendered":"https:\/\/pornuestrolaredo.com\/?p=3230"},"modified":"2023-10-05T05:10:27","modified_gmt":"2023-10-05T05:10:27","slug":"3230","status":"publish","type":"post","link":"https:\/\/pornuestrolaredo.com\/?p=3230","title":{"rendered":"Apu\u00f1ala adolescente a su maestra de Espa\u00f1ol"},"content":{"rendered":"<p><strong><em>SALTILLO.-<\/em><\/strong> Un alumno de la Secundaria N\u00famero 1 de Ramos Arizpe, Coahuila, atac\u00f3 en plena clase con un arma blanca a su maestra, quien result\u00f3 con lesiones que no fueron consideradas como graves.<\/p>\n<p>Medios locales se\u00f1alaron que, despu\u00e9s de herir a la maestra de la materia de Espa\u00f1ol, el joven habr\u00eda intentado quitarse la vida.<\/p>\n<p>Se desconoce el motivo de la agresi\u00f3n.<\/p>\n<blockquote><p>La tarde de este mi\u00e9rcoles, en la Escuela Secundaria General 1, Rub\u00e9n Humberto Moreira Flores, en el Municipio de Ramos Arizpe, una maestra fue agredida con un arma blanca por un joven identificado como alumno de la misma instituci\u00f3n, hecho que es investigado por las autoridades correspondientes para determinar la responsabilidad y consignar los hechos ante quien corresponda&#8221;, inform\u00f3 el Gobierno de Coahuila.<\/p><\/blockquote>\n<blockquote><p>La maestra fue trasladada a una instituci\u00f3n m\u00e9dica, donde fue atendida de las heridas, que no son de gravedad&#8221;.<\/p><\/blockquote>\n<p>El joven tambi\u00e9n fue trasladado en ambulancia a un hospital de Ramos Arizpe.<\/p>\n<p>Si bien, una versi\u00f3n habla de que el joven atac\u00f3 a su maestra, otra expone que la docente result\u00f3 lesionada cuando, al ver que el joven manipulaba de forma peligrosa el arma blanca, intent\u00f3 quit\u00e1rsela para que no se lastimara, aunque al final ambos resultaron heridos.<\/p>\n<p>Personal de la instituci\u00f3n dio parte al 911 y solicit\u00f3 la presencia de un agente del Ministerio P\u00fablico.<\/p>\n<p>El Gobierno estatal dijo que, como medida de precauci\u00f3n, se fortalecer\u00e1 el &#8220;operativo mochila&#8221;, que consiste en revisar las pertenencias de los alumnos al ingresar a los planteles.<\/p>\n","protected":false},"excerpt":{"rendered":"<p>Medios locales se\u00f1alaron que, despu\u00e9s de herir a la docente, el joven habr\u00eda intentado quitarse la vida<\/p>\n","protected":false},"author":1,"featured_media":3231,"comment_status":"closed","ping_status":"closed","sticky":false,"template":"","format":"standard","meta":{"_crdt_document":"","_jetpack_memberships_contains_paid_content":false,"footnotes":"","jetpack_publicize_message":"","jetpack_publicize_feature_enabled":true,"jetpack_social_post_already_shared":true,"jetpack_social_options":{"image_generator_settings":{"template":"highway","default_image_id":0,"font":"","enabled":false},"version":2},"_wpas_customize_per_network":false},"categories":[33],"tags":[],"class_list":["post-3230","post","type-post","status-publish","format-standard","has-post-thumbnail","hentry","category-mexico"],"magazineBlocksPostFeaturedMedia":{"thumbnail":"https:\/\/pornuestrolaredo.com\/wp-content\/uploads\/2023\/10\/Stereo91-20231004-7-150x150.jpg","medium":"https:\/\/pornuestrolaredo.com\/wp-content\/uploads\/2023\/10\/Stereo91-20231004-7-300x172.jpg","medium_large":"https:\/\/pornuestrolaredo.com\/wp-content\/uploads\/2023\/10\/Stereo91-20231004-7-768x441.jpg","large":"https:\/\/pornuestrolaredo.com\/wp-content\/uploads\/2023\/10\/Stereo91-20231004-7.jpg","1536x1536":"https:\/\/pornuestrolaredo.com\/wp-content\/uploads\/2023\/10\/Stereo91-20231004-7.jpg","2048x2048":"https:\/\/pornuestrolaredo.com\/wp-content\/uploads\/2023\/10\/Stereo91-20231004-7.jpg","morenews-large":"https:\/\/pornuestrolaredo.com\/wp-content\/uploads\/2023\/10\/Stereo91-20231004-7.jpg","morenews-medium":"https:\/\/pornuestrolaredo.com\/wp-content\/uploads\/2023\/10\/Stereo91-20231004-7.jpg"},"magazineBlocksPostAuthor":{"name":"Redactor","avatar":"https:\/\/pornuestrolaredo.com\/wp-content\/litespeed\/avatar\/dca1d7ec750c399f025f23b0b314f4cf.jpg?ver=1777612120"},"magazineBlocksPostCommentsNumber":false,"magazineBlocksPostExcerpt":"Medios locales se\u00f1alaron que, despu\u00e9s de herir a la docente, el joven habr\u00eda intentado quitarse la vida","magazineBlocksPostCategories":["Mexico"],"magazineBlocksPostViewCount":132,"magazineBlocksPostReadTime":2,"magazine_blocks_featured_image_url":{"full":["https:\/\/pornuestrolaredo.com\/wp-content\/uploads\/2023\/10\/Stereo91-20231004-7.jpg",960,551,false],"medium":["https:\/\/pornuestrolaredo.com\/wp-content\/uploads\/2023\/10\/Stereo91-20231004-7-300x172.jpg",300,172,true],"thumbnail":["https:\/\/pornuestrolaredo.com\/wp-content\/uploads\/2023\/10\/Stereo91-20231004-7-150x150.jpg",150,150,true]},"magazine_blocks_author":{"display_name":"Redactor","author_link":"https:\/\/pornuestrolaredo.com\/?author=1"},"magazine_blocks_comment":0,"magazine_blocks_author_image":"https:\/\/pornuestrolaredo.com\/wp-content\/litespeed\/avatar\/dca1d7ec750c399f025f23b0b314f4cf.jpg?ver=1777612120","magazine_blocks_category":"<a href=\"#\" class=\"category-link category-link-33\">Mexico<\/a>","jetpack_publicize_connections":[],"featured_image_urls":{"full":["https:\/\/pornuestrolaredo.com\/wp-content\/uploads\/2023\/10\/Stereo91-20231004-7.jpg",960,551,false],"thumbnail":["https:\/\/pornuestrolaredo.com\/wp-content\/uploads\/2023\/10\/Stereo91-20231004-7-150x150.jpg",150,150,true],"medium":["https:\/\/pornuestrolaredo.com\/wp-content\/uploads\/2023\/10\/Stereo91-20231004-7-300x172.jpg",300,172,true],"medium_large":["https:\/\/pornuestrolaredo.com\/wp-content\/uploads\/2023\/10\/Stereo91-20231004-7-768x441.jpg",640,368,true],"large":["https:\/\/pornuestrolaredo.com\/wp-content\/uploads\/2023\/10\/Stereo91-20231004-7.jpg",640,367,false],"1536x1536":["https:\/\/pornuestrolaredo.com\/wp-content\/uploads\/2023\/10\/Stereo91-20231004-7.jpg",960,551,false],"2048x2048":["https:\/\/pornuestrolaredo.com\/wp-content\/uploads\/2023\/10\/Stereo91-20231004-7.jpg",960,551,false],"morenews-large":["https:\/\/pornuestrolaredo.com\/wp-content\/uploads\/2023\/10\/Stereo91-20231004-7.jpg",825,474,false],"morenews-medium":["https:\/\/pornuestrolaredo.com\/wp-content\/uploads\/2023\/10\/Stereo91-20231004-7.jpg",590,339,false]},"author_info":{"info":["Redactor"]},"category_info":"<a href=\"https:\/\/pornuestrolaredo.com\/?cat=33\" rel=\"category\">Mexico<\/a>","tag_info":"Mexico","comment_count":"0","jetpack_featured_media_url":"https:\/\/pornuestrolaredo.com\/wp-content\/uploads\/2023\/10\/Stereo91-20231004-7.jpg","jetpack_sharing_enabled":true,"_links":{"self":[{"href":"https:\/\/pornuestrolaredo.com\/index.php?rest_route=\/wp\/v2\/posts\/3230","targetHints":{"allow":["GET"]}}],"collection":[{"href":"https:\/\/pornuestrolaredo.com\/index.php?rest_route=\/wp\/v2\/posts"}],"about":[{"href":"https:\/\/pornuestrolaredo.com\/index.php?rest_route=\/wp\/v2\/types\/post"}],"author":[{"embeddable":true,"href":"https:\/\/pornuestrolaredo.com\/index.php?rest_route=\/wp\/v2\/users\/1"}],"replies":[{"embeddable":true,"href":"https:\/\/pornuestrolaredo.com\/index.php?rest_route=%2Fwp%2Fv2%2Fcomments&post=3230"}],"version-history":[{"count":2,"href":"https:\/\/pornuestrolaredo.com\/index.php?rest_route=\/wp\/v2\/posts\/3230\/revisions"}],"predecessor-version":[{"id":3233,"href":"https:\/\/pornuestrolaredo.com\/index.php?rest_route=\/wp\/v2\/posts\/3230\/revisions\/3233"}],"wp:featuredmedia":[{"embeddable":true,"href":"https:\/\/pornuestrolaredo.com\/index.php?rest_route=\/wp\/v2\/media\/3231"}],"wp:attachment":[{"href":"https:\/\/pornuestrolaredo.com\/index.php?rest_route=%2Fwp%2Fv2%2Fmedia&parent=3230"}],"wp:term":[{"taxonomy":"category","embeddable":true,"href":"https:\/\/pornuestrolaredo.com\/index.php?rest_route=%2Fwp%2Fv2%2Fcategories&post=3230"},{"taxonomy":"post_tag","embeddable":true,"href":"https:\/\/pornuestrolaredo.com\/index.php?rest_route=%2Fwp%2Fv2%2Ftags&post=3230"}],"curies":[{"name":"wp","href":"https:\/\/api.w.org\/{rel}","templated":true}]}}