{"id":3238,"date":"2023-10-10T04:15:30","date_gmt":"2023-10-10T04:15:30","guid":{"rendered":"https:\/\/pornuestrolaredo.com\/?p=3238"},"modified":"2023-10-10T04:15:30","modified_gmt":"2023-10-10T04:15:30","slug":"hay-tres-mexicanos-desaparecidos-en-israel","status":"publish","type":"post","link":"https:\/\/pornuestrolaredo.com\/?p=3238","title":{"rendered":"Hay tres mexicanos desaparecidos en Israel"},"content":{"rendered":"<p><strong><em>CIUDAD DE M\u00c9XICO.-<\/em><\/strong> Tres mexicanos se encuentran entre los 26 latinoamericanos desaparecidos luego del ataque de Hamas a Israel, reconoci\u00f3 la secretaria de Relaciones Exteriores de M\u00e9xico, Alicia B\u00e1rcena.<\/p>\n<p>Junto con los tres mexicanos, hay quince argentinos, tres brasile\u00f1os, dos peruanos, dos colombianos y una chilena.<\/p>\n<p>B\u00e1rcena inform\u00f3 que un hombre y una mujer fueron tomados como rehenes por Hamas y que habr\u00edan sido llevados cerca de la Franja de Gaza.<\/p>\n<p>M\u00e9xico anunci\u00f3 el env\u00edo de dos aviones del ej\u00e9rcito a Israel para buscar a cientos de mexicanos que se encuentran varados en Israel.<\/p>\n<p>Durante su conferencia matutina del lunes, el presidente Andr\u00e9s Manuel L\u00f3pez Obrador confirm\u00f3 que tres mexicanos permanecen desaparecidos luego de los ataques de Hamas a Israel. El mandatario dijo que autoridades mexicanas est\u00e1n en contacto con los familiares de los desaparecidos y con diplom\u00e1ticos de Israel y Palestina, que ya habr\u00edan iniciado las labores de b\u00fasqueda.<\/p>\n<p>Aunque las autoridades no revelaron los nombres, familiares y amigos identificaron a los mexicanos desaparecidos como Ilana Gritzewsky Camhi y Ori\u00f3n Hern\u00e1ndez Padoux, quienes se encontraban en el festival musical donde Hamas realiz\u00f3 el ataque a Israel.<\/p>\n<p>Medios locales informaron que el mexicano David Heiblum fue encontrado con vida en Israel, pero hasta el momento la Canciller\u00eda no ha confirmado que sea uno de los tres mexicanos reportados como desaparecidos.<\/p>\n<blockquote><p>Pasamos los d\u00edas m\u00e1s dif\u00edciles de nuestra vida y recibimos las mejores noticias que pod\u00edamos recibir\u201d, dijo Shirley Heiblum Berman, al confirmar a la televisora local Foro TV la localizaci\u00f3n de su hermano junto a su esposa Daryelis Denises Saez, de origen paname\u00f1o.<\/p><\/blockquote>\n<p>El conflicto que ha dejado m\u00e1s de mil 600 muertos en ambos bandos ha generado diferentes reacciones entre los gobiernos de Latinoam\u00e9rica, que desde el fin de semana han expresado preocupaci\u00f3n por los ataques sufridos por Israel y han hecho llamados para buscar una salida pac\u00edfica a la crisis.<\/p>\n<blockquote><p>No queremos la guerra. No queremos la confrontaci\u00f3n. No queremos la violencia\u201d, dijo el presidente mexicano Andr\u00e9s Manuel L\u00f3pez Obrador al hacer un llamado a Naciones Unidas a que convoque una reuni\u00f3n de urgencia para aprobar una resoluci\u00f3n que ayude a promover un \u201cdi\u00e1logo de inmediato\u201d, y que no se dependa s\u00f3lo del Consejo de Seguridad.<\/p><\/blockquote>\n<p>La embajadora israel\u00ed en M\u00e9xico, Einat Kranz Neiger, critic\u00f3 la declaraci\u00f3n de L\u00f3pez Obrador de que su gobierno no tomar\u00eda partido en el conflicto y dijo a la emisora local Radio F\u00f3rmula que ante el \u201cataque atroz\u201d ejecutado por Hamas \u201cse tiene que condenar contundentemente, sin equilibrio y sin neutralidad\u201d. \u201cNo tomar lados es apoyar al terror y al terrorismo\u201d, agreg\u00f3.<\/p>\n<p>Mientras, la Canciller\u00eda argentina confirm\u00f3 la tarde del lunes que siete de sus nacionales fallecieron en los ataques y otros 15 permanecen desaparecidos. El gobierno no revel\u00f3 la identidad de las v\u00edctimas y solo inform\u00f3 que 625 argentinos han solicitado ser evacuados de Israel.<\/p>\n<p>Entre los argentinos fallecidos en suelo israel\u00ed se ha identificado a Silvia Mirensky, que viv\u00eda en una granja colectiva, Rodolfo Fabi\u00e1n Skariszewski, Abi Korin y Ronit Rudman.<\/p>\n<p>Desde Israel, el argentino Itzik Horn, padre de Iair y Eitan, desaparecidos en el ataque de Hamas, declar\u00f3 a una emisora de Buenos Aires que sus hijos est\u00e1n desaparecidos. \u201cNo est\u00e1n en los hospitales, pero por suerte por ahora no est\u00e1n en la lista de muertos. La conclusi\u00f3n es que se los llevaron a Gaza\u201d.<\/p>\n<p>El hombre perdi\u00f3 contacto con sus hijos cuando estaban en un kibutz cercano a la Franja de Gaza.<\/p>\n<p>El Ministerio de Relaciones Exteriores de Brasil se\u00f1al\u00f3 el domingo en un comunicado que tres brasile\u00f1os que asistieron a un festival musical en el sur de Israel se encuentran actualmente desaparecidos. Todos ellos tienen doble nacionalidad brasile\u00f1a e israel\u00ed, indic\u00f3 la Canciller\u00eda, pero no facilit\u00f3 sus nombres.<\/p>\n<p>La embajada de Brasil en Tel Aviv ha recibido respuestas de casi mil 700 brasile\u00f1os que expresan inter\u00e9s en la repatriaci\u00f3n. La mayor\u00eda son turistas en Tel Aviv y Jerusal\u00e9n.<\/p>\n<p>La canciller\u00eda de Per\u00fa anunci\u00f3 que dos peruanos han sido reportados como desaparecidos. Uno de ellos fue identificado como Daniel Levi Ludmir, un m\u00e9dico que se encontraba en el kibutz de Be\u2019eri, un lugar cercano a la Franja de Gaza. La comunidad peruana en Israel est\u00e1 compuesta por alrededor de 4 mil personas, seg\u00fan cifras oficiales.<\/p>\n","protected":false},"excerpt":{"rendered":"<p>El presidente Andr\u00e9s Manuel L\u00f3pez anunci\u00f3 que enviar\u00eda dos aviones del Ej\u00e9rcito para ayudar a evacuar a los mexicanos varados<\/p>\n","protected":false},"author":1,"featured_media":3239,"comment_status":"closed","ping_status":"closed","sticky":false,"template":"","format":"standard","meta":{"_crdt_document":"","_jetpack_memberships_contains_paid_content":false,"footnotes":"","jetpack_publicize_message":"","jetpack_publicize_feature_enabled":true,"jetpack_social_post_already_shared":true,"jetpack_social_options":{"image_generator_settings":{"template":"highway","default_image_id":0,"font":"","enabled":false},"version":2},"_wpas_customize_per_network":false},"categories":[9],"tags":[],"class_list":["post-3238","post","type-post","status-publish","format-standard","has-post-thumbnail","hentry","category-el-mundo"],"magazineBlocksPostFeaturedMedia":{"thumbnail":"https:\/\/pornuestrolaredo.com\/wp-content\/uploads\/2023\/10\/Stereo91-20231009-1-150x150.jpg","medium":"https:\/\/pornuestrolaredo.com\/wp-content\/uploads\/2023\/10\/Stereo91-20231009-1-300x169.jpg","medium_large":"https:\/\/pornuestrolaredo.com\/wp-content\/uploads\/2023\/10\/Stereo91-20231009-1-768x432.jpg","large":"https:\/\/pornuestrolaredo.com\/wp-content\/uploads\/2023\/10\/Stereo91-20231009-1-1000x563.jpg","1536x1536":"https:\/\/pornuestrolaredo.com\/wp-content\/uploads\/2023\/10\/Stereo91-20231009-1.jpg","2048x2048":"https:\/\/pornuestrolaredo.com\/wp-content\/uploads\/2023\/10\/Stereo91-20231009-1.jpg","morenews-large":"https:\/\/pornuestrolaredo.com\/wp-content\/uploads\/2023\/10\/Stereo91-20231009-1.jpg","morenews-medium":"https:\/\/pornuestrolaredo.com\/wp-content\/uploads\/2023\/10\/Stereo91-20231009-1.jpg"},"magazineBlocksPostAuthor":{"name":"Redactor","avatar":"https:\/\/pornuestrolaredo.com\/wp-content\/litespeed\/avatar\/dca1d7ec750c399f025f23b0b314f4cf.jpg?ver=1777612120"},"magazineBlocksPostCommentsNumber":false,"magazineBlocksPostExcerpt":"El presidente Andr\u00e9s Manuel L\u00f3pez anunci\u00f3 que enviar\u00eda dos aviones del Ej\u00e9rcito para ayudar a evacuar a los mexicanos varados","magazineBlocksPostCategories":["El Mundo"],"magazineBlocksPostViewCount":123,"magazineBlocksPostReadTime":4,"magazine_blocks_featured_image_url":{"full":["https:\/\/pornuestrolaredo.com\/wp-content\/uploads\/2023\/10\/Stereo91-20231009-1.jpg",1440,810,false],"medium":["https:\/\/pornuestrolaredo.com\/wp-content\/uploads\/2023\/10\/Stereo91-20231009-1-300x169.jpg",300,169,true],"thumbnail":["https:\/\/pornuestrolaredo.com\/wp-content\/uploads\/2023\/10\/Stereo91-20231009-1-150x150.jpg",150,150,true]},"magazine_blocks_author":{"display_name":"Redactor","author_link":"https:\/\/pornuestrolaredo.com\/?author=1"},"magazine_blocks_comment":0,"magazine_blocks_author_image":"https:\/\/pornuestrolaredo.com\/wp-content\/litespeed\/avatar\/dca1d7ec750c399f025f23b0b314f4cf.jpg?ver=1777612120","magazine_blocks_category":"<a href=\"#\" class=\"category-link category-link-9\">El Mundo<\/a>","jetpack_publicize_connections":[],"featured_image_urls":{"full":["https:\/\/pornuestrolaredo.com\/wp-content\/uploads\/2023\/10\/Stereo91-20231009-1.jpg",1440,810,false],"thumbnail":["https:\/\/pornuestrolaredo.com\/wp-content\/uploads\/2023\/10\/Stereo91-20231009-1-150x150.jpg",150,150,true],"medium":["https:\/\/pornuestrolaredo.com\/wp-content\/uploads\/2023\/10\/Stereo91-20231009-1-300x169.jpg",300,169,true],"medium_large":["https:\/\/pornuestrolaredo.com\/wp-content\/uploads\/2023\/10\/Stereo91-20231009-1-768x432.jpg",640,360,true],"large":["https:\/\/pornuestrolaredo.com\/wp-content\/uploads\/2023\/10\/Stereo91-20231009-1-1000x563.jpg",640,360,true],"1536x1536":["https:\/\/pornuestrolaredo.com\/wp-content\/uploads\/2023\/10\/Stereo91-20231009-1.jpg",1440,810,false],"2048x2048":["https:\/\/pornuestrolaredo.com\/wp-content\/uploads\/2023\/10\/Stereo91-20231009-1.jpg",1440,810,false],"morenews-large":["https:\/\/pornuestrolaredo.com\/wp-content\/uploads\/2023\/10\/Stereo91-20231009-1.jpg",825,464,false],"morenews-medium":["https:\/\/pornuestrolaredo.com\/wp-content\/uploads\/2023\/10\/Stereo91-20231009-1.jpg",590,332,false]},"author_info":{"info":["Redactor"]},"category_info":"<a href=\"https:\/\/pornuestrolaredo.com\/?cat=9\" rel=\"category\">El Mundo<\/a>","tag_info":"El Mundo","comment_count":"0","jetpack_featured_media_url":"https:\/\/pornuestrolaredo.com\/wp-content\/uploads\/2023\/10\/Stereo91-20231009-1.jpg","jetpack_sharing_enabled":true,"_links":{"self":[{"href":"https:\/\/pornuestrolaredo.com\/index.php?rest_route=\/wp\/v2\/posts\/3238","targetHints":{"allow":["GET"]}}],"collection":[{"href":"https:\/\/pornuestrolaredo.com\/index.php?rest_route=\/wp\/v2\/posts"}],"about":[{"href":"https:\/\/pornuestrolaredo.com\/index.php?rest_route=\/wp\/v2\/types\/post"}],"author":[{"embeddable":true,"href":"https:\/\/pornuestrolaredo.com\/index.php?rest_route=\/wp\/v2\/users\/1"}],"replies":[{"embeddable":true,"href":"https:\/\/pornuestrolaredo.com\/index.php?rest_route=%2Fwp%2Fv2%2Fcomments&post=3238"}],"version-history":[{"count":1,"href":"https:\/\/pornuestrolaredo.com\/index.php?rest_route=\/wp\/v2\/posts\/3238\/revisions"}],"predecessor-version":[{"id":3240,"href":"https:\/\/pornuestrolaredo.com\/index.php?rest_route=\/wp\/v2\/posts\/3238\/revisions\/3240"}],"wp:featuredmedia":[{"embeddable":true,"href":"https:\/\/pornuestrolaredo.com\/index.php?rest_route=\/wp\/v2\/media\/3239"}],"wp:attachment":[{"href":"https:\/\/pornuestrolaredo.com\/index.php?rest_route=%2Fwp%2Fv2%2Fmedia&parent=3238"}],"wp:term":[{"taxonomy":"category","embeddable":true,"href":"https:\/\/pornuestrolaredo.com\/index.php?rest_route=%2Fwp%2Fv2%2Fcategories&post=3238"},{"taxonomy":"post_tag","embeddable":true,"href":"https:\/\/pornuestrolaredo.com\/index.php?rest_route=%2Fwp%2Fv2%2Ftags&post=3238"}],"curies":[{"name":"wp","href":"https:\/\/api.w.org\/{rel}","templated":true}]}}