{"id":3244,"date":"2023-10-10T05:24:39","date_gmt":"2023-10-10T05:24:39","guid":{"rendered":"https:\/\/pornuestrolaredo.com\/?p=3244"},"modified":"2023-10-10T05:24:39","modified_gmt":"2023-10-10T05:24:39","slug":"suspenden-clases-en-guerrero-y-sinaloa","status":"publish","type":"post","link":"https:\/\/pornuestrolaredo.com\/?p=3244","title":{"rendered":"Suspenden clases en Guerrero y Sinaloa"},"content":{"rendered":"<p><strong><em>CHILPANCINGO.-<\/em><\/strong> La Secretar\u00eda de Educaci\u00f3n P\u00fablica de Guerrero anunci\u00f3 la suspensi\u00f3n de clases en todos los niveles educativos, privados o p\u00fablicos, hoy 10 de octubre de 2023 en todos los municipios por las lluvias provocadas por la tormenta tropical Max que continuar\u00e1n afectado al estado en las pr\u00f3ximas horas.<\/p>\n<p>En un comunicado, la dependencia estatal anunci\u00f3 que la Secretar\u00eda de Gesti\u00f3n Integral de Riesgos y Protecci\u00f3n Civil Guerrero recomend\u00f3 a las autoridades educativas suspender las clases debido a los estragos de la tormenta tropical.<\/p>\n<blockquote><p>Por las condiciones meteorol\u00f3gicas por la Tormenta Tropical Max y con el objetivo de salvaguardar la integridad f\u00edsica de los estudiantes y personal docente, se suspenden las actividades acad\u00e9micas y administrativas en todos los niveles educativos p\u00fablicos y privados, ambos turnos, el d\u00eda martes 10 de octubre del a\u00f1o en curso en todos los municipios del estado\u201d.<\/p><\/blockquote>\n<p><strong>SE DESPLOMA PUENTE<br \/>\n<\/strong><br \/>\nLa Secretar\u00eda de Gesti\u00f3n Integral del estado report\u00f3 la ca\u00edda de un puente sobre la carretera federal Acapulco-Zihuatanejo, cerca del puente de Cuajilote, en el municipio de de Tecpan de Galeana, es por ello que las autoridades anunciaron la suspensi\u00f3n de clases para no poner en riesgo la vida de los estudiantes.<\/p>\n<blockquote><p>Se registra corte sobre la carretera federal Acapulco-Zihuatanejo, cerca del puente de Cuajilote, municipio de Tecpan de Galeana. Extreme medidas de precauci\u00f3n, personal de @PC_Guerrero delimita la zona de riesgo\u201d, indic\u00f3 la dependencia en redes sociales. <\/p><\/blockquote>\n<p><strong>SINALOA SUSPENDE CLASES POR LIDIA<br \/>\n<\/strong><br \/>\nProtecci\u00f3n Civil de Sinaloa anunci\u00f3 la suspensi\u00f3n de clases en el estado por el avance de la tormenta tropical Lidia para este martes 10 de octubre de 2023.<\/p>\n<blockquote><p>Debido a la cercan\u00eda del fen\u00f3meno meteorol\u00f3gico Lidia y en seguimiento a la recomendaci\u00f3n de Protecci\u00f3n Civil se suspenden actividades escolares en todo el estado de Sinaloa para este martes 10 de octubre en los turnos matutino y vespertino\u201d, indica el anuncio compartido en redes sociales.<\/p><\/blockquote>\n","protected":false},"excerpt":{"rendered":"<p>CHILPANCINGO.- La Secretar\u00eda de Educaci\u00f3n P\u00fablica de Guerrero anunci\u00f3 la suspensi\u00f3n de clases en todos los niveles educativos,<\/p>\n","protected":false},"author":1,"featured_media":3245,"comment_status":"open","ping_status":"open","sticky":false,"template":"","format":"standard","meta":{"_crdt_document":"","_jetpack_memberships_contains_paid_content":false,"footnotes":"","jetpack_publicize_message":"","jetpack_publicize_feature_enabled":true,"jetpack_social_post_already_shared":true,"jetpack_social_options":{"image_generator_settings":{"template":"highway","default_image_id":0,"font":"","enabled":false},"version":2},"_wpas_customize_per_network":false},"categories":[33],"tags":[],"class_list":["post-3244","post","type-post","status-publish","format-standard","has-post-thumbnail","hentry","category-mexico"],"magazineBlocksPostFeaturedMedia":{"thumbnail":"https:\/\/pornuestrolaredo.com\/wp-content\/uploads\/2023\/10\/Stereo91-20231009-5-1-150x150.jpg","medium":"https:\/\/pornuestrolaredo.com\/wp-content\/uploads\/2023\/10\/Stereo91-20231009-5-1-300x169.jpg","medium_large":"https:\/\/pornuestrolaredo.com\/wp-content\/uploads\/2023\/10\/Stereo91-20231009-5-1-768x432.jpg","large":"https:\/\/pornuestrolaredo.com\/wp-content\/uploads\/2023\/10\/Stereo91-20231009-5-1-1000x563.jpg","1536x1536":"https:\/\/pornuestrolaredo.com\/wp-content\/uploads\/2023\/10\/Stereo91-20231009-5-1.jpg","2048x2048":"https:\/\/pornuestrolaredo.com\/wp-content\/uploads\/2023\/10\/Stereo91-20231009-5-1.jpg","morenews-large":"https:\/\/pornuestrolaredo.com\/wp-content\/uploads\/2023\/10\/Stereo91-20231009-5-1.jpg","morenews-medium":"https:\/\/pornuestrolaredo.com\/wp-content\/uploads\/2023\/10\/Stereo91-20231009-5-1.jpg"},"magazineBlocksPostAuthor":{"name":"Redactor","avatar":"https:\/\/pornuestrolaredo.com\/wp-content\/litespeed\/avatar\/dca1d7ec750c399f025f23b0b314f4cf.jpg?ver=1777612120"},"magazineBlocksPostCommentsNumber":false,"magazineBlocksPostExcerpt":"CHILPANCINGO.- La Secretar\u00eda de Educaci\u00f3n P\u00fablica de Guerrero anunci\u00f3 la suspensi\u00f3n de clases en todos los niveles educativos,","magazineBlocksPostCategories":["Mexico"],"magazineBlocksPostViewCount":134,"magazineBlocksPostReadTime":2,"magazine_blocks_featured_image_url":{"full":["https:\/\/pornuestrolaredo.com\/wp-content\/uploads\/2023\/10\/Stereo91-20231009-5-1.jpg",1280,720,false],"medium":["https:\/\/pornuestrolaredo.com\/wp-content\/uploads\/2023\/10\/Stereo91-20231009-5-1-300x169.jpg",300,169,true],"thumbnail":["https:\/\/pornuestrolaredo.com\/wp-content\/uploads\/2023\/10\/Stereo91-20231009-5-1-150x150.jpg",150,150,true]},"magazine_blocks_author":{"display_name":"Redactor","author_link":"https:\/\/pornuestrolaredo.com\/?author=1"},"magazine_blocks_comment":0,"magazine_blocks_author_image":"https:\/\/pornuestrolaredo.com\/wp-content\/litespeed\/avatar\/dca1d7ec750c399f025f23b0b314f4cf.jpg?ver=1777612120","magazine_blocks_category":"<a href=\"#\" class=\"category-link category-link-33\">Mexico<\/a>","jetpack_publicize_connections":[],"featured_image_urls":{"full":["https:\/\/pornuestrolaredo.com\/wp-content\/uploads\/2023\/10\/Stereo91-20231009-5-1.jpg",1280,720,false],"thumbnail":["https:\/\/pornuestrolaredo.com\/wp-content\/uploads\/2023\/10\/Stereo91-20231009-5-1-150x150.jpg",150,150,true],"medium":["https:\/\/pornuestrolaredo.com\/wp-content\/uploads\/2023\/10\/Stereo91-20231009-5-1-300x169.jpg",300,169,true],"medium_large":["https:\/\/pornuestrolaredo.com\/wp-content\/uploads\/2023\/10\/Stereo91-20231009-5-1-768x432.jpg",640,360,true],"large":["https:\/\/pornuestrolaredo.com\/wp-content\/uploads\/2023\/10\/Stereo91-20231009-5-1-1000x563.jpg",640,360,true],"1536x1536":["https:\/\/pornuestrolaredo.com\/wp-content\/uploads\/2023\/10\/Stereo91-20231009-5-1.jpg",1280,720,false],"2048x2048":["https:\/\/pornuestrolaredo.com\/wp-content\/uploads\/2023\/10\/Stereo91-20231009-5-1.jpg",1280,720,false],"morenews-large":["https:\/\/pornuestrolaredo.com\/wp-content\/uploads\/2023\/10\/Stereo91-20231009-5-1.jpg",825,464,false],"morenews-medium":["https:\/\/pornuestrolaredo.com\/wp-content\/uploads\/2023\/10\/Stereo91-20231009-5-1.jpg",590,332,false]},"author_info":{"info":["Redactor"]},"category_info":"<a href=\"https:\/\/pornuestrolaredo.com\/?cat=33\" rel=\"category\">Mexico<\/a>","tag_info":"Mexico","comment_count":"0","jetpack_featured_media_url":"https:\/\/pornuestrolaredo.com\/wp-content\/uploads\/2023\/10\/Stereo91-20231009-5-1.jpg","jetpack_sharing_enabled":true,"_links":{"self":[{"href":"https:\/\/pornuestrolaredo.com\/index.php?rest_route=\/wp\/v2\/posts\/3244","targetHints":{"allow":["GET"]}}],"collection":[{"href":"https:\/\/pornuestrolaredo.com\/index.php?rest_route=\/wp\/v2\/posts"}],"about":[{"href":"https:\/\/pornuestrolaredo.com\/index.php?rest_route=\/wp\/v2\/types\/post"}],"author":[{"embeddable":true,"href":"https:\/\/pornuestrolaredo.com\/index.php?rest_route=\/wp\/v2\/users\/1"}],"replies":[{"embeddable":true,"href":"https:\/\/pornuestrolaredo.com\/index.php?rest_route=%2Fwp%2Fv2%2Fcomments&post=3244"}],"version-history":[{"count":1,"href":"https:\/\/pornuestrolaredo.com\/index.php?rest_route=\/wp\/v2\/posts\/3244\/revisions"}],"predecessor-version":[{"id":3246,"href":"https:\/\/pornuestrolaredo.com\/index.php?rest_route=\/wp\/v2\/posts\/3244\/revisions\/3246"}],"wp:featuredmedia":[{"embeddable":true,"href":"https:\/\/pornuestrolaredo.com\/index.php?rest_route=\/wp\/v2\/media\/3245"}],"wp:attachment":[{"href":"https:\/\/pornuestrolaredo.com\/index.php?rest_route=%2Fwp%2Fv2%2Fmedia&parent=3244"}],"wp:term":[{"taxonomy":"category","embeddable":true,"href":"https:\/\/pornuestrolaredo.com\/index.php?rest_route=%2Fwp%2Fv2%2Fcategories&post=3244"},{"taxonomy":"post_tag","embeddable":true,"href":"https:\/\/pornuestrolaredo.com\/index.php?rest_route=%2Fwp%2Fv2%2Ftags&post=3244"}],"curies":[{"name":"wp","href":"https:\/\/api.w.org\/{rel}","templated":true}]}}