{"id":3259,"date":"2023-10-12T04:05:25","date_gmt":"2023-10-12T04:05:25","guid":{"rendered":"https:\/\/pornuestrolaredo.com\/?p=3259"},"modified":"2023-10-12T04:05:25","modified_gmt":"2023-10-12T04:05:25","slug":"se-lanzo-en-paracaidas-a-los-104-anos-fallecio-el-lunes","status":"publish","type":"post","link":"https:\/\/pornuestrolaredo.com\/?p=3259","title":{"rendered":"Se lanz\u00f3 en paraca\u00eddas a los 104 a\u00f1os; falleci\u00f3 el lunes"},"content":{"rendered":"<p><strong><em>CHICAGO.- <<\/em>\/strong>Dorothy Hoffner, una mujer cuyo reciente salto en paraca\u00eddas podr\u00eda convertirla en la persona m\u00e1s anciana del mundo en saltar desde un avi\u00f3n seg\u00fan el Guinness World Records, ha fallecido. Ten\u00eda 104 a\u00f1os.<\/p>\n<p>Joe Conant, un amigo \u00edntimo de Hoffner, dijo que el personal de la residencia Brookdale Lake View la encontr\u00f3 muerta el lunes por la ma\u00f1ana. Al parecer, habr\u00eda fallecido mientras dorm\u00eda el domingo en la noche, agreg\u00f3.<\/p>\n<p>Conant, que es enfermero, dijo que conoci\u00f3 a Hoffner \u2014 a quien llamaba abuela a pedido de ella \u2014 hace varios a\u00f1os cuando trabajaba como cuidador de otro residente en el centro. Hoffner ten\u00eda una energ\u00eda asombrosa y estaba l\u00facida.<\/p>\n<blockquote><p>Era incansable\u201d, dijo el martes. \u201cNo era de las que se echan la siesta por la tarde, ni de las de que no acuden a ning\u00fan acto, cena o a cualquier otra cosa. Siempre estaba all\u00ed, totalmente presente. Siempre segu\u00eda adelante\u201d.<\/p><\/blockquote>\n<p>El 1 de octubre, Hoffner hizo un salto en t\u00e1ndem que podr\u00eda llevarla a los libros de r\u00e9cords como la paracaidista m\u00e1s vieja del mundo. Se lanz\u00f3 desde un avi\u00f3n a 4 mil 100 metros (13 mil 500 pies) de altura en Skydive Chicago, en Ottawa, Illinois, a 140 kil\u00f3metros (85) al suroeste de Chicago.<\/p>\n<blockquote><p>La edad es solo un n\u00famero\u201d, dijo Hoffner al p\u00fablico que la animaba poco despu\u00e9s de tocar tierra. Esta no era una actividad nueva para ella: su primer salto fue a los 100 a\u00f1os.<\/p><\/blockquote>\n<p>Conant cont\u00f3 que est\u00e1 trabajando en los papeles para asegurarse de que Guinness World Records certifica a Hoffner a t\u00edtulo p\u00f3stumo como la paracaidista de m\u00e1s edad del mundo, pero espera que el reconocimiento se demore alg\u00fan tiempo.<\/p>\n<p>El r\u00e9cord actual lo estableci\u00f3 en mayo de 2022 la sueca Linn\u00e9a Ingeg\u00e4rd Larsson, de 103 a\u00f1os.<\/p>\n","protected":false},"excerpt":{"rendered":"<p>Dorothy Hoffner era una mujer que pese a su edad, era muy activa y l\u00facida; ya se hab\u00eda lanzado de un avi\u00f3n a sus 100 a\u00f1os<\/p>\n","protected":false},"author":1,"featured_media":3260,"comment_status":"closed","ping_status":"closed","sticky":false,"template":"","format":"standard","meta":{"_crdt_document":"","_jetpack_memberships_contains_paid_content":false,"footnotes":"","jetpack_publicize_message":"","jetpack_publicize_feature_enabled":true,"jetpack_social_post_already_shared":true,"jetpack_social_options":{"image_generator_settings":{"template":"highway","default_image_id":0,"font":"","enabled":false},"version":2},"_wpas_customize_per_network":false},"categories":[9],"tags":[],"class_list":["post-3259","post","type-post","status-publish","format-standard","has-post-thumbnail","hentry","category-el-mundo"],"magazineBlocksPostFeaturedMedia":{"thumbnail":"https:\/\/pornuestrolaredo.com\/wp-content\/uploads\/2023\/10\/PNL-20231011-3-150x150.jpg","medium":"https:\/\/pornuestrolaredo.com\/wp-content\/uploads\/2023\/10\/PNL-20231011-3-300x184.jpg","medium_large":"https:\/\/pornuestrolaredo.com\/wp-content\/uploads\/2023\/10\/PNL-20231011-3-768x470.jpg","large":"https:\/\/pornuestrolaredo.com\/wp-content\/uploads\/2023\/10\/PNL-20231011-3.jpg","1536x1536":"https:\/\/pornuestrolaredo.com\/wp-content\/uploads\/2023\/10\/PNL-20231011-3.jpg","2048x2048":"https:\/\/pornuestrolaredo.com\/wp-content\/uploads\/2023\/10\/PNL-20231011-3.jpg","morenews-large":"https:\/\/pornuestrolaredo.com\/wp-content\/uploads\/2023\/10\/PNL-20231011-3.jpg","morenews-medium":"https:\/\/pornuestrolaredo.com\/wp-content\/uploads\/2023\/10\/PNL-20231011-3.jpg"},"magazineBlocksPostAuthor":{"name":"Redactor","avatar":"https:\/\/pornuestrolaredo.com\/wp-content\/litespeed\/avatar\/dca1d7ec750c399f025f23b0b314f4cf.jpg?ver=1777612120"},"magazineBlocksPostCommentsNumber":false,"magazineBlocksPostExcerpt":"Dorothy Hoffner era una mujer que pese a su edad, era muy activa y l\u00facida; ya se hab\u00eda lanzado de un avi\u00f3n a sus 100 a\u00f1os","magazineBlocksPostCategories":["El Mundo"],"magazineBlocksPostViewCount":129,"magazineBlocksPostReadTime":2,"magazine_blocks_featured_image_url":{"full":["https:\/\/pornuestrolaredo.com\/wp-content\/uploads\/2023\/10\/PNL-20231011-3.jpg",980,600,false],"medium":["https:\/\/pornuestrolaredo.com\/wp-content\/uploads\/2023\/10\/PNL-20231011-3-300x184.jpg",300,184,true],"thumbnail":["https:\/\/pornuestrolaredo.com\/wp-content\/uploads\/2023\/10\/PNL-20231011-3-150x150.jpg",150,150,true]},"magazine_blocks_author":{"display_name":"Redactor","author_link":"https:\/\/pornuestrolaredo.com\/?author=1"},"magazine_blocks_comment":0,"magazine_blocks_author_image":"https:\/\/pornuestrolaredo.com\/wp-content\/litespeed\/avatar\/dca1d7ec750c399f025f23b0b314f4cf.jpg?ver=1777612120","magazine_blocks_category":"<a href=\"#\" class=\"category-link category-link-9\">El Mundo<\/a>","jetpack_publicize_connections":[],"featured_image_urls":{"full":["https:\/\/pornuestrolaredo.com\/wp-content\/uploads\/2023\/10\/PNL-20231011-3.jpg",980,600,false],"thumbnail":["https:\/\/pornuestrolaredo.com\/wp-content\/uploads\/2023\/10\/PNL-20231011-3-150x150.jpg",150,150,true],"medium":["https:\/\/pornuestrolaredo.com\/wp-content\/uploads\/2023\/10\/PNL-20231011-3-300x184.jpg",300,184,true],"medium_large":["https:\/\/pornuestrolaredo.com\/wp-content\/uploads\/2023\/10\/PNL-20231011-3-768x470.jpg",640,392,true],"large":["https:\/\/pornuestrolaredo.com\/wp-content\/uploads\/2023\/10\/PNL-20231011-3.jpg",640,392,false],"1536x1536":["https:\/\/pornuestrolaredo.com\/wp-content\/uploads\/2023\/10\/PNL-20231011-3.jpg",980,600,false],"2048x2048":["https:\/\/pornuestrolaredo.com\/wp-content\/uploads\/2023\/10\/PNL-20231011-3.jpg",980,600,false],"morenews-large":["https:\/\/pornuestrolaredo.com\/wp-content\/uploads\/2023\/10\/PNL-20231011-3.jpg",825,505,false],"morenews-medium":["https:\/\/pornuestrolaredo.com\/wp-content\/uploads\/2023\/10\/PNL-20231011-3.jpg",590,361,false]},"author_info":{"info":["Redactor"]},"category_info":"<a href=\"https:\/\/pornuestrolaredo.com\/?cat=9\" rel=\"category\">El Mundo<\/a>","tag_info":"El Mundo","comment_count":"0","jetpack_featured_media_url":"https:\/\/pornuestrolaredo.com\/wp-content\/uploads\/2023\/10\/PNL-20231011-3.jpg","jetpack_sharing_enabled":true,"_links":{"self":[{"href":"https:\/\/pornuestrolaredo.com\/index.php?rest_route=\/wp\/v2\/posts\/3259","targetHints":{"allow":["GET"]}}],"collection":[{"href":"https:\/\/pornuestrolaredo.com\/index.php?rest_route=\/wp\/v2\/posts"}],"about":[{"href":"https:\/\/pornuestrolaredo.com\/index.php?rest_route=\/wp\/v2\/types\/post"}],"author":[{"embeddable":true,"href":"https:\/\/pornuestrolaredo.com\/index.php?rest_route=\/wp\/v2\/users\/1"}],"replies":[{"embeddable":true,"href":"https:\/\/pornuestrolaredo.com\/index.php?rest_route=%2Fwp%2Fv2%2Fcomments&post=3259"}],"version-history":[{"count":1,"href":"https:\/\/pornuestrolaredo.com\/index.php?rest_route=\/wp\/v2\/posts\/3259\/revisions"}],"predecessor-version":[{"id":3261,"href":"https:\/\/pornuestrolaredo.com\/index.php?rest_route=\/wp\/v2\/posts\/3259\/revisions\/3261"}],"wp:featuredmedia":[{"embeddable":true,"href":"https:\/\/pornuestrolaredo.com\/index.php?rest_route=\/wp\/v2\/media\/3260"}],"wp:attachment":[{"href":"https:\/\/pornuestrolaredo.com\/index.php?rest_route=%2Fwp%2Fv2%2Fmedia&parent=3259"}],"wp:term":[{"taxonomy":"category","embeddable":true,"href":"https:\/\/pornuestrolaredo.com\/index.php?rest_route=%2Fwp%2Fv2%2Fcategories&post=3259"},{"taxonomy":"post_tag","embeddable":true,"href":"https:\/\/pornuestrolaredo.com\/index.php?rest_route=%2Fwp%2Fv2%2Ftags&post=3259"}],"curies":[{"name":"wp","href":"https:\/\/api.w.org\/{rel}","templated":true}]}}