{"id":3263,"date":"2023-10-13T20:26:04","date_gmt":"2023-10-13T20:26:04","guid":{"rendered":"https:\/\/pornuestrolaredo.com\/?p=3263"},"modified":"2023-10-13T20:26:04","modified_gmt":"2023-10-13T20:26:04","slug":"se-desploma-helicoptero-de-la-fuerza-aerea-mexicana","status":"publish","type":"post","link":"https:\/\/pornuestrolaredo.com\/?p=3263","title":{"rendered":"Se desploma helic\u00f3ptero de la Fuerza A\u00e9rea Mexicana"},"content":{"rendered":"<p><strong>CIUDAD DE M\u00c9XICO.-<\/strong> El presidente Andr\u00e9s Manuel L\u00f3pez Obrador lament\u00f3 la muerte de tres elementos de la Fuerza A\u00e9rea Mexicana en el desplome de un helic\u00f3ptero militar la tarde de ayer jueves 12 de octubre en Durango y dijo que todo apunta que la ca\u00edda de la aeronave se debi\u00f3 a un accidente por el mal tiempo en la zona.<\/p>\n<p>En su ma\u00f1anera de este viernes, el mandatario asegur\u00f3 que se realizar\u00e1 una investigaci\u00f3n como marca el protocolo a fin de determinar qu\u00e9 caus\u00f3 que el helic\u00f3ptero de la Fuerza A\u00e9rea Mexicana se accidentara en Topia, Durango, y dio algunos detalles de qu\u00e9 fue lo que ocurri\u00f3 con la aeronave.<\/p>\n<p>L\u00f3pez Obrador dijo que los miembros de la Fuerza A\u00e9rea Mexicana que viajaban en el helic\u00f3ptero B-412 estaban realizando operaciones de trasladado de un campamento y, al parecer, fue en el tercer viaje cuando la aeronave se vino abajo.<\/p>\n<blockquote><p>Estaban haciendo operaciones de traslado de un campamento, ya llevaban dos viajes, creo que en el tercero se desplom\u00f3, parece que se ator\u00f3 con l\u00edneas de alta tensi\u00f3n\u201d, explic\u00f3.<\/p><\/blockquote>\n<p>Reiter\u00f3 que esta situaci\u00f3n es \u201cmuy lamentable\u201d y dijo que luego del desplome del helic\u00f3ptero militar se iniciaron las labores de b\u00fasqueda, ya que la zona en la que cay\u00f3 es inh\u00f3spita y de dif\u00edcil acceso en la sierra, por lo que participaron diferentes corporaciones.<\/p>\n<p>Comandantes de zona de la Defensa Nacional, de la regi\u00f3n y tambi\u00e9n autoridades municipales ayudaron en la b\u00fasqueda y localizaci\u00f3n de la aeronave, as\u00ed como de los cuerpos de los integrantes de la Fuerza A\u00e9rea Mexicana que viajaban en ella.<\/p>\n<blockquote><p>Desde ayer empez\u00f3 la b\u00fasqueda porque adem\u00e1s es una zona muy inh\u00f3spita, dif\u00edcil, intrincada en la sierra, pero ya se encontr\u00f3 a los cuerpos, al helic\u00f3ptero. Participaron los comandantes de zona, de la regi\u00f3n, autoridades municipales que ayudaron\u201d, dijo.<\/p><\/blockquote>\n<p>La Secretar\u00eda de la Defensa Nacional inform\u00f3 que la aeronave se accident\u00f3 luego de haber recargado combustible en la Base de Operaciones A\u00e9reas en San Jos\u00e9 del Llano, Sinaloa, y desde ah\u00ed se trasladaba al municipio de Canelas, Durango.<\/p>\n<p>La ca\u00edda del aeronave se registr\u00f3 en las inmediaciones del poblado El Ventoso, en el municipio de Topia, Durango. \u201cEn este lamentable accidente perdieron la vida los tres integrantes de la tripulaci\u00f3n que se encontraban a bordo\u201d, precis\u00f3.<\/p>\n<p>La investigaci\u00f3n y los peritajes por la ca\u00edda del helic\u00f3ptero est\u00e1n a cargo de la Comisi\u00f3n Investigadora y Dictaminadora de Accidentes A\u00e9reos de la Sedena, as\u00ed como de la Inspecci\u00f3n y Contralor\u00eda General del Ej\u00e9rcito y la Fuerza A\u00e9rea.<\/p>\n","protected":false},"excerpt":{"rendered":"<p>Lamenta el presidente Andr\u00e9s Manuel L\u00f3pez Obrador la lament\u00f3 la muerte de tres elementos<\/p>\n","protected":false},"author":1,"featured_media":3264,"comment_status":"closed","ping_status":"closed","sticky":false,"template":"","format":"standard","meta":{"_crdt_document":"","_jetpack_memberships_contains_paid_content":false,"footnotes":"","jetpack_publicize_message":"","jetpack_publicize_feature_enabled":true,"jetpack_social_post_already_shared":true,"jetpack_social_options":{"image_generator_settings":{"template":"highway","default_image_id":0,"font":"","enabled":false},"version":2},"_wpas_customize_per_network":false},"categories":[33],"tags":[],"class_list":["post-3263","post","type-post","status-publish","format-standard","has-post-thumbnail","hentry","category-mexico"],"magazineBlocksPostFeaturedMedia":{"thumbnail":"https:\/\/pornuestrolaredo.com\/wp-content\/uploads\/2023\/10\/Stereo91-20231013-5-150x150.jpg","medium":"https:\/\/pornuestrolaredo.com\/wp-content\/uploads\/2023\/10\/Stereo91-20231013-5-300x225.jpg","medium_large":"https:\/\/pornuestrolaredo.com\/wp-content\/uploads\/2023\/10\/Stereo91-20231013-5-768x576.jpg","large":"https:\/\/pornuestrolaredo.com\/wp-content\/uploads\/2023\/10\/Stereo91-20231013-5.jpg","1536x1536":"https:\/\/pornuestrolaredo.com\/wp-content\/uploads\/2023\/10\/Stereo91-20231013-5.jpg","2048x2048":"https:\/\/pornuestrolaredo.com\/wp-content\/uploads\/2023\/10\/Stereo91-20231013-5.jpg","morenews-large":"https:\/\/pornuestrolaredo.com\/wp-content\/uploads\/2023\/10\/Stereo91-20231013-5.jpg","morenews-medium":"https:\/\/pornuestrolaredo.com\/wp-content\/uploads\/2023\/10\/Stereo91-20231013-5.jpg"},"magazineBlocksPostAuthor":{"name":"Redactor","avatar":"https:\/\/pornuestrolaredo.com\/wp-content\/litespeed\/avatar\/dca1d7ec750c399f025f23b0b314f4cf.jpg?ver=1777612120"},"magazineBlocksPostCommentsNumber":false,"magazineBlocksPostExcerpt":"Lamenta el presidente Andr\u00e9s Manuel L\u00f3pez Obrador la lament\u00f3 la muerte de tres elementos","magazineBlocksPostCategories":["Mexico"],"magazineBlocksPostViewCount":142,"magazineBlocksPostReadTime":3,"magazine_blocks_featured_image_url":{"full":["https:\/\/pornuestrolaredo.com\/wp-content\/uploads\/2023\/10\/Stereo91-20231013-5.jpg",800,600,false],"medium":["https:\/\/pornuestrolaredo.com\/wp-content\/uploads\/2023\/10\/Stereo91-20231013-5-300x225.jpg",300,225,true],"thumbnail":["https:\/\/pornuestrolaredo.com\/wp-content\/uploads\/2023\/10\/Stereo91-20231013-5-150x150.jpg",150,150,true]},"magazine_blocks_author":{"display_name":"Redactor","author_link":"https:\/\/pornuestrolaredo.com\/?author=1"},"magazine_blocks_comment":0,"magazine_blocks_author_image":"https:\/\/pornuestrolaredo.com\/wp-content\/litespeed\/avatar\/dca1d7ec750c399f025f23b0b314f4cf.jpg?ver=1777612120","magazine_blocks_category":"<a href=\"#\" class=\"category-link category-link-33\">Mexico<\/a>","jetpack_publicize_connections":[],"featured_image_urls":{"full":["https:\/\/pornuestrolaredo.com\/wp-content\/uploads\/2023\/10\/Stereo91-20231013-5.jpg",800,600,false],"thumbnail":["https:\/\/pornuestrolaredo.com\/wp-content\/uploads\/2023\/10\/Stereo91-20231013-5-150x150.jpg",150,150,true],"medium":["https:\/\/pornuestrolaredo.com\/wp-content\/uploads\/2023\/10\/Stereo91-20231013-5-300x225.jpg",300,225,true],"medium_large":["https:\/\/pornuestrolaredo.com\/wp-content\/uploads\/2023\/10\/Stereo91-20231013-5-768x576.jpg",640,480,true],"large":["https:\/\/pornuestrolaredo.com\/wp-content\/uploads\/2023\/10\/Stereo91-20231013-5.jpg",640,480,false],"1536x1536":["https:\/\/pornuestrolaredo.com\/wp-content\/uploads\/2023\/10\/Stereo91-20231013-5.jpg",800,600,false],"2048x2048":["https:\/\/pornuestrolaredo.com\/wp-content\/uploads\/2023\/10\/Stereo91-20231013-5.jpg",800,600,false],"morenews-large":["https:\/\/pornuestrolaredo.com\/wp-content\/uploads\/2023\/10\/Stereo91-20231013-5.jpg",767,575,false],"morenews-medium":["https:\/\/pornuestrolaredo.com\/wp-content\/uploads\/2023\/10\/Stereo91-20231013-5.jpg",547,410,false]},"author_info":{"info":["Redactor"]},"category_info":"<a href=\"https:\/\/pornuestrolaredo.com\/?cat=33\" rel=\"category\">Mexico<\/a>","tag_info":"Mexico","comment_count":"0","jetpack_featured_media_url":"https:\/\/pornuestrolaredo.com\/wp-content\/uploads\/2023\/10\/Stereo91-20231013-5.jpg","jetpack_sharing_enabled":true,"_links":{"self":[{"href":"https:\/\/pornuestrolaredo.com\/index.php?rest_route=\/wp\/v2\/posts\/3263","targetHints":{"allow":["GET"]}}],"collection":[{"href":"https:\/\/pornuestrolaredo.com\/index.php?rest_route=\/wp\/v2\/posts"}],"about":[{"href":"https:\/\/pornuestrolaredo.com\/index.php?rest_route=\/wp\/v2\/types\/post"}],"author":[{"embeddable":true,"href":"https:\/\/pornuestrolaredo.com\/index.php?rest_route=\/wp\/v2\/users\/1"}],"replies":[{"embeddable":true,"href":"https:\/\/pornuestrolaredo.com\/index.php?rest_route=%2Fwp%2Fv2%2Fcomments&post=3263"}],"version-history":[{"count":1,"href":"https:\/\/pornuestrolaredo.com\/index.php?rest_route=\/wp\/v2\/posts\/3263\/revisions"}],"predecessor-version":[{"id":3265,"href":"https:\/\/pornuestrolaredo.com\/index.php?rest_route=\/wp\/v2\/posts\/3263\/revisions\/3265"}],"wp:featuredmedia":[{"embeddable":true,"href":"https:\/\/pornuestrolaredo.com\/index.php?rest_route=\/wp\/v2\/media\/3264"}],"wp:attachment":[{"href":"https:\/\/pornuestrolaredo.com\/index.php?rest_route=%2Fwp%2Fv2%2Fmedia&parent=3263"}],"wp:term":[{"taxonomy":"category","embeddable":true,"href":"https:\/\/pornuestrolaredo.com\/index.php?rest_route=%2Fwp%2Fv2%2Fcategories&post=3263"},{"taxonomy":"post_tag","embeddable":true,"href":"https:\/\/pornuestrolaredo.com\/index.php?rest_route=%2Fwp%2Fv2%2Ftags&post=3263"}],"curies":[{"name":"wp","href":"https:\/\/api.w.org\/{rel}","templated":true}]}}