{"id":3266,"date":"2023-10-17T05:10:30","date_gmt":"2023-10-17T05:10:30","guid":{"rendered":"https:\/\/pornuestrolaredo.com\/?p=3266"},"modified":"2023-10-17T05:10:30","modified_gmt":"2023-10-17T05:10:30","slug":"apoya-la-ctm-jornada-laboral-de-40-horas","status":"publish","type":"post","link":"https:\/\/pornuestrolaredo.com\/?p=3266","title":{"rendered":"Apoya la CTM jornada laboral de 40 horas"},"content":{"rendered":"<p><strong>CIUDAD DE M\u00c9XICO.-<\/strong> A unas horas del arranque de los trabajos del Parlamento Abierto sobre reducci\u00f3n de la jornada laboral de 48 a 40 horas, la Confederaci\u00f3n de Trabajadores de M\u00e9xico (CTM) dio su aval a la propuesta.<\/p>\n<p>El senador Carlos Aceves del Olmo, secretario general de la CTM, salud\u00f3 la iniciativa tras considerar que \u00e9sta conllevar\u00e1 &#8220;innumerables beneficios&#8221; para la clase trabajadora.<\/p>\n<blockquote><p>La Confederaci\u00f3n de Trabajadores de M\u00e9xico expresa su apoyo decidido a la reducci\u00f3n de la jornada laboral de 40 horas semanales. Nuestra postura radica en el profundo entendimiento de que esta medida traer\u00e1 innumerables beneficios para la clase trabajadora y el tejido social&#8221;, sostuvo.<\/p><\/blockquote>\n<p>A trav\u00e9s de un comunicado, el jerarca cetemista adelant\u00f3 que la central obrera participar\u00e1 en el Parlamento Abierto que ser\u00e1 inaugurado esta tarde en la C\u00e1mara de Diputados.<\/p>\n<p>De hecho, inform\u00f3 que hab\u00eda comisionado al secretario general adjunto, el diputado Tereso Medina, para plantear el posicionamiento relacionado con una eventual reforma al art\u00edculo 123 de la Constitucional.<\/p>\n<blockquote><p>Asegurando que la perspectiva de los trabajadores ser\u00e1 escuchada&#8221;, indic\u00f3.<\/p><\/blockquote>\n<blockquote><p>En nuestra lucha por un M\u00e9xico de 40 horas, reconocemos la importancia de los foros de Parlamento Abierto como una extensi\u00f3n natural de nuestra filosof\u00eda basada en el tripartismo&#8221;.<\/p>\n<p>Aceves del Olmo record\u00f3 que, seg\u00fan la Organizaci\u00f3n para la Cooperaci\u00f3n y el Desarrollo Econ\u00f3mico (OCDE), M\u00e9xico ocupa el primer lugar con m\u00e1s horas laboradas entre los pa\u00edses miembros \u201ccon un promedio de 2 mil 128 horas al a\u00f1o, superando la media de las naciones pertenecientes cuya cifra es de mil 716&#8243;.<\/p><\/blockquote>\n","protected":false},"excerpt":{"rendered":"<p>Considera que la iniciativa conllevar\u00e1 \u2018innumerables beneficios\u2019 para la clase trabajadora<\/p>\n","protected":false},"author":1,"featured_media":3267,"comment_status":"closed","ping_status":"closed","sticky":false,"template":"","format":"standard","meta":{"_crdt_document":"","_jetpack_memberships_contains_paid_content":false,"footnotes":"","jetpack_publicize_message":"","jetpack_publicize_feature_enabled":true,"jetpack_social_post_already_shared":true,"jetpack_social_options":{"image_generator_settings":{"template":"highway","default_image_id":0,"font":"","enabled":false},"version":2},"_wpas_customize_per_network":false},"categories":[33],"tags":[],"class_list":["post-3266","post","type-post","status-publish","format-standard","has-post-thumbnail","hentry","category-mexico"],"magazineBlocksPostFeaturedMedia":{"thumbnail":"https:\/\/pornuestrolaredo.com\/wp-content\/uploads\/2023\/10\/Stereo91-20231016-5-150x150.jpg","medium":"https:\/\/pornuestrolaredo.com\/wp-content\/uploads\/2023\/10\/Stereo91-20231016-5-300x178.jpg","medium_large":"https:\/\/pornuestrolaredo.com\/wp-content\/uploads\/2023\/10\/Stereo91-20231016-5-768x455.jpg","large":"https:\/\/pornuestrolaredo.com\/wp-content\/uploads\/2023\/10\/Stereo91-20231016-5-1000x592.jpg","1536x1536":"https:\/\/pornuestrolaredo.com\/wp-content\/uploads\/2023\/10\/Stereo91-20231016-5-1536x909.jpg","2048x2048":"https:\/\/pornuestrolaredo.com\/wp-content\/uploads\/2023\/10\/Stereo91-20231016-5.jpg","morenews-large":"https:\/\/pornuestrolaredo.com\/wp-content\/uploads\/2023\/10\/Stereo91-20231016-5.jpg","morenews-medium":"https:\/\/pornuestrolaredo.com\/wp-content\/uploads\/2023\/10\/Stereo91-20231016-5.jpg"},"magazineBlocksPostAuthor":{"name":"Redactor","avatar":"https:\/\/pornuestrolaredo.com\/wp-content\/litespeed\/avatar\/dca1d7ec750c399f025f23b0b314f4cf.jpg?ver=1777612120"},"magazineBlocksPostCommentsNumber":false,"magazineBlocksPostExcerpt":"Considera que la iniciativa conllevar\u00e1 \u2018innumerables beneficios\u2019 para la clase trabajadora","magazineBlocksPostCategories":["Mexico"],"magazineBlocksPostViewCount":137,"magazineBlocksPostReadTime":2,"magazine_blocks_featured_image_url":{"full":["https:\/\/pornuestrolaredo.com\/wp-content\/uploads\/2023\/10\/Stereo91-20231016-5.jpg",2000,1184,false],"medium":["https:\/\/pornuestrolaredo.com\/wp-content\/uploads\/2023\/10\/Stereo91-20231016-5-300x178.jpg",300,178,true],"thumbnail":["https:\/\/pornuestrolaredo.com\/wp-content\/uploads\/2023\/10\/Stereo91-20231016-5-150x150.jpg",150,150,true]},"magazine_blocks_author":{"display_name":"Redactor","author_link":"https:\/\/pornuestrolaredo.com\/?author=1"},"magazine_blocks_comment":0,"magazine_blocks_author_image":"https:\/\/pornuestrolaredo.com\/wp-content\/litespeed\/avatar\/dca1d7ec750c399f025f23b0b314f4cf.jpg?ver=1777612120","magazine_blocks_category":"<a href=\"#\" class=\"category-link category-link-33\">Mexico<\/a>","jetpack_publicize_connections":[],"featured_image_urls":{"full":["https:\/\/pornuestrolaredo.com\/wp-content\/uploads\/2023\/10\/Stereo91-20231016-5.jpg",2000,1184,false],"thumbnail":["https:\/\/pornuestrolaredo.com\/wp-content\/uploads\/2023\/10\/Stereo91-20231016-5-150x150.jpg",150,150,true],"medium":["https:\/\/pornuestrolaredo.com\/wp-content\/uploads\/2023\/10\/Stereo91-20231016-5-300x178.jpg",300,178,true],"medium_large":["https:\/\/pornuestrolaredo.com\/wp-content\/uploads\/2023\/10\/Stereo91-20231016-5-768x455.jpg",640,379,true],"large":["https:\/\/pornuestrolaredo.com\/wp-content\/uploads\/2023\/10\/Stereo91-20231016-5-1000x592.jpg",640,379,true],"1536x1536":["https:\/\/pornuestrolaredo.com\/wp-content\/uploads\/2023\/10\/Stereo91-20231016-5-1536x909.jpg",1536,909,true],"2048x2048":["https:\/\/pornuestrolaredo.com\/wp-content\/uploads\/2023\/10\/Stereo91-20231016-5.jpg",2000,1184,false],"morenews-large":["https:\/\/pornuestrolaredo.com\/wp-content\/uploads\/2023\/10\/Stereo91-20231016-5.jpg",825,488,false],"morenews-medium":["https:\/\/pornuestrolaredo.com\/wp-content\/uploads\/2023\/10\/Stereo91-20231016-5.jpg",590,349,false]},"author_info":{"info":["Redactor"]},"category_info":"<a href=\"https:\/\/pornuestrolaredo.com\/?cat=33\" rel=\"category\">Mexico<\/a>","tag_info":"Mexico","comment_count":"0","jetpack_featured_media_url":"https:\/\/pornuestrolaredo.com\/wp-content\/uploads\/2023\/10\/Stereo91-20231016-5.jpg","jetpack_sharing_enabled":true,"_links":{"self":[{"href":"https:\/\/pornuestrolaredo.com\/index.php?rest_route=\/wp\/v2\/posts\/3266","targetHints":{"allow":["GET"]}}],"collection":[{"href":"https:\/\/pornuestrolaredo.com\/index.php?rest_route=\/wp\/v2\/posts"}],"about":[{"href":"https:\/\/pornuestrolaredo.com\/index.php?rest_route=\/wp\/v2\/types\/post"}],"author":[{"embeddable":true,"href":"https:\/\/pornuestrolaredo.com\/index.php?rest_route=\/wp\/v2\/users\/1"}],"replies":[{"embeddable":true,"href":"https:\/\/pornuestrolaredo.com\/index.php?rest_route=%2Fwp%2Fv2%2Fcomments&post=3266"}],"version-history":[{"count":1,"href":"https:\/\/pornuestrolaredo.com\/index.php?rest_route=\/wp\/v2\/posts\/3266\/revisions"}],"predecessor-version":[{"id":3268,"href":"https:\/\/pornuestrolaredo.com\/index.php?rest_route=\/wp\/v2\/posts\/3266\/revisions\/3268"}],"wp:featuredmedia":[{"embeddable":true,"href":"https:\/\/pornuestrolaredo.com\/index.php?rest_route=\/wp\/v2\/media\/3267"}],"wp:attachment":[{"href":"https:\/\/pornuestrolaredo.com\/index.php?rest_route=%2Fwp%2Fv2%2Fmedia&parent=3266"}],"wp:term":[{"taxonomy":"category","embeddable":true,"href":"https:\/\/pornuestrolaredo.com\/index.php?rest_route=%2Fwp%2Fv2%2Fcategories&post=3266"},{"taxonomy":"post_tag","embeddable":true,"href":"https:\/\/pornuestrolaredo.com\/index.php?rest_route=%2Fwp%2Fv2%2Ftags&post=3266"}],"curies":[{"name":"wp","href":"https:\/\/api.w.org\/{rel}","templated":true}]}}