{"id":3269,"date":"2023-10-17T05:19:01","date_gmt":"2023-10-17T05:19:01","guid":{"rendered":"https:\/\/pornuestrolaredo.com\/?p=3269"},"modified":"2023-10-17T05:19:01","modified_gmt":"2023-10-17T05:19:01","slug":"impulsan-con-creditos-desarrollo-de-negocios-de-nld","status":"publish","type":"post","link":"https:\/\/pornuestrolaredo.com\/?p=3269","title":{"rendered":"Impulsan con cr\u00e9ditos desarrollo de negocios de NLD"},"content":{"rendered":"<p><strong><em>NUEVO LAREDO.-<\/em><\/strong> Un monto de 193 millones de pesos en cr\u00e9ditos se han destinado con el programa  \u201cImpulso Econ\u00f3mico de Nuevo Laredo\u201d, de los cuales se han ejercido hasta el momento 49.9 millones.<\/p>\n<p>La alcaldesa Carmen Lilia Canturosas Villarreal, coment\u00f3 que el Gobierno Municipal ha recibido un total de 100 solicitudes para acceder al programa  que lleva a cabo en conjunto con el Gobierno Estatal.<\/p>\n<p>Explic\u00f3 que ese total de cr\u00e9ditos solicitados asciende a  193 millones de pesos, de los cuales 49.9 millones ya se han depositado a los solicitantes.<\/p>\n<p>Indic\u00f3 que mediante este programa de cr\u00e9ditos se fortalece la generaci\u00f3n de nuevos proyectos y oportunidades laborales con pr\u00e9stamos a plazos de hasta cinco a\u00f1os que tienen una c\u00f3moda tasa anual del 14.75%.<\/p>\n<blockquote><p>Era un tema pendiente que ten\u00edamos con las PYMES y ya es una realidad este apoyo para los negocios locales. Esta colaboraci\u00f3n no es m\u00e1s que otro beneficio que gestionamos para los diferentes sectores de nuestra sociedad y de esta forma, impulsamos la econom\u00eda de la ciudad y mejoramos la calidad de vida de los neolaredenses con oportunidades de mejorar y cristalizar su emprendimiento\u201d, se\u00f1al\u00f3.<\/p><\/blockquote>\n<p>Inform\u00f3 que se cuenta con una bolsa de 313 millones de pesos destinados para apoyar a los negocios locales gracias a la colaboraci\u00f3n entre el Municipio, Estado y Nacional Financiera.<\/p>\n<p>Agradeci\u00f3 al gobernador Am\u00e9rico Villarreal Anaya por llevar a cabo esta iniciativa que abona al buen momento econ\u00f3mico que atraviesa la ciudad y que incentiva a los emprendedores para que hagan crecer sus negocios. <\/p>\n<p>A trav\u00e9s del programa \u201cImpulso Econ\u00f3mico\u201d se ofertan cr\u00e9ditos de 500 mil hasta 5 millones de pesos para emprendedores, peque\u00f1as y medianas empresas con la finalidad de fortalecer los negocios locales.<\/p>\n<p>Para ser acreedor a un cr\u00e9dito es necesario ser una persona f\u00edsica con actividad empresarial, personas morales y R\u00e9gimen de Incorporaci\u00f3n Fiscal (RIF).<\/p>\n<p>Para m\u00e1s informaci\u00f3n acudir a las instalaciones de la Secretar\u00eda Municipal de Desarrollo Econ\u00f3mico ubicadas dentro del antiguo Banco Longoria en un horario de lunes a viernes desde las 8:00 AM a 3:30 PM.<\/p>\n","protected":false},"excerpt":{"rendered":"<p>Los gobiernos Municipal y del Estado financian con 193 millones de pesos a 100 emprendedores; hay 313 millones disponibles<\/p>\n","protected":false},"author":1,"featured_media":3270,"comment_status":"closed","ping_status":"closed","sticky":false,"template":"","format":"standard","meta":{"_crdt_document":"","_jetpack_memberships_contains_paid_content":false,"footnotes":"","jetpack_publicize_message":"","jetpack_publicize_feature_enabled":true,"jetpack_social_post_already_shared":true,"jetpack_social_options":{"image_generator_settings":{"template":"highway","default_image_id":0,"font":"","enabled":false},"version":2},"_wpas_customize_per_network":false},"categories":[4],"tags":[],"class_list":["post-3269","post","type-post","status-publish","format-standard","has-post-thumbnail","hentry","category-los-dos-laredos"],"magazineBlocksPostFeaturedMedia":{"thumbnail":"https:\/\/pornuestrolaredo.com\/wp-content\/uploads\/2023\/10\/Stereo91-20231016-6-150x150.jpg","medium":"https:\/\/pornuestrolaredo.com\/wp-content\/uploads\/2023\/10\/Stereo91-20231016-6-300x169.jpg","medium_large":"https:\/\/pornuestrolaredo.com\/wp-content\/uploads\/2023\/10\/Stereo91-20231016-6-768x434.jpg","large":"https:\/\/pornuestrolaredo.com\/wp-content\/uploads\/2023\/10\/Stereo91-20231016-6-1000x565.jpg","1536x1536":"https:\/\/pornuestrolaredo.com\/wp-content\/uploads\/2023\/10\/Stereo91-20231016-6.jpg","2048x2048":"https:\/\/pornuestrolaredo.com\/wp-content\/uploads\/2023\/10\/Stereo91-20231016-6.jpg","morenews-large":"https:\/\/pornuestrolaredo.com\/wp-content\/uploads\/2023\/10\/Stereo91-20231016-6.jpg","morenews-medium":"https:\/\/pornuestrolaredo.com\/wp-content\/uploads\/2023\/10\/Stereo91-20231016-6.jpg"},"magazineBlocksPostAuthor":{"name":"Redactor","avatar":"https:\/\/pornuestrolaredo.com\/wp-content\/litespeed\/avatar\/dca1d7ec750c399f025f23b0b314f4cf.jpg?ver=1777612120"},"magazineBlocksPostCommentsNumber":false,"magazineBlocksPostExcerpt":"Los gobiernos Municipal y del Estado financian con 193 millones de pesos a 100 emprendedores; hay 313 millones disponibles","magazineBlocksPostCategories":["Los dos Laredos"],"magazineBlocksPostViewCount":140,"magazineBlocksPostReadTime":2,"magazine_blocks_featured_image_url":{"full":["https:\/\/pornuestrolaredo.com\/wp-content\/uploads\/2023\/10\/Stereo91-20231016-6.jpg",1280,723,false],"medium":["https:\/\/pornuestrolaredo.com\/wp-content\/uploads\/2023\/10\/Stereo91-20231016-6-300x169.jpg",300,169,true],"thumbnail":["https:\/\/pornuestrolaredo.com\/wp-content\/uploads\/2023\/10\/Stereo91-20231016-6-150x150.jpg",150,150,true]},"magazine_blocks_author":{"display_name":"Redactor","author_link":"https:\/\/pornuestrolaredo.com\/?author=1"},"magazine_blocks_comment":0,"magazine_blocks_author_image":"https:\/\/pornuestrolaredo.com\/wp-content\/litespeed\/avatar\/dca1d7ec750c399f025f23b0b314f4cf.jpg?ver=1777612120","magazine_blocks_category":"<a href=\"#\" class=\"category-link category-link-4\">Los dos Laredos<\/a>","jetpack_publicize_connections":[],"featured_image_urls":{"full":["https:\/\/pornuestrolaredo.com\/wp-content\/uploads\/2023\/10\/Stereo91-20231016-6.jpg",1280,723,false],"thumbnail":["https:\/\/pornuestrolaredo.com\/wp-content\/uploads\/2023\/10\/Stereo91-20231016-6-150x150.jpg",150,150,true],"medium":["https:\/\/pornuestrolaredo.com\/wp-content\/uploads\/2023\/10\/Stereo91-20231016-6-300x169.jpg",300,169,true],"medium_large":["https:\/\/pornuestrolaredo.com\/wp-content\/uploads\/2023\/10\/Stereo91-20231016-6-768x434.jpg",640,362,true],"large":["https:\/\/pornuestrolaredo.com\/wp-content\/uploads\/2023\/10\/Stereo91-20231016-6-1000x565.jpg",640,362,true],"1536x1536":["https:\/\/pornuestrolaredo.com\/wp-content\/uploads\/2023\/10\/Stereo91-20231016-6.jpg",1280,723,false],"2048x2048":["https:\/\/pornuestrolaredo.com\/wp-content\/uploads\/2023\/10\/Stereo91-20231016-6.jpg",1280,723,false],"morenews-large":["https:\/\/pornuestrolaredo.com\/wp-content\/uploads\/2023\/10\/Stereo91-20231016-6.jpg",825,466,false],"morenews-medium":["https:\/\/pornuestrolaredo.com\/wp-content\/uploads\/2023\/10\/Stereo91-20231016-6.jpg",590,333,false]},"author_info":{"info":["Redactor"]},"category_info":"<a href=\"https:\/\/pornuestrolaredo.com\/?cat=4\" rel=\"category\">Los dos Laredos<\/a>","tag_info":"Los dos Laredos","comment_count":"0","jetpack_featured_media_url":"https:\/\/pornuestrolaredo.com\/wp-content\/uploads\/2023\/10\/Stereo91-20231016-6.jpg","jetpack_sharing_enabled":true,"_links":{"self":[{"href":"https:\/\/pornuestrolaredo.com\/index.php?rest_route=\/wp\/v2\/posts\/3269","targetHints":{"allow":["GET"]}}],"collection":[{"href":"https:\/\/pornuestrolaredo.com\/index.php?rest_route=\/wp\/v2\/posts"}],"about":[{"href":"https:\/\/pornuestrolaredo.com\/index.php?rest_route=\/wp\/v2\/types\/post"}],"author":[{"embeddable":true,"href":"https:\/\/pornuestrolaredo.com\/index.php?rest_route=\/wp\/v2\/users\/1"}],"replies":[{"embeddable":true,"href":"https:\/\/pornuestrolaredo.com\/index.php?rest_route=%2Fwp%2Fv2%2Fcomments&post=3269"}],"version-history":[{"count":1,"href":"https:\/\/pornuestrolaredo.com\/index.php?rest_route=\/wp\/v2\/posts\/3269\/revisions"}],"predecessor-version":[{"id":3271,"href":"https:\/\/pornuestrolaredo.com\/index.php?rest_route=\/wp\/v2\/posts\/3269\/revisions\/3271"}],"wp:featuredmedia":[{"embeddable":true,"href":"https:\/\/pornuestrolaredo.com\/index.php?rest_route=\/wp\/v2\/media\/3270"}],"wp:attachment":[{"href":"https:\/\/pornuestrolaredo.com\/index.php?rest_route=%2Fwp%2Fv2%2Fmedia&parent=3269"}],"wp:term":[{"taxonomy":"category","embeddable":true,"href":"https:\/\/pornuestrolaredo.com\/index.php?rest_route=%2Fwp%2Fv2%2Fcategories&post=3269"},{"taxonomy":"post_tag","embeddable":true,"href":"https:\/\/pornuestrolaredo.com\/index.php?rest_route=%2Fwp%2Fv2%2Ftags&post=3269"}],"curies":[{"name":"wp","href":"https:\/\/api.w.org\/{rel}","templated":true}]}}