{"id":3279,"date":"2023-10-17T18:29:47","date_gmt":"2023-10-17T18:29:47","guid":{"rendered":"https:\/\/pornuestrolaredo.com\/?p=3279"},"modified":"2023-10-17T18:29:47","modified_gmt":"2023-10-17T18:29:47","slug":"termina-rescate-de-mexicanos-desde-israel","status":"publish","type":"post","link":"https:\/\/pornuestrolaredo.com\/?p=3279","title":{"rendered":"Termina rescate de mexicanos desde Israel"},"content":{"rendered":"<p><strong><em>CIUDAD DE M\u00c9XICO.- <\/em><\/strong>Con diez minutos de diferencia, a las 2:30 y 2:40 horas de este martes, aterrizaron en la pista de la Base A\u00e9rea Militar n\u00famero 1, de Santa Luc\u00eda, en el Estado de M\u00e9xico, los dos aviones Boeing 737-800 de la Fuerza A\u00e9rea Mexicana (FAM), con 275 pasajeros a bordo, que vivieron los ataques del grupo Ham\u00e1s a la poblaci\u00f3n de Israel, con lo que concluy\u00f3 la Operaci\u00f3n de Rescate Repatriaci\u00f3n.<\/p>\n<p>En el avi\u00f3n con matr\u00edcula 3528 viajaron 137 personas, 51 de ellas eran menores de 15 a\u00f1os, cuatro mujeres embarazadas y una ni\u00f1a de 11 a\u00f1os, con diabetes tipo 1, que requiri\u00f3 cuidados especiales durante el viaje.<\/p>\n<p>La aeronave con matr\u00edcula 3527 transport\u00f3 a 138 personas, de las cuales 31 ni\u00f1as y ni\u00f1as menores de 15 a\u00f1os y una mujer embarazada, inform\u00f3 la Secretar\u00eda de la Defensa Nacional (Sedena), dependencia que coordin\u00f3 el operativo, junto con la Secretar\u00eda de Relaciones Exteriores (SRE) y el apoyo de la FAM.<\/p>\n<p>Los ataques de Ham\u00e1s a la poblaci\u00f3n de Israel interrumpieron las vacaciones que Ita Bercovich plane\u00f3, para pasar un mes visitando a su hija, su nieta y su yerno, pero s\u00f3lo fueron dos semanas, una en medio del conflicto.<\/p>\n<p>Para Israel no en nueva una guerra, no es nueva una guerra, y los ciudadanos se acostumbran a vivir con una guerra, suenan las alarmas, bajan a los refugios, retoman su vida normal saliendo del refugio, pero, bueno, esta ocasi\u00f3n esta guerra no se parece a ninguna\u201d, coment\u00f3 a su llegada a M\u00e9xico, en las instalaciones de la BAM 1.<\/p>\n<p>Ita regres\u00f3 con su familia a M\u00e9xico, tras ver frustradas sus vacaciones, pero Michel Gonz\u00e1lez \u00fanicamente regres\u00f3 con sus tres hijos menores, debido a que su esposo se tuvo que quedar en su pa\u00eds.<\/p>\n<blockquote><p>Pues triste, dif\u00edcil, esperando que todo esto pase y termine para volver a estar juntos\u2026 \u00c9l sigue trabajando, por el trabajo no pudo venir. A los ni\u00f1os, explicarles en su lenguaje, de manera sencilla\u201d, coment\u00f3 Gonz\u00e1lez.<\/p><\/blockquote>\n<p>Hugo Enrique ten\u00eda m\u00e1s de un a\u00f1o en Israel como pastor de la Iglesia Adventista del S\u00e9ptimo D\u00eda, y regresa de manera forzada a Morelos, su estado natal, a ver interrumpida su labor.<\/p>\n<blockquote><p>Ten\u00eda otras metas all\u00e1 y no se lograron, pero estamos vivos, que es lo m\u00e1s importante, porque all\u00e1 era correr al b\u00fanker y ver los misiles, que el sistema antimisil de Israel, el Domo de la Roca, los destruye; se estaba empezando a acabar la comida, y situaciones as\u00ed, el p\u00e1nico. Un servidor y mi familia estamos tranquilos, confiamos en Dios\u201d.<\/p><\/blockquote>\n<p><strong>MISI\u00d3N CUMPLIDA<\/strong><br \/>\nEl jefe de la Operaci\u00f3n Rescate, el general piloto aviador Leobardo \u00c1vila Boj\u00f3rquez, inform\u00f3 que, con 720 mexicanos rescatados de los ataques de Ham\u00e1s a Israel, y m\u00e1s de 88 horas de vuelo, la Fuerza A\u00e9rea Mexicana cumpli\u00f3 la misi\u00f3n asignada.<\/p>\n<blockquote><p>El Ej\u00e9rcito y Fuerza A\u00e9rea mexicanos cumplimos cabalmente esta misi\u00f3n que nos fue encomendada. Estamos muy contentos de poder demostrar al pueblo de M\u00e9xico que estamos para ellos, y servimos para ellos, y estamos dando siempre nuestro mejor esfuerzo, y con gran orgullo podemos decir que representamos a nuestro pueblo con este uniforme de la patria\u201d, afirm\u00f3 el mando a\u00e9reo.<\/p><\/blockquote>\n","protected":false},"excerpt":{"rendered":"<p>La Operaci\u00f3n Repatriaci\u00f3n trajo al pa\u00eds a 720 connacionales que se hallaban en Medio Oriente<\/p>\n","protected":false},"author":1,"featured_media":3280,"comment_status":"closed","ping_status":"closed","sticky":false,"template":"","format":"standard","meta":{"_crdt_document":"","_jetpack_memberships_contains_paid_content":false,"footnotes":"","jetpack_publicize_message":"","jetpack_publicize_feature_enabled":true,"jetpack_social_post_already_shared":true,"jetpack_social_options":{"image_generator_settings":{"template":"highway","default_image_id":0,"font":"","enabled":false},"version":2},"_wpas_customize_per_network":false},"categories":[33],"tags":[],"class_list":["post-3279","post","type-post","status-publish","format-standard","has-post-thumbnail","hentry","category-mexico"],"magazineBlocksPostFeaturedMedia":{"thumbnail":"https:\/\/pornuestrolaredo.com\/wp-content\/uploads\/2023\/10\/Stereo91-20231017-1-150x150.jpg","medium":"https:\/\/pornuestrolaredo.com\/wp-content\/uploads\/2023\/10\/Stereo91-20231017-1-300x163.jpg","medium_large":"https:\/\/pornuestrolaredo.com\/wp-content\/uploads\/2023\/10\/Stereo91-20231017-1-768x416.jpg","large":"https:\/\/pornuestrolaredo.com\/wp-content\/uploads\/2023\/10\/Stereo91-20231017-1.jpg","1536x1536":"https:\/\/pornuestrolaredo.com\/wp-content\/uploads\/2023\/10\/Stereo91-20231017-1.jpg","2048x2048":"https:\/\/pornuestrolaredo.com\/wp-content\/uploads\/2023\/10\/Stereo91-20231017-1.jpg","morenews-large":"https:\/\/pornuestrolaredo.com\/wp-content\/uploads\/2023\/10\/Stereo91-20231017-1.jpg","morenews-medium":"https:\/\/pornuestrolaredo.com\/wp-content\/uploads\/2023\/10\/Stereo91-20231017-1.jpg"},"magazineBlocksPostAuthor":{"name":"Redactor","avatar":"https:\/\/pornuestrolaredo.com\/wp-content\/litespeed\/avatar\/dca1d7ec750c399f025f23b0b314f4cf.jpg?ver=1777612120"},"magazineBlocksPostCommentsNumber":false,"magazineBlocksPostExcerpt":"La Operaci\u00f3n Repatriaci\u00f3n trajo al pa\u00eds a 720 connacionales que se hallaban en Medio Oriente","magazineBlocksPostCategories":["Mexico"],"magazineBlocksPostViewCount":137,"magazineBlocksPostReadTime":3,"magazine_blocks_featured_image_url":{"full":["https:\/\/pornuestrolaredo.com\/wp-content\/uploads\/2023\/10\/Stereo91-20231017-1.jpg",960,520,false],"medium":["https:\/\/pornuestrolaredo.com\/wp-content\/uploads\/2023\/10\/Stereo91-20231017-1-300x163.jpg",300,163,true],"thumbnail":["https:\/\/pornuestrolaredo.com\/wp-content\/uploads\/2023\/10\/Stereo91-20231017-1-150x150.jpg",150,150,true]},"magazine_blocks_author":{"display_name":"Redactor","author_link":"https:\/\/pornuestrolaredo.com\/?author=1"},"magazine_blocks_comment":0,"magazine_blocks_author_image":"https:\/\/pornuestrolaredo.com\/wp-content\/litespeed\/avatar\/dca1d7ec750c399f025f23b0b314f4cf.jpg?ver=1777612120","magazine_blocks_category":"<a href=\"#\" class=\"category-link category-link-33\">Mexico<\/a>","jetpack_publicize_connections":[],"featured_image_urls":{"full":["https:\/\/pornuestrolaredo.com\/wp-content\/uploads\/2023\/10\/Stereo91-20231017-1.jpg",960,520,false],"thumbnail":["https:\/\/pornuestrolaredo.com\/wp-content\/uploads\/2023\/10\/Stereo91-20231017-1-150x150.jpg",150,150,true],"medium":["https:\/\/pornuestrolaredo.com\/wp-content\/uploads\/2023\/10\/Stereo91-20231017-1-300x163.jpg",300,163,true],"medium_large":["https:\/\/pornuestrolaredo.com\/wp-content\/uploads\/2023\/10\/Stereo91-20231017-1-768x416.jpg",640,347,true],"large":["https:\/\/pornuestrolaredo.com\/wp-content\/uploads\/2023\/10\/Stereo91-20231017-1.jpg",640,347,false],"1536x1536":["https:\/\/pornuestrolaredo.com\/wp-content\/uploads\/2023\/10\/Stereo91-20231017-1.jpg",960,520,false],"2048x2048":["https:\/\/pornuestrolaredo.com\/wp-content\/uploads\/2023\/10\/Stereo91-20231017-1.jpg",960,520,false],"morenews-large":["https:\/\/pornuestrolaredo.com\/wp-content\/uploads\/2023\/10\/Stereo91-20231017-1.jpg",825,447,false],"morenews-medium":["https:\/\/pornuestrolaredo.com\/wp-content\/uploads\/2023\/10\/Stereo91-20231017-1.jpg",590,320,false]},"author_info":{"info":["Redactor"]},"category_info":"<a href=\"https:\/\/pornuestrolaredo.com\/?cat=33\" rel=\"category\">Mexico<\/a>","tag_info":"Mexico","comment_count":"0","jetpack_featured_media_url":"https:\/\/pornuestrolaredo.com\/wp-content\/uploads\/2023\/10\/Stereo91-20231017-1.jpg","jetpack_sharing_enabled":true,"_links":{"self":[{"href":"https:\/\/pornuestrolaredo.com\/index.php?rest_route=\/wp\/v2\/posts\/3279","targetHints":{"allow":["GET"]}}],"collection":[{"href":"https:\/\/pornuestrolaredo.com\/index.php?rest_route=\/wp\/v2\/posts"}],"about":[{"href":"https:\/\/pornuestrolaredo.com\/index.php?rest_route=\/wp\/v2\/types\/post"}],"author":[{"embeddable":true,"href":"https:\/\/pornuestrolaredo.com\/index.php?rest_route=\/wp\/v2\/users\/1"}],"replies":[{"embeddable":true,"href":"https:\/\/pornuestrolaredo.com\/index.php?rest_route=%2Fwp%2Fv2%2Fcomments&post=3279"}],"version-history":[{"count":1,"href":"https:\/\/pornuestrolaredo.com\/index.php?rest_route=\/wp\/v2\/posts\/3279\/revisions"}],"predecessor-version":[{"id":3281,"href":"https:\/\/pornuestrolaredo.com\/index.php?rest_route=\/wp\/v2\/posts\/3279\/revisions\/3281"}],"wp:featuredmedia":[{"embeddable":true,"href":"https:\/\/pornuestrolaredo.com\/index.php?rest_route=\/wp\/v2\/media\/3280"}],"wp:attachment":[{"href":"https:\/\/pornuestrolaredo.com\/index.php?rest_route=%2Fwp%2Fv2%2Fmedia&parent=3279"}],"wp:term":[{"taxonomy":"category","embeddable":true,"href":"https:\/\/pornuestrolaredo.com\/index.php?rest_route=%2Fwp%2Fv2%2Fcategories&post=3279"},{"taxonomy":"post_tag","embeddable":true,"href":"https:\/\/pornuestrolaredo.com\/index.php?rest_route=%2Fwp%2Fv2%2Ftags&post=3279"}],"curies":[{"name":"wp","href":"https:\/\/api.w.org\/{rel}","templated":true}]}}