{"id":3282,"date":"2023-10-17T18:55:16","date_gmt":"2023-10-17T18:55:16","guid":{"rendered":"https:\/\/pornuestrolaredo.com\/?p=3282"},"modified":"2023-10-17T18:55:16","modified_gmt":"2023-10-17T18:55:16","slug":"habria-tren-de-pasajeros-a-nuevo-laredo","status":"publish","type":"post","link":"https:\/\/pornuestrolaredo.com\/?p=3282","title":{"rendered":"Habr\u00eda tren de pasajeros a Nuevo Laredo"},"content":{"rendered":"<p><strong><em>CIUDAD DE M\u00c9XICO.-<\/em><\/strong> El presidente Andr\u00e9s Manuel L\u00f3pez Obrador advirti\u00f3 a los concesionarios del sector ferroviario que, si no quieren dar servicio de pasajeros, lo dar\u00e1 el Estado a trav\u00e9s de las Fuerzas Armadas y en este caso, uno de los destinos ser\u00eda Nuevo Laredo.<\/p>\n<p>En la conferencia ma\u00f1anera, L\u00f3pez Obrador insisti\u00f3 que el gobierno puede hacerlo, sin quitar las concesiones actuales, pues existe una cl\u00e1usula que establece que cuando se necesiten trenes de pasajeros, el Estado mexicano puede utilizar las v\u00edas f\u00e9rreas existentes.<\/p>\n<blockquote><p>El Estado puede, para trenes de pasajeros, utilizar las v\u00edas de carga y entregar concesiones con este prop\u00f3sito. Entonces, no es quitar las concesiones, ellos mantienen sus concesiones para el transporte de carga, pero en el caso del transporte de pasajeros, el Estado puede usar esas v\u00edas y entregar concesiones\u201d, se\u00f1al\u00f3.<\/p><\/blockquote>\n<blockquote><p>\u00bfA quienes? Primero, a ellos mismos, a ver, en un plazo razonable, resp\u00f3ndanme si pueden ustedes dar este servicio para darles a ustedes mismos la concesi\u00f3n para el servicio de tren de pasajeros, esto significa que van a invertir, significa que van a comprar los trenes y que van a dar a usted es el servicio\u201d, dijo.<\/p><\/blockquote>\n<p>L\u00f3pez Obrador anunci\u00f3 que, en caso de que los concesionarios digan \u201cno\u201d a los trenes de pasajeros, el Gobierno entregar\u00eda a la Marina la explotaci\u00f3n de v\u00edas del tramo Veracruz-Ciudad de M\u00e9xico, y a la Secretar\u00eda de Defensa Nacional el \u201cTren del Norte\u201d.<\/p>\n<p>Este \u00faltimo abarcar\u00eda estados como Jalisco, Sonora, Sinaloa, Quer\u00e9taro, San Luis Potos\u00ed, Monterrey Tamaulipas, donde opera tren de carga, pero cuyas v\u00edas se usar\u00edan para que la Sedena desarrolle trenes de pasajeros por medio de la empresa de participaci\u00f3n estatal mayoritaria Tren Maya.<\/p>\n<p>&#8211; \u00bfY si no aceptan, Presidente?, se le pregunt\u00f3.<\/p>\n<blockquote><p>Ah, si no se acepta, eso va a ser en un tiempo, si dicen &#8216;no nos importa, nosotros vamos a seguir dando el servicio de trenes de carga&#8217;, bueno, entonces vamos nosotros, tenemos dos posibilidades: una, es que unas v\u00edas se concesionen a la Secretar\u00eda de Marina, o sea, que el tren del Istmo, que ya est\u00e1 manejado por Marina, llegue a Veracruz y a la Ciudad de M\u00e9xico como concesi\u00f3n\u201d, explic\u00f3.<\/p><\/blockquote>\n<blockquote><p>Lo otro es que el (Tren) Maya (que administra la Sedena) se convierta en el tren del Norte, se extienda a Guadalajara y a Sinaloa, y Sonora y Nogales, hasta all\u00e1, y la otra v\u00eda a Quer\u00e9taro, San Luis, Monterrey, Nuevo Laredo\u201d.<\/p><\/blockquote>\n<p>L\u00f3pez Obrador indic\u00f3 que otra posibilidad es que el Estado llegue a acuerdos con las empresas para el mejoramiento de v\u00edas y el manejo de horarios para la operaci\u00f3n de las mismas para trenes de pasajeros.<\/p>\n<blockquote><p>Y lo otro es, a ver, el Estado mismo, en sociedad, con algunas empresas nacionales que quieran arreglar las v\u00edas y es un acuerdo nada m\u00e1s para el manejo de horarios, para el tr\u00e1nsito de los trenes de carga, qu\u00e9 horario y qu\u00e9 horario para el de pasajeros, arreglarlo, pero es muy buen proyecto hacia adelante, para la Naci\u00f3n, en beneficio del pueblo\u201d.<\/p><\/blockquote>\n<p>&#8211; \u00bfCu\u00e1ndo lo va determinar?, se le insisti\u00f3.<\/p>\n<blockquote><p>Yo esta semana, es que tengo much\u00edsimo trabajo, pero tengo que elaborar el texto del memor\u00e1ndum, estoy esperando tambi\u00e9n, hoy regresaba Jorge Nu\u00f1o, lo invitaron a Washington. Entonces, vamos a trabajar sobre esto\u201d, contest\u00f3.<\/p><\/blockquote>\n<p>El 10 de octubre, L\u00f3pez Obrador anunci\u00f3 por primera vez que propondr\u00e1 a los concesionarios de ferrocarriles de carga que operen trenes de pasajeros, pero que sean el\u00e9ctricos.<\/p>\n","protected":false},"excerpt":{"rendered":"<p>El servicio lo dar\u00edan la Marina y Sedena en caso de que la Iniciativa Privada no acepte operarlo en las v\u00edas que usan trenes de carga<\/p>\n","protected":false},"author":1,"featured_media":3283,"comment_status":"closed","ping_status":"closed","sticky":false,"template":"","format":"standard","meta":{"_crdt_document":"","_jetpack_memberships_contains_paid_content":false,"footnotes":"","jetpack_publicize_message":"","jetpack_publicize_feature_enabled":true,"jetpack_social_post_already_shared":true,"jetpack_social_options":{"image_generator_settings":{"template":"highway","default_image_id":0,"font":"","enabled":false},"version":2},"_wpas_customize_per_network":false},"categories":[33],"tags":[],"class_list":["post-3282","post","type-post","status-publish","format-standard","has-post-thumbnail","hentry","category-mexico"],"magazineBlocksPostFeaturedMedia":{"thumbnail":"https:\/\/pornuestrolaredo.com\/wp-content\/uploads\/2023\/10\/Stereo91-20231017-2-150x150.jpg","medium":"https:\/\/pornuestrolaredo.com\/wp-content\/uploads\/2023\/10\/Stereo91-20231017-2-300x169.jpg","medium_large":"https:\/\/pornuestrolaredo.com\/wp-content\/uploads\/2023\/10\/Stereo91-20231017-2-768x432.jpg","large":"https:\/\/pornuestrolaredo.com\/wp-content\/uploads\/2023\/10\/Stereo91-20231017-2.jpg","1536x1536":"https:\/\/pornuestrolaredo.com\/wp-content\/uploads\/2023\/10\/Stereo91-20231017-2.jpg","2048x2048":"https:\/\/pornuestrolaredo.com\/wp-content\/uploads\/2023\/10\/Stereo91-20231017-2.jpg","morenews-large":"https:\/\/pornuestrolaredo.com\/wp-content\/uploads\/2023\/10\/Stereo91-20231017-2.jpg","morenews-medium":"https:\/\/pornuestrolaredo.com\/wp-content\/uploads\/2023\/10\/Stereo91-20231017-2.jpg"},"magazineBlocksPostAuthor":{"name":"Redactor","avatar":"https:\/\/pornuestrolaredo.com\/wp-content\/litespeed\/avatar\/dca1d7ec750c399f025f23b0b314f4cf.jpg?ver=1777612120"},"magazineBlocksPostCommentsNumber":false,"magazineBlocksPostExcerpt":"El servicio lo dar\u00edan la Marina y Sedena en caso de que la Iniciativa Privada no acepte operarlo en las v\u00edas que usan trenes de carga","magazineBlocksPostCategories":["Mexico"],"magazineBlocksPostViewCount":155,"magazineBlocksPostReadTime":4,"magazine_blocks_featured_image_url":{"full":["https:\/\/pornuestrolaredo.com\/wp-content\/uploads\/2023\/10\/Stereo91-20231017-2.jpg",850,478,false],"medium":["https:\/\/pornuestrolaredo.com\/wp-content\/uploads\/2023\/10\/Stereo91-20231017-2-300x169.jpg",300,169,true],"thumbnail":["https:\/\/pornuestrolaredo.com\/wp-content\/uploads\/2023\/10\/Stereo91-20231017-2-150x150.jpg",150,150,true]},"magazine_blocks_author":{"display_name":"Redactor","author_link":"https:\/\/pornuestrolaredo.com\/?author=1"},"magazine_blocks_comment":0,"magazine_blocks_author_image":"https:\/\/pornuestrolaredo.com\/wp-content\/litespeed\/avatar\/dca1d7ec750c399f025f23b0b314f4cf.jpg?ver=1777612120","magazine_blocks_category":"<a href=\"#\" class=\"category-link category-link-33\">Mexico<\/a>","jetpack_publicize_connections":[],"featured_image_urls":{"full":["https:\/\/pornuestrolaredo.com\/wp-content\/uploads\/2023\/10\/Stereo91-20231017-2.jpg",850,478,false],"thumbnail":["https:\/\/pornuestrolaredo.com\/wp-content\/uploads\/2023\/10\/Stereo91-20231017-2-150x150.jpg",150,150,true],"medium":["https:\/\/pornuestrolaredo.com\/wp-content\/uploads\/2023\/10\/Stereo91-20231017-2-300x169.jpg",300,169,true],"medium_large":["https:\/\/pornuestrolaredo.com\/wp-content\/uploads\/2023\/10\/Stereo91-20231017-2-768x432.jpg",640,360,true],"large":["https:\/\/pornuestrolaredo.com\/wp-content\/uploads\/2023\/10\/Stereo91-20231017-2.jpg",640,360,false],"1536x1536":["https:\/\/pornuestrolaredo.com\/wp-content\/uploads\/2023\/10\/Stereo91-20231017-2.jpg",850,478,false],"2048x2048":["https:\/\/pornuestrolaredo.com\/wp-content\/uploads\/2023\/10\/Stereo91-20231017-2.jpg",850,478,false],"morenews-large":["https:\/\/pornuestrolaredo.com\/wp-content\/uploads\/2023\/10\/Stereo91-20231017-2.jpg",825,464,false],"morenews-medium":["https:\/\/pornuestrolaredo.com\/wp-content\/uploads\/2023\/10\/Stereo91-20231017-2.jpg",590,332,false]},"author_info":{"info":["Redactor"]},"category_info":"<a href=\"https:\/\/pornuestrolaredo.com\/?cat=33\" rel=\"category\">Mexico<\/a>","tag_info":"Mexico","comment_count":"0","jetpack_featured_media_url":"https:\/\/pornuestrolaredo.com\/wp-content\/uploads\/2023\/10\/Stereo91-20231017-2.jpg","jetpack_sharing_enabled":true,"_links":{"self":[{"href":"https:\/\/pornuestrolaredo.com\/index.php?rest_route=\/wp\/v2\/posts\/3282","targetHints":{"allow":["GET"]}}],"collection":[{"href":"https:\/\/pornuestrolaredo.com\/index.php?rest_route=\/wp\/v2\/posts"}],"about":[{"href":"https:\/\/pornuestrolaredo.com\/index.php?rest_route=\/wp\/v2\/types\/post"}],"author":[{"embeddable":true,"href":"https:\/\/pornuestrolaredo.com\/index.php?rest_route=\/wp\/v2\/users\/1"}],"replies":[{"embeddable":true,"href":"https:\/\/pornuestrolaredo.com\/index.php?rest_route=%2Fwp%2Fv2%2Fcomments&post=3282"}],"version-history":[{"count":1,"href":"https:\/\/pornuestrolaredo.com\/index.php?rest_route=\/wp\/v2\/posts\/3282\/revisions"}],"predecessor-version":[{"id":3284,"href":"https:\/\/pornuestrolaredo.com\/index.php?rest_route=\/wp\/v2\/posts\/3282\/revisions\/3284"}],"wp:featuredmedia":[{"embeddable":true,"href":"https:\/\/pornuestrolaredo.com\/index.php?rest_route=\/wp\/v2\/media\/3283"}],"wp:attachment":[{"href":"https:\/\/pornuestrolaredo.com\/index.php?rest_route=%2Fwp%2Fv2%2Fmedia&parent=3282"}],"wp:term":[{"taxonomy":"category","embeddable":true,"href":"https:\/\/pornuestrolaredo.com\/index.php?rest_route=%2Fwp%2Fv2%2Fcategories&post=3282"},{"taxonomy":"post_tag","embeddable":true,"href":"https:\/\/pornuestrolaredo.com\/index.php?rest_route=%2Fwp%2Fv2%2Ftags&post=3282"}],"curies":[{"name":"wp","href":"https:\/\/api.w.org\/{rel}","templated":true}]}}