{"id":3285,"date":"2023-10-17T19:18:03","date_gmt":"2023-10-17T19:18:03","guid":{"rendered":"https:\/\/pornuestrolaredo.com\/?p=3285"},"modified":"2023-10-17T19:18:03","modified_gmt":"2023-10-17T19:18:03","slug":"mata-a-dos-aficionados-de-futbol-la-policia-lo-abate","status":"publish","type":"post","link":"https:\/\/pornuestrolaredo.com\/?p=3285","title":{"rendered":"Mata a dos aficionados de futbol; la Polic\u00eda lo abate"},"content":{"rendered":"<p><strong><em>BRUSELAS, B\u00e9lgica.-<\/em><\/strong> La Polic\u00eda de Bruselas intercept\u00f3 y abati\u00f3 este martes al sospechoso de matar a dos aficionados suecos de futbol en la capital de B\u00e9lgica, un ataque calificado como terrorista.<\/p>\n<p>En un comunicado, la Fiscal\u00eda de B\u00e9lgica inform\u00f3 que el sospechoso fue identificado en la ma\u00f1ana en una cafeter\u00eda, donde fue abordado por agentes, que efectuaron varios disparos y el hombre result\u00f3 mortalmente herido. <\/p>\n<p>El agresor fue localizado en un local en el barrio de Schaerbeek, cerca del lugar del crimen que hab\u00eda cometido. Las autoridades recuperaron el arma utilizada en el asalto.<\/p>\n<p>Servicios de socorro trataron de reanimar al extremista, de 45 a\u00f1os, pero fue declarado muerto luego de una intensa b\u00fasqueda durante toda la noche en Bruselas, donde se sospecha que igual hiri\u00f3 al menos a dos personas m\u00e1s. <\/p>\n<p>Los fiscales federales dijeron m\u00e1s tarde que el sospechoso fue encontrado despu\u00e9s de que un testigo reportara haberlo visto en la cafeter\u00eda.  <\/p>\n<p>En una conferencia de prensa realizada el inicio de la ma\u00f1ana de este martes, el Primer Ministro belga, Alexander De Croo, dijo que el sospechoso era un tunecino que viv\u00eda en B\u00e9lgica en forma ilegal.<\/p>\n<p>El asesino reivindic\u00f3 su responsabilidad por el ataque divulgando en redes sociales un video asegurando que se inspir\u00f3 en el grupo radical Estado Isl\u00e1mico (EI), de acuerdo con el Primer Ministro belga.<\/p>\n<blockquote><p>El ataque terrorista que ocurri\u00f3 ayer fue cometido con total cobard\u00eda. El atacante escogi\u00f3 como blancos a dos aficionados de futbol suecos&#8221;, expres\u00f3 De Croo.<\/p><\/blockquote>\n<p>Seg\u00fan una transcripci\u00f3n period\u00edstica del mensaje de video grabado por el autoproclamado perpetrador, el atacante dijo que hab\u00eda matado a suecos para vengarse en nombre de los musulmanes.<\/p>\n<p>Se alega que el sospechoso dijo en el video que, para \u00e9l, el Cor\u00e1n era &#8220;una l\u00ednea roja por la que est\u00e1 dispuesto a sacrificarse&#8221;.<\/p>\n<p><strong>EXTREMISTA CON ANTECEDENTES<br \/>\n<\/strong><br \/>\nEl sospechoso ya era conocido por la Polic\u00eda bruselense por participaci\u00f3n de tr\u00e1fico de personas y al menos un &#8220;atentado a la seguridad del Estado&#8221;.<\/p>\n<p>En una grabaci\u00f3n compartida en redes sociales, el presunto pistolero se hac\u00eda llamar Abdesalem Al Guilani.<\/p>\n<p>El Ministro de Justicia, Vincent Van Quickenborne, revel\u00f3 que en 2016 &#8220;informaciones no confirmadas y transmitidas por un servicio de polic\u00eda extranjero indicaban que ten\u00eda un perfil radicalizado&#8221;.<\/p>\n<p>&#8220;Aunque era conocido por nuestros servicios, no hab\u00eda ninguna informaci\u00f3n concreta de radicalizaci\u00f3n&#8221;, afirm\u00f3 el Ministro.<\/p>\n<p>A\u00f1adi\u00f3 que la Polic\u00eda belga conoc\u00eda la relaci\u00f3n del atacante con el tr\u00e1fico de personas desde noviembre de 2019 y que viv\u00eda ilegalmente en el pa\u00eds.<\/p>\n<p>El tunecino hab\u00eda presentado una demanda formal de asilo en B\u00e9lgica en noviembre de 2019, que fue finalmente negado en octubre de 2020. Fue eliminado de los registros en febrero de 2021 y desde entonces no hab\u00eda podido ser localizado.<\/p>\n<p>En Suecia, las autoridades indicaron que el tunecino hab\u00eda permanecido ocasionalmente en ese pa\u00eds pero que no figuraba en los archivos policiales.<\/p>\n<p>La informaci\u00f3n proporcionada a las autoridades belgas por un Gobierno no identificado sugiri\u00f3 que el hombre ten\u00eda intenci\u00f3n de viajar al extranjero para luchar en una guerra santa. Pero las autoridades belgas no pudieron comprobarlo, por lo que nunca fue catalogado como peligroso.<\/p>\n","protected":false},"excerpt":{"rendered":"<p>El agresor fue localizado en un local en el barrio de Schaerbeek, cerca del lugar del crimen; las autoridades recuperan el arma usada en el doble asesinato<\/p>\n","protected":false},"author":1,"featured_media":3287,"comment_status":"closed","ping_status":"closed","sticky":false,"template":"","format":"standard","meta":{"_crdt_document":"","_jetpack_memberships_contains_paid_content":false,"footnotes":"","jetpack_publicize_message":"","jetpack_publicize_feature_enabled":true,"jetpack_social_post_already_shared":true,"jetpack_social_options":{"image_generator_settings":{"template":"highway","default_image_id":0,"font":"","enabled":false},"version":2},"_wpas_customize_per_network":false},"categories":[9],"tags":[],"class_list":["post-3285","post","type-post","status-publish","format-standard","has-post-thumbnail","hentry","category-el-mundo"],"magazineBlocksPostFeaturedMedia":{"thumbnail":"https:\/\/pornuestrolaredo.com\/wp-content\/uploads\/2023\/10\/Stereo91-20231017-3-150x150.jpg","medium":"https:\/\/pornuestrolaredo.com\/wp-content\/uploads\/2023\/10\/Stereo91-20231017-3-300x155.jpg","medium_large":"https:\/\/pornuestrolaredo.com\/wp-content\/uploads\/2023\/10\/Stereo91-20231017-3-768x398.jpg","large":"https:\/\/pornuestrolaredo.com\/wp-content\/uploads\/2023\/10\/Stereo91-20231017-3.jpg","1536x1536":"https:\/\/pornuestrolaredo.com\/wp-content\/uploads\/2023\/10\/Stereo91-20231017-3.jpg","2048x2048":"https:\/\/pornuestrolaredo.com\/wp-content\/uploads\/2023\/10\/Stereo91-20231017-3.jpg","morenews-large":"https:\/\/pornuestrolaredo.com\/wp-content\/uploads\/2023\/10\/Stereo91-20231017-3.jpg","morenews-medium":"https:\/\/pornuestrolaredo.com\/wp-content\/uploads\/2023\/10\/Stereo91-20231017-3.jpg"},"magazineBlocksPostAuthor":{"name":"Redactor","avatar":"https:\/\/pornuestrolaredo.com\/wp-content\/litespeed\/avatar\/dca1d7ec750c399f025f23b0b314f4cf.jpg?ver=1777612120"},"magazineBlocksPostCommentsNumber":false,"magazineBlocksPostExcerpt":"El agresor fue localizado en un local en el barrio de Schaerbeek, cerca del lugar del crimen; las autoridades recuperan el arma usada en el doble asesinato","magazineBlocksPostCategories":["El Mundo"],"magazineBlocksPostViewCount":136,"magazineBlocksPostReadTime":3,"magazine_blocks_featured_image_url":{"full":["https:\/\/pornuestrolaredo.com\/wp-content\/uploads\/2023\/10\/Stereo91-20231017-3.jpg",850,440,false],"medium":["https:\/\/pornuestrolaredo.com\/wp-content\/uploads\/2023\/10\/Stereo91-20231017-3-300x155.jpg",300,155,true],"thumbnail":["https:\/\/pornuestrolaredo.com\/wp-content\/uploads\/2023\/10\/Stereo91-20231017-3-150x150.jpg",150,150,true]},"magazine_blocks_author":{"display_name":"Redactor","author_link":"https:\/\/pornuestrolaredo.com\/?author=1"},"magazine_blocks_comment":0,"magazine_blocks_author_image":"https:\/\/pornuestrolaredo.com\/wp-content\/litespeed\/avatar\/dca1d7ec750c399f025f23b0b314f4cf.jpg?ver=1777612120","magazine_blocks_category":"<a href=\"#\" class=\"category-link category-link-9\">El Mundo<\/a>","jetpack_publicize_connections":[],"featured_image_urls":{"full":["https:\/\/pornuestrolaredo.com\/wp-content\/uploads\/2023\/10\/Stereo91-20231017-3.jpg",850,440,false],"thumbnail":["https:\/\/pornuestrolaredo.com\/wp-content\/uploads\/2023\/10\/Stereo91-20231017-3-150x150.jpg",150,150,true],"medium":["https:\/\/pornuestrolaredo.com\/wp-content\/uploads\/2023\/10\/Stereo91-20231017-3-300x155.jpg",300,155,true],"medium_large":["https:\/\/pornuestrolaredo.com\/wp-content\/uploads\/2023\/10\/Stereo91-20231017-3-768x398.jpg",640,332,true],"large":["https:\/\/pornuestrolaredo.com\/wp-content\/uploads\/2023\/10\/Stereo91-20231017-3.jpg",640,331,false],"1536x1536":["https:\/\/pornuestrolaredo.com\/wp-content\/uploads\/2023\/10\/Stereo91-20231017-3.jpg",850,440,false],"2048x2048":["https:\/\/pornuestrolaredo.com\/wp-content\/uploads\/2023\/10\/Stereo91-20231017-3.jpg",850,440,false],"morenews-large":["https:\/\/pornuestrolaredo.com\/wp-content\/uploads\/2023\/10\/Stereo91-20231017-3.jpg",825,427,false],"morenews-medium":["https:\/\/pornuestrolaredo.com\/wp-content\/uploads\/2023\/10\/Stereo91-20231017-3.jpg",590,305,false]},"author_info":{"info":["Redactor"]},"category_info":"<a href=\"https:\/\/pornuestrolaredo.com\/?cat=9\" rel=\"category\">El Mundo<\/a>","tag_info":"El Mundo","comment_count":"0","jetpack_featured_media_url":"https:\/\/pornuestrolaredo.com\/wp-content\/uploads\/2023\/10\/Stereo91-20231017-3.jpg","jetpack_sharing_enabled":true,"_links":{"self":[{"href":"https:\/\/pornuestrolaredo.com\/index.php?rest_route=\/wp\/v2\/posts\/3285","targetHints":{"allow":["GET"]}}],"collection":[{"href":"https:\/\/pornuestrolaredo.com\/index.php?rest_route=\/wp\/v2\/posts"}],"about":[{"href":"https:\/\/pornuestrolaredo.com\/index.php?rest_route=\/wp\/v2\/types\/post"}],"author":[{"embeddable":true,"href":"https:\/\/pornuestrolaredo.com\/index.php?rest_route=\/wp\/v2\/users\/1"}],"replies":[{"embeddable":true,"href":"https:\/\/pornuestrolaredo.com\/index.php?rest_route=%2Fwp%2Fv2%2Fcomments&post=3285"}],"version-history":[{"count":2,"href":"https:\/\/pornuestrolaredo.com\/index.php?rest_route=\/wp\/v2\/posts\/3285\/revisions"}],"predecessor-version":[{"id":3288,"href":"https:\/\/pornuestrolaredo.com\/index.php?rest_route=\/wp\/v2\/posts\/3285\/revisions\/3288"}],"wp:featuredmedia":[{"embeddable":true,"href":"https:\/\/pornuestrolaredo.com\/index.php?rest_route=\/wp\/v2\/media\/3287"}],"wp:attachment":[{"href":"https:\/\/pornuestrolaredo.com\/index.php?rest_route=%2Fwp%2Fv2%2Fmedia&parent=3285"}],"wp:term":[{"taxonomy":"category","embeddable":true,"href":"https:\/\/pornuestrolaredo.com\/index.php?rest_route=%2Fwp%2Fv2%2Fcategories&post=3285"},{"taxonomy":"post_tag","embeddable":true,"href":"https:\/\/pornuestrolaredo.com\/index.php?rest_route=%2Fwp%2Fv2%2Ftags&post=3285"}],"curies":[{"name":"wp","href":"https:\/\/api.w.org\/{rel}","templated":true}]}}