{"id":3289,"date":"2023-10-17T19:31:00","date_gmt":"2023-10-17T19:31:00","guid":{"rendered":"https:\/\/pornuestrolaredo.com\/?p=3289"},"modified":"2023-10-17T19:31:00","modified_gmt":"2023-10-17T19:31:00","slug":"temen-ataque-terrorista-y-cierran-el-palacio-de-versalles","status":"publish","type":"post","link":"https:\/\/pornuestrolaredo.com\/?p=3289","title":{"rendered":"Temen ataque terrorista y cierran el Palacio de Versalles"},"content":{"rendered":"<p><strong><em>PAR\u00cdS.- <\/em><\/strong>El Palacio de Versalles, uno de los lugares tur\u00edsticos m\u00e1s visitados de Francia, fue evacuado este martes por motivos de seguridad. Es la segunda ocasi\u00f3n en cuatro d\u00edas que el complejo cierra, con el pa\u00eds en alerta por riesgo de ataques tras el asesinato de un maestro de escuela.<\/p>\n<blockquote><p>Por motivos de seguridad, el Palacio de Versalles est\u00e1 evacuando a los visitantes y cierra sus puertas hoy, martes 17 de octubre. Gracias por su comprensi\u00f3n&#8221;, indic\u00f3 la cuenta del antiguo Palacio real en X.<\/p><\/blockquote>\n<p>La publicaci\u00f3n no ofreci\u00f3 m\u00e1s detalles y la Polic\u00eda no respondi\u00f3 de inmediato a una petici\u00f3n de comentarios.<\/p>\n<p>Visitantes y empleados del Palacio y del Museo del Louvre en Par\u00eds fueron desalojados el s\u00e1bado tras amenazas de bomba, seg\u00fan la Polic\u00eda.<\/p>\n<p>Francia increment\u00f3 su nivel de alerta por terrorismo tras el ataque del pasado viernes en la escuela en la ciudad norte\u00f1a de Arras por parte de un supuesto extremista isl\u00e1mico.<\/p>\n<p>Seg\u00fan el Fiscal franc\u00e9s, el autor que mat\u00f3 a un profesor en la escuela public\u00f3 un video antes del ataque y en el que reivindic\u00f3 el grupo yihadista Estado Isl\u00e1mico.<\/p>\n<p>Jean-Fran\u00e7ois Ricard dijo que el sospechoso expres\u00f3 &#8220;su odio hacia Francia, los franceses, la democracia, y la educaci\u00f3n de la cual \u00e9l mismo se benefici\u00f3 en nuestro pa\u00eds&#8221;.<\/p>\n<p>Tras pasar 96 horas en custodia policial, el autor del crimen debe comparecer este martes ante un juez de instrucci\u00f3n de cara a su imputaci\u00f3n. Seg\u00fan una fuente policial, &#8220;no ha dado explicaciones&#8221; por el momento.<\/p>\n<p>El amplio complejo palaciego era la residencia del Rey Luis XVI antes de su decapitaci\u00f3n durante la Revoluci\u00f3n Francesa. El recinto ser\u00e1 una de las sedes de los Juegos Ol\u00edmpicos del pr\u00f3ximo a\u00f1o, que acoger\u00e1 las competencias de h\u00edpica.<\/p>\n","protected":false},"excerpt":{"rendered":"<p>Es la segunda ocasi\u00f3n en cuatro d\u00edas que el complejo cierra, con el pa\u00eds en alerta por riesgo de ataques tras el asesinato de un maestro de escuela<\/p>\n","protected":false},"author":1,"featured_media":3290,"comment_status":"closed","ping_status":"closed","sticky":false,"template":"","format":"standard","meta":{"_crdt_document":"","_jetpack_memberships_contains_paid_content":false,"footnotes":"","jetpack_publicize_message":"","jetpack_publicize_feature_enabled":true,"jetpack_social_post_already_shared":true,"jetpack_social_options":{"image_generator_settings":{"template":"highway","default_image_id":0,"font":"","enabled":false},"version":2},"_wpas_customize_per_network":false},"categories":[9],"tags":[],"class_list":["post-3289","post","type-post","status-publish","format-standard","has-post-thumbnail","hentry","category-el-mundo"],"magazineBlocksPostFeaturedMedia":{"thumbnail":"https:\/\/pornuestrolaredo.com\/wp-content\/uploads\/2023\/10\/Stereo91-20231017-4-150x150.jpg","medium":"https:\/\/pornuestrolaredo.com\/wp-content\/uploads\/2023\/10\/Stereo91-20231017-4-300x200.jpg","medium_large":"https:\/\/pornuestrolaredo.com\/wp-content\/uploads\/2023\/10\/Stereo91-20231017-4-768x512.jpg","large":"https:\/\/pornuestrolaredo.com\/wp-content\/uploads\/2023\/10\/Stereo91-20231017-4.jpg","1536x1536":"https:\/\/pornuestrolaredo.com\/wp-content\/uploads\/2023\/10\/Stereo91-20231017-4.jpg","2048x2048":"https:\/\/pornuestrolaredo.com\/wp-content\/uploads\/2023\/10\/Stereo91-20231017-4.jpg","morenews-large":"https:\/\/pornuestrolaredo.com\/wp-content\/uploads\/2023\/10\/Stereo91-20231017-4.jpg","morenews-medium":"https:\/\/pornuestrolaredo.com\/wp-content\/uploads\/2023\/10\/Stereo91-20231017-4.jpg"},"magazineBlocksPostAuthor":{"name":"Redactor","avatar":"https:\/\/pornuestrolaredo.com\/wp-content\/litespeed\/avatar\/dca1d7ec750c399f025f23b0b314f4cf.jpg?ver=1777612120"},"magazineBlocksPostCommentsNumber":false,"magazineBlocksPostExcerpt":"Es la segunda ocasi\u00f3n en cuatro d\u00edas que el complejo cierra, con el pa\u00eds en alerta por riesgo de ataques tras el asesinato de un maestro de escuela","magazineBlocksPostCategories":["El Mundo"],"magazineBlocksPostViewCount":128,"magazineBlocksPostReadTime":2,"magazine_blocks_featured_image_url":{"full":["https:\/\/pornuestrolaredo.com\/wp-content\/uploads\/2023\/10\/Stereo91-20231017-4.jpg",850,567,false],"medium":["https:\/\/pornuestrolaredo.com\/wp-content\/uploads\/2023\/10\/Stereo91-20231017-4-300x200.jpg",300,200,true],"thumbnail":["https:\/\/pornuestrolaredo.com\/wp-content\/uploads\/2023\/10\/Stereo91-20231017-4-150x150.jpg",150,150,true]},"magazine_blocks_author":{"display_name":"Redactor","author_link":"https:\/\/pornuestrolaredo.com\/?author=1"},"magazine_blocks_comment":0,"magazine_blocks_author_image":"https:\/\/pornuestrolaredo.com\/wp-content\/litespeed\/avatar\/dca1d7ec750c399f025f23b0b314f4cf.jpg?ver=1777612120","magazine_blocks_category":"<a href=\"#\" class=\"category-link category-link-9\">El Mundo<\/a>","jetpack_publicize_connections":[],"featured_image_urls":{"full":["https:\/\/pornuestrolaredo.com\/wp-content\/uploads\/2023\/10\/Stereo91-20231017-4.jpg",850,567,false],"thumbnail":["https:\/\/pornuestrolaredo.com\/wp-content\/uploads\/2023\/10\/Stereo91-20231017-4-150x150.jpg",150,150,true],"medium":["https:\/\/pornuestrolaredo.com\/wp-content\/uploads\/2023\/10\/Stereo91-20231017-4-300x200.jpg",300,200,true],"medium_large":["https:\/\/pornuestrolaredo.com\/wp-content\/uploads\/2023\/10\/Stereo91-20231017-4-768x512.jpg",640,427,true],"large":["https:\/\/pornuestrolaredo.com\/wp-content\/uploads\/2023\/10\/Stereo91-20231017-4.jpg",640,427,false],"1536x1536":["https:\/\/pornuestrolaredo.com\/wp-content\/uploads\/2023\/10\/Stereo91-20231017-4.jpg",850,567,false],"2048x2048":["https:\/\/pornuestrolaredo.com\/wp-content\/uploads\/2023\/10\/Stereo91-20231017-4.jpg",850,567,false],"morenews-large":["https:\/\/pornuestrolaredo.com\/wp-content\/uploads\/2023\/10\/Stereo91-20231017-4.jpg",825,550,false],"morenews-medium":["https:\/\/pornuestrolaredo.com\/wp-content\/uploads\/2023\/10\/Stereo91-20231017-4.jpg",590,394,false]},"author_info":{"info":["Redactor"]},"category_info":"<a href=\"https:\/\/pornuestrolaredo.com\/?cat=9\" rel=\"category\">El Mundo<\/a>","tag_info":"El Mundo","comment_count":"0","jetpack_featured_media_url":"https:\/\/pornuestrolaredo.com\/wp-content\/uploads\/2023\/10\/Stereo91-20231017-4.jpg","jetpack_sharing_enabled":true,"_links":{"self":[{"href":"https:\/\/pornuestrolaredo.com\/index.php?rest_route=\/wp\/v2\/posts\/3289","targetHints":{"allow":["GET"]}}],"collection":[{"href":"https:\/\/pornuestrolaredo.com\/index.php?rest_route=\/wp\/v2\/posts"}],"about":[{"href":"https:\/\/pornuestrolaredo.com\/index.php?rest_route=\/wp\/v2\/types\/post"}],"author":[{"embeddable":true,"href":"https:\/\/pornuestrolaredo.com\/index.php?rest_route=\/wp\/v2\/users\/1"}],"replies":[{"embeddable":true,"href":"https:\/\/pornuestrolaredo.com\/index.php?rest_route=%2Fwp%2Fv2%2Fcomments&post=3289"}],"version-history":[{"count":1,"href":"https:\/\/pornuestrolaredo.com\/index.php?rest_route=\/wp\/v2\/posts\/3289\/revisions"}],"predecessor-version":[{"id":3291,"href":"https:\/\/pornuestrolaredo.com\/index.php?rest_route=\/wp\/v2\/posts\/3289\/revisions\/3291"}],"wp:featuredmedia":[{"embeddable":true,"href":"https:\/\/pornuestrolaredo.com\/index.php?rest_route=\/wp\/v2\/media\/3290"}],"wp:attachment":[{"href":"https:\/\/pornuestrolaredo.com\/index.php?rest_route=%2Fwp%2Fv2%2Fmedia&parent=3289"}],"wp:term":[{"taxonomy":"category","embeddable":true,"href":"https:\/\/pornuestrolaredo.com\/index.php?rest_route=%2Fwp%2Fv2%2Fcategories&post=3289"},{"taxonomy":"post_tag","embeddable":true,"href":"https:\/\/pornuestrolaredo.com\/index.php?rest_route=%2Fwp%2Fv2%2Ftags&post=3289"}],"curies":[{"name":"wp","href":"https:\/\/api.w.org\/{rel}","templated":true}]}}