{"id":3298,"date":"2023-10-21T01:15:35","date_gmt":"2023-10-21T01:15:35","guid":{"rendered":"https:\/\/pornuestrolaredo.com\/?p=3298"},"modified":"2023-10-21T01:15:35","modified_gmt":"2023-10-21T01:15:35","slug":"reconoce-gobierno-de-nld-trayectoria-de-eduardo-garza","status":"publish","type":"post","link":"https:\/\/pornuestrolaredo.com\/?p=3298","title":{"rendered":"Reconoce Gobierno de NLD trayectoria de Eduardo Garza"},"content":{"rendered":"<p><strong><em>NUEVO LAREDO.-<\/em><\/strong> En reconocimiento a su trayectoria y contribuci\u00f3n al desarrollo econ\u00f3mico, social y cultural de Nuevo Laredo, el cabildo de la ciudad otorg\u00f3 un reconocimiento al empresario local Eduardo Garza Robles, quien adem\u00e1s se ha destacado como promotor de las relaciones binacionales entre M\u00e9xico y Estados Unidos.<\/p>\n<p>La alcaldesa Carmen Lilia Canturosas Villarreal, quien entreg\u00f3 el distintivo a Garza Robles, dio lectura a una semblanza del agente aduanal en la que se dio a conocer su trayectoria acad\u00e9mica, incursi\u00f3n en el sector aduanero y la fundaci\u00f3n de su empresa \u201cUni-Trade\u201d.<\/p>\n<blockquote><p>Hoy condecoramos a un orgullo neolaredense, alguien que ha tenido visi\u00f3n y capacidad para poner a Nuevo Laredo en el mapa y que ha sido reconocido no solo a nivel local, sino tambi\u00e9n por organismos nacionales e internacionales. Este reconocimiento es por su compromiso para fortalecer la colaboraci\u00f3n binacional entre M\u00e9xico y Estados Unidos, sobre todo, hacer m\u00e1s grande y m\u00e1s fuerte nuestro municipio\u201d, recalc\u00f3.<\/p><\/blockquote>\n<p>Se\u00f1al\u00f3 que gracias a su alto sentido de solidaridad, ha permitido en un par de ocasiones abrir por primera vez en la historia las puertas de una de las construcciones m\u00e1s ic\u00f3nicas de Nuevo Laredo, \u201cLa Casa Longoria\u201d; donde se ha dado la oportunidad a los ciudadanos de disfrutar eventos culturales.<\/p>\n<p>Garza Robles agradeci\u00f3 al Cabildo la entrega de este reconocimiento y asegur\u00f3 que trabajar\u00e1 para impulsar el desarrollo econ\u00f3mico de Nuevo Laredo hacia el siguiente nivel.<\/p>\n<blockquote><p>Soy orgullosamente neolaredense; aqu\u00ed somos la capital del comercio internacional y sobre todo con este apoyo que nos da la presidenta municipal, por eso las agrupaciones log\u00edstica estamos con ella y vamos por m\u00e1s crecimiento\u201d, apunt\u00f3.<\/p><\/blockquote>\n<p>Eduardo Garza Robles, a finales de 1980 inici\u00f3 su trayectoria aduanal con la empresa Uni-Trade, la cual ha estado en funcionamiento desde hace m\u00e1s de tres d\u00e9cadas y ahora cuenta con 700 colaboradores.<\/p>\n<p>Uni-Trade se ha posicionado como l\u00edder nacional de log\u00edstica, transportaci\u00f3n, comercio exterior y servicios aduanales con 18 oficinas en las principales ciudades de M\u00e9xico y Estados Unidos. Adem\u00e1s, la empresa cuenta con presencia a nivel global mediante alianzas con socios estrat\u00e9gicos en m\u00e1s de 50 pa\u00edses de Asia, Europa y Sudam\u00e9rica.<\/p>\n<p>Recientemente fue condecorado por Laredo, Texas, otorg\u00e1ndole las llaves de la ciudad, as\u00ed mismo, fue condecorado en el Estado de Jalisco con la medalla al M\u00e9rito Industrial, el m\u00e1ximo galard\u00f3n que el Consejo de C\u00e1maras Industriales otorga.<\/p>\n","protected":false},"excerpt":{"rendered":"<p>Es un destacado promotor de las relaciones binacionales entre M\u00e9xico y Estados Unidos<\/p>\n","protected":false},"author":1,"featured_media":3299,"comment_status":"closed","ping_status":"closed","sticky":false,"template":"","format":"standard","meta":{"_crdt_document":"","_jetpack_memberships_contains_paid_content":false,"footnotes":"","jetpack_publicize_message":"","jetpack_publicize_feature_enabled":true,"jetpack_social_post_already_shared":true,"jetpack_social_options":{"image_generator_settings":{"template":"highway","default_image_id":0,"font":"","enabled":false},"version":2},"_wpas_customize_per_network":false},"categories":[4],"tags":[],"class_list":["post-3298","post","type-post","status-publish","format-standard","has-post-thumbnail","hentry","category-los-dos-laredos"],"magazineBlocksPostFeaturedMedia":{"thumbnail":"https:\/\/pornuestrolaredo.com\/wp-content\/uploads\/2023\/10\/WhatsApp-Image-2023-10-20-at-5.02.27-PM-150x150.jpeg","medium":"https:\/\/pornuestrolaredo.com\/wp-content\/uploads\/2023\/10\/WhatsApp-Image-2023-10-20-at-5.02.27-PM-300x200.jpeg","medium_large":"https:\/\/pornuestrolaredo.com\/wp-content\/uploads\/2023\/10\/WhatsApp-Image-2023-10-20-at-5.02.27-PM-768x512.jpeg","large":"https:\/\/pornuestrolaredo.com\/wp-content\/uploads\/2023\/10\/WhatsApp-Image-2023-10-20-at-5.02.27-PM-1000x666.jpeg","1536x1536":"https:\/\/pornuestrolaredo.com\/wp-content\/uploads\/2023\/10\/WhatsApp-Image-2023-10-20-at-5.02.27-PM.jpeg","2048x2048":"https:\/\/pornuestrolaredo.com\/wp-content\/uploads\/2023\/10\/WhatsApp-Image-2023-10-20-at-5.02.27-PM.jpeg","morenews-large":"https:\/\/pornuestrolaredo.com\/wp-content\/uploads\/2023\/10\/WhatsApp-Image-2023-10-20-at-5.02.27-PM.jpeg","morenews-medium":"https:\/\/pornuestrolaredo.com\/wp-content\/uploads\/2023\/10\/WhatsApp-Image-2023-10-20-at-5.02.27-PM.jpeg"},"magazineBlocksPostAuthor":{"name":"Redactor","avatar":"https:\/\/pornuestrolaredo.com\/wp-content\/litespeed\/avatar\/dca1d7ec750c399f025f23b0b314f4cf.jpg?ver=1777612120"},"magazineBlocksPostCommentsNumber":false,"magazineBlocksPostExcerpt":"Es un destacado promotor de las relaciones binacionales entre M\u00e9xico y Estados Unidos","magazineBlocksPostCategories":["Los dos Laredos"],"magazineBlocksPostViewCount":156,"magazineBlocksPostReadTime":3,"magazine_blocks_featured_image_url":{"full":["https:\/\/pornuestrolaredo.com\/wp-content\/uploads\/2023\/10\/WhatsApp-Image-2023-10-20-at-5.02.27-PM.jpeg",1280,853,false],"medium":["https:\/\/pornuestrolaredo.com\/wp-content\/uploads\/2023\/10\/WhatsApp-Image-2023-10-20-at-5.02.27-PM-300x200.jpeg",300,200,true],"thumbnail":["https:\/\/pornuestrolaredo.com\/wp-content\/uploads\/2023\/10\/WhatsApp-Image-2023-10-20-at-5.02.27-PM-150x150.jpeg",150,150,true]},"magazine_blocks_author":{"display_name":"Redactor","author_link":"https:\/\/pornuestrolaredo.com\/?author=1"},"magazine_blocks_comment":0,"magazine_blocks_author_image":"https:\/\/pornuestrolaredo.com\/wp-content\/litespeed\/avatar\/dca1d7ec750c399f025f23b0b314f4cf.jpg?ver=1777612120","magazine_blocks_category":"<a href=\"#\" class=\"category-link category-link-4\">Los dos Laredos<\/a>","jetpack_publicize_connections":[],"featured_image_urls":{"full":["https:\/\/pornuestrolaredo.com\/wp-content\/uploads\/2023\/10\/WhatsApp-Image-2023-10-20-at-5.02.27-PM.jpeg",1280,853,false],"thumbnail":["https:\/\/pornuestrolaredo.com\/wp-content\/uploads\/2023\/10\/WhatsApp-Image-2023-10-20-at-5.02.27-PM-150x150.jpeg",150,150,true],"medium":["https:\/\/pornuestrolaredo.com\/wp-content\/uploads\/2023\/10\/WhatsApp-Image-2023-10-20-at-5.02.27-PM-300x200.jpeg",300,200,true],"medium_large":["https:\/\/pornuestrolaredo.com\/wp-content\/uploads\/2023\/10\/WhatsApp-Image-2023-10-20-at-5.02.27-PM-768x512.jpeg",640,427,true],"large":["https:\/\/pornuestrolaredo.com\/wp-content\/uploads\/2023\/10\/WhatsApp-Image-2023-10-20-at-5.02.27-PM-1000x666.jpeg",640,426,true],"1536x1536":["https:\/\/pornuestrolaredo.com\/wp-content\/uploads\/2023\/10\/WhatsApp-Image-2023-10-20-at-5.02.27-PM.jpeg",1280,853,false],"2048x2048":["https:\/\/pornuestrolaredo.com\/wp-content\/uploads\/2023\/10\/WhatsApp-Image-2023-10-20-at-5.02.27-PM.jpeg",1280,853,false],"morenews-large":["https:\/\/pornuestrolaredo.com\/wp-content\/uploads\/2023\/10\/WhatsApp-Image-2023-10-20-at-5.02.27-PM.jpeg",825,550,false],"morenews-medium":["https:\/\/pornuestrolaredo.com\/wp-content\/uploads\/2023\/10\/WhatsApp-Image-2023-10-20-at-5.02.27-PM.jpeg",590,393,false]},"author_info":{"info":["Redactor"]},"category_info":"<a href=\"https:\/\/pornuestrolaredo.com\/?cat=4\" rel=\"category\">Los dos Laredos<\/a>","tag_info":"Los dos Laredos","comment_count":"0","jetpack_featured_media_url":"https:\/\/pornuestrolaredo.com\/wp-content\/uploads\/2023\/10\/WhatsApp-Image-2023-10-20-at-5.02.27-PM.jpeg","jetpack_sharing_enabled":true,"_links":{"self":[{"href":"https:\/\/pornuestrolaredo.com\/index.php?rest_route=\/wp\/v2\/posts\/3298","targetHints":{"allow":["GET"]}}],"collection":[{"href":"https:\/\/pornuestrolaredo.com\/index.php?rest_route=\/wp\/v2\/posts"}],"about":[{"href":"https:\/\/pornuestrolaredo.com\/index.php?rest_route=\/wp\/v2\/types\/post"}],"author":[{"embeddable":true,"href":"https:\/\/pornuestrolaredo.com\/index.php?rest_route=\/wp\/v2\/users\/1"}],"replies":[{"embeddable":true,"href":"https:\/\/pornuestrolaredo.com\/index.php?rest_route=%2Fwp%2Fv2%2Fcomments&post=3298"}],"version-history":[{"count":1,"href":"https:\/\/pornuestrolaredo.com\/index.php?rest_route=\/wp\/v2\/posts\/3298\/revisions"}],"predecessor-version":[{"id":3300,"href":"https:\/\/pornuestrolaredo.com\/index.php?rest_route=\/wp\/v2\/posts\/3298\/revisions\/3300"}],"wp:featuredmedia":[{"embeddable":true,"href":"https:\/\/pornuestrolaredo.com\/index.php?rest_route=\/wp\/v2\/media\/3299"}],"wp:attachment":[{"href":"https:\/\/pornuestrolaredo.com\/index.php?rest_route=%2Fwp%2Fv2%2Fmedia&parent=3298"}],"wp:term":[{"taxonomy":"category","embeddable":true,"href":"https:\/\/pornuestrolaredo.com\/index.php?rest_route=%2Fwp%2Fv2%2Fcategories&post=3298"},{"taxonomy":"post_tag","embeddable":true,"href":"https:\/\/pornuestrolaredo.com\/index.php?rest_route=%2Fwp%2Fv2%2Ftags&post=3298"}],"curies":[{"name":"wp","href":"https:\/\/api.w.org\/{rel}","templated":true}]}}