{"id":3307,"date":"2023-10-23T18:26:23","date_gmt":"2023-10-23T18:26:23","guid":{"rendered":"https:\/\/pornuestrolaredo.com\/?p=3307"},"modified":"2023-10-23T18:26:23","modified_gmt":"2023-10-23T18:26:23","slug":"buscan-abaratar-los-boletos-de-avion-en-mexico","status":"publish","type":"post","link":"https:\/\/pornuestrolaredo.com\/?p=3307","title":{"rendered":"Buscan abaratar los boletos de avi\u00f3n en M\u00e9xico"},"content":{"rendered":"<p><strong>CIUDAD DE M\u00c9XICO.-<\/strong> M\u00e9xico busca reducir los costos de los boletos de avi\u00f3n hasta en 12 por ciento, luego de la modificaci\u00f3n de la estructura de tarifas para los operadores aeroportuarios.<\/p>\n<p>El Gobierno estima reducciones de costos de entre 9 y 12 por ciento, dijo Miguel Vall\u00edn, director de la Agencia Federal de Aviaci\u00f3n Civil (AFAC), en la conferencia ALTA Airline Leaders Forum. La reducci\u00f3n se producir\u00e1 a partir de enero.<\/p>\n<blockquote><p>Los vuelos se reducir\u00e1n en un porcentaje decente&#8221;, dijo.<\/p><\/blockquote>\n<p>M\u00e9xico sorprendi\u00f3 a los inversionistas a principios de este mes al cambiar los t\u00e9rminos de las contribuciones que los operadores aeroportuarios pagan al Gobierno.<\/p>\n<p>El anuncio sacudi\u00f3 a los mercados, y las acciones de los operadores aeroportuarios cayeron hasta 44 por ciento, en medio de preocupaciones de extralimitaci\u00f3n por parte del presidente Andr\u00e9s Manuel L\u00f3pez Obrador.<\/p>\n<p>El jueves, los operadores llegaron a un acuerdo con el Gobierno para pagarle el 9 por ciento de los ingresos brutos, frente al 5 por ciento actual, aunque a\u00fan no est\u00e1 claro c\u00f3mo se ver\u00e1n afectados los consumidores.<\/p>\n<blockquote><p>La reducci\u00f3n de las tarifas tambi\u00e9n reducir\u00e1 los costos. Esto representa una reducci\u00f3n de beneficios para los grupos aeroportuarios.Pero no es tan dr\u00e1stico como algunos quieren que parezca, m\u00e1s bien es un reordenamiento de c\u00f3mo deben ser las tarifas en funci\u00f3n del crecimiento y las posibilidades de los usuarios de pagar el servicio&#8221;, dijo Vall\u00edn.<\/p><\/blockquote>\n<p>El Gobierno a\u00fan est\u00e1 en conversaciones con los grupos aeroportuarios sobre tarifas para que los usuarios finales vean precios m\u00e1s bajos, dijo este lunes en la misma conferencia el subsecretario de Transportes y Comunicaciones, Rogelio Jim\u00e9nez Pons.<\/p>\n<p>Los pasajeros pagan una tasa de uso del aeropuerto como parte de su billete de avi\u00f3n, conocida como TUA.<\/p>\n<p>Anteriormente, las tarifas se revisaban cada cinco a\u00f1os, pero ahora el Gobierno pretende que eso suceda anualmente, a\u00f1adi\u00f3 Vallin. Las revisiones de los planes de inversi\u00f3n de los operadores aeroportuarios seguir\u00e1n realiz\u00e1ndose cada cinco a\u00f1os.<\/p>\n","protected":false},"excerpt":{"rendered":"<p>Creen que podr\u00eda reducirse hasta 12 por ciento con la modificaci\u00f3n de la estructura de tarifas para los operadores aeroportuarios<\/p>\n","protected":false},"author":1,"featured_media":3308,"comment_status":"closed","ping_status":"closed","sticky":false,"template":"","format":"standard","meta":{"_crdt_document":"","_jetpack_memberships_contains_paid_content":false,"footnotes":"","jetpack_publicize_message":"","jetpack_publicize_feature_enabled":true,"jetpack_social_post_already_shared":true,"jetpack_social_options":{"image_generator_settings":{"template":"highway","default_image_id":0,"font":"","enabled":false},"version":2},"_wpas_customize_per_network":false},"categories":[33],"tags":[],"class_list":["post-3307","post","type-post","status-publish","format-standard","has-post-thumbnail","hentry","category-mexico"],"magazineBlocksPostFeaturedMedia":{"thumbnail":"https:\/\/pornuestrolaredo.com\/wp-content\/uploads\/2023\/10\/Stereo91-20231023-6png-150x150.jpg","medium":"https:\/\/pornuestrolaredo.com\/wp-content\/uploads\/2023\/10\/Stereo91-20231023-6png-300x200.jpg","medium_large":"https:\/\/pornuestrolaredo.com\/wp-content\/uploads\/2023\/10\/Stereo91-20231023-6png-768x512.jpg","large":"https:\/\/pornuestrolaredo.com\/wp-content\/uploads\/2023\/10\/Stereo91-20231023-6png.jpg","1536x1536":"https:\/\/pornuestrolaredo.com\/wp-content\/uploads\/2023\/10\/Stereo91-20231023-6png.jpg","2048x2048":"https:\/\/pornuestrolaredo.com\/wp-content\/uploads\/2023\/10\/Stereo91-20231023-6png.jpg","morenews-large":"https:\/\/pornuestrolaredo.com\/wp-content\/uploads\/2023\/10\/Stereo91-20231023-6png.jpg","morenews-medium":"https:\/\/pornuestrolaredo.com\/wp-content\/uploads\/2023\/10\/Stereo91-20231023-6png.jpg"},"magazineBlocksPostAuthor":{"name":"Redactor","avatar":"https:\/\/pornuestrolaredo.com\/wp-content\/litespeed\/avatar\/dca1d7ec750c399f025f23b0b314f4cf.jpg?ver=1777612120"},"magazineBlocksPostCommentsNumber":false,"magazineBlocksPostExcerpt":"Creen que podr\u00eda reducirse hasta 12 por ciento con la modificaci\u00f3n de la estructura de tarifas para los operadores aeroportuarios","magazineBlocksPostCategories":["Mexico"],"magazineBlocksPostViewCount":137,"magazineBlocksPostReadTime":2,"magazine_blocks_featured_image_url":{"full":["https:\/\/pornuestrolaredo.com\/wp-content\/uploads\/2023\/10\/Stereo91-20231023-6png.jpg",960,640,false],"medium":["https:\/\/pornuestrolaredo.com\/wp-content\/uploads\/2023\/10\/Stereo91-20231023-6png-300x200.jpg",300,200,true],"thumbnail":["https:\/\/pornuestrolaredo.com\/wp-content\/uploads\/2023\/10\/Stereo91-20231023-6png-150x150.jpg",150,150,true]},"magazine_blocks_author":{"display_name":"Redactor","author_link":"https:\/\/pornuestrolaredo.com\/?author=1"},"magazine_blocks_comment":0,"magazine_blocks_author_image":"https:\/\/pornuestrolaredo.com\/wp-content\/litespeed\/avatar\/dca1d7ec750c399f025f23b0b314f4cf.jpg?ver=1777612120","magazine_blocks_category":"<a href=\"#\" class=\"category-link category-link-33\">Mexico<\/a>","jetpack_publicize_connections":[],"featured_image_urls":{"full":["https:\/\/pornuestrolaredo.com\/wp-content\/uploads\/2023\/10\/Stereo91-20231023-6png.jpg",960,640,false],"thumbnail":["https:\/\/pornuestrolaredo.com\/wp-content\/uploads\/2023\/10\/Stereo91-20231023-6png-150x150.jpg",150,150,true],"medium":["https:\/\/pornuestrolaredo.com\/wp-content\/uploads\/2023\/10\/Stereo91-20231023-6png-300x200.jpg",300,200,true],"medium_large":["https:\/\/pornuestrolaredo.com\/wp-content\/uploads\/2023\/10\/Stereo91-20231023-6png-768x512.jpg",640,427,true],"large":["https:\/\/pornuestrolaredo.com\/wp-content\/uploads\/2023\/10\/Stereo91-20231023-6png.jpg",640,427,false],"1536x1536":["https:\/\/pornuestrolaredo.com\/wp-content\/uploads\/2023\/10\/Stereo91-20231023-6png.jpg",960,640,false],"2048x2048":["https:\/\/pornuestrolaredo.com\/wp-content\/uploads\/2023\/10\/Stereo91-20231023-6png.jpg",960,640,false],"morenews-large":["https:\/\/pornuestrolaredo.com\/wp-content\/uploads\/2023\/10\/Stereo91-20231023-6png.jpg",825,550,false],"morenews-medium":["https:\/\/pornuestrolaredo.com\/wp-content\/uploads\/2023\/10\/Stereo91-20231023-6png.jpg",590,393,false]},"author_info":{"info":["Redactor"]},"category_info":"<a href=\"https:\/\/pornuestrolaredo.com\/?cat=33\" rel=\"category\">Mexico<\/a>","tag_info":"Mexico","comment_count":"0","jetpack_featured_media_url":"https:\/\/pornuestrolaredo.com\/wp-content\/uploads\/2023\/10\/Stereo91-20231023-6png.jpg","jetpack_sharing_enabled":true,"_links":{"self":[{"href":"https:\/\/pornuestrolaredo.com\/index.php?rest_route=\/wp\/v2\/posts\/3307","targetHints":{"allow":["GET"]}}],"collection":[{"href":"https:\/\/pornuestrolaredo.com\/index.php?rest_route=\/wp\/v2\/posts"}],"about":[{"href":"https:\/\/pornuestrolaredo.com\/index.php?rest_route=\/wp\/v2\/types\/post"}],"author":[{"embeddable":true,"href":"https:\/\/pornuestrolaredo.com\/index.php?rest_route=\/wp\/v2\/users\/1"}],"replies":[{"embeddable":true,"href":"https:\/\/pornuestrolaredo.com\/index.php?rest_route=%2Fwp%2Fv2%2Fcomments&post=3307"}],"version-history":[{"count":1,"href":"https:\/\/pornuestrolaredo.com\/index.php?rest_route=\/wp\/v2\/posts\/3307\/revisions"}],"predecessor-version":[{"id":3309,"href":"https:\/\/pornuestrolaredo.com\/index.php?rest_route=\/wp\/v2\/posts\/3307\/revisions\/3309"}],"wp:featuredmedia":[{"embeddable":true,"href":"https:\/\/pornuestrolaredo.com\/index.php?rest_route=\/wp\/v2\/media\/3308"}],"wp:attachment":[{"href":"https:\/\/pornuestrolaredo.com\/index.php?rest_route=%2Fwp%2Fv2%2Fmedia&parent=3307"}],"wp:term":[{"taxonomy":"category","embeddable":true,"href":"https:\/\/pornuestrolaredo.com\/index.php?rest_route=%2Fwp%2Fv2%2Fcategories&post=3307"},{"taxonomy":"post_tag","embeddable":true,"href":"https:\/\/pornuestrolaredo.com\/index.php?rest_route=%2Fwp%2Fv2%2Ftags&post=3307"}],"curies":[{"name":"wp","href":"https:\/\/api.w.org\/{rel}","templated":true}]}}